{"id":656008,"date":"2023-11-14T11:41:15","date_gmt":"2023-11-14T07:41:15","guid":{"rendered":"https:\/\/arantv.az\/?p=656008"},"modified":"2023-11-14T11:41:15","modified_gmt":"2023-11-14T07:41:15","slug":"r%c9%99smi-bakidan-jozep-borrel%c9%99-cavab","status":"publish","type":"post","link":"https:\/\/arantv.az\/?p=656008","title":{"rendered":"R\u0259smi Bak\u0131dan Jozep Borrel\u0259 CAVAB"},"content":{"rendered":"<p>\u201c13 noyabr 2023-c\u00fc il tarixind\u0259 Avropa \u0130ttifaq\u0131n\u0131n (A\u0130) xarici i\u015fl\u0259r v\u0259 t\u0259hl\u00fck\u0259sizlik siyas\u0259ti \u00fczr\u0259 ali n\u00fcmay\u0259nd\u0259si Jozep Borrel t\u0259r\u0259find\u0259n Br\u00fcsseld\u0259 Xarici \u018flaq\u0259l\u0259r \u015euras\u0131n\u0131n iclas\u0131ndan sonra ke\u00e7iril\u0259n m\u0259tbuat konfrans\u0131nda Az\u0259rbaycan \u0259leyhin\u0259 s\u0259sl\u0259ndirilmi\u015f, regiondak\u0131 reall\u0131qlar\u0131 q\u0259sd\u0259n t\u0259hrif ed\u0259n ittihamlar tamamil\u0259 qeyri-adekvat v\u0259 q\u0259buledilm\u0259zdir\u201d.<\/p>\n<p>Bu bar\u0259d\u0259 Az\u0259rbaycan Xarici \u0130\u015fl\u0259r Nazirliyinin (X\u0130N) yayd\u0131\u011f\u0131 m\u0259lumatda bildirilib.<\/p>\n<p>Qeyd edilib ki, Avropa \u0130ttifaq\u0131n\u0131n 30 il\u0259 yax\u0131n m\u00fcdd\u0259td\u0259 \u00f6lk\u0259mizin suveren \u0259razil\u0259rinin Erm\u0259nistan t\u0259r\u0259find\u0259n h\u0259rbi t\u0259cav\u00fcz\u0259 m\u0259ruz qalmas\u0131na bigan\u0259 yana\u015fmas\u0131, az\u0259rbaycanl\u0131lara qar\u015f\u0131 etnik t\u0259mizl\u0259m\u0259 siyas\u0259ti v\u0259 insanl\u0131q \u0259leyhin\u0259 cinay\u0259tl\u0259ri, bir milyondan \u00e7ox az\u0259rbaycanl\u0131n\u0131n m\u0259cburi k\u00f6\u00e7k\u00fcn v\u0259 qa\u00e7q\u0131n v\u0259ziyy\u0259tin\u0259 d\u00fc\u015fm\u0259si fakt\u0131n\u0131 q\u0131namaqdan \u00e7\u0259kinm\u0259si fonunda, Erm\u0259nistana ifad\u0259 olunan d\u0259st\u0259k v\u0259 Az\u0259rbaycana qar\u015f\u0131 t\u0259hdid dolu ifad\u0259l\u0259r bu qurumun q\u0259r\u0259zli siyas\u0259tinin v\u0259 ikili standartlar\u0131n\u0131n bariz n\u00fcmun\u0259sidir:<\/p>\n<p>\u201cA\u0130 Xarici F\u0259aliyy\u0259t Xidm\u0259tinin bu v\u0259 dig\u0259r b\u00f6lg\u0259l\u0259rd\u0259 s\u0259rgil\u0259diyi riyakar yana\u015fmalardan da g\u00f6r\u00fcnd\u00fcy\u00fc kimi, bu qurum yanl\u0131\u015f add\u0131mlar\u0131n qurban\u0131na \u00e7evrilib.<\/p>\n<p>Bununla yana\u015f\u0131, Erm\u0259nistan\u0131 beyn\u0259lxalq h\u00fcququn norma v\u0259 prinsipl\u0259rin\u0259 uy\u011fun h\u0259r\u0259k\u0259t etm\u0259y\u0259 t\u0259\u015fviq etm\u0259k \u00fc\u00e7\u00fcn he\u00e7 bir add\u0131m atmayan A\u0130-nin n\u00fcmay\u0259nd\u0259sinin s\u0259sl\u0259ndirdiyi ittihamlar Az\u0259rbaycan\u0131n \u0259razi b\u00fct\u00f6vl\u00fcy\u00fc v\u0259 suverenliyin\u0259 qar\u015f\u0131 t\u0259hdiddir.<\/p>\n<p>Bir daha xat\u0131rlad\u0131r\u0131q ki, ist\u0259r 44 g\u00fcnl\u00fck V\u0259t\u0259n m\u00fcharib\u0259si, ist\u0259rs\u0259 d\u0259 cari ilin sentyabr ay\u0131nda 24 saatl\u0131q antiterror t\u0259dbirl\u0259ri \u00f6lk\u0259mizin suveren \u0259razil\u0259rind\u0259 h\u0259yata ke\u00e7irilib. Az\u0259rbaycan beyn\u0259lxalq h\u00fcququn norma v\u0259 prinsipl\u0259ri \u00e7\u0259r\u00e7iv\u0259sind\u0259 legitim \u00fcsullarla \u00f6z suverenliyini b\u0259rpa edib.<\/p>\n<p>A\u0130-y\u0259 \u00fczv \u00f6lk\u0259l\u0259r aqressiv separatizm meyill\u0259rind\u0259n \u0259ziyy\u0259t \u00e7\u0259kdiyi halda, Az\u0259rbaycan\u0131n \u00f6z suveren \u0259razil\u0259rind\u0259 m\u00f6vcud t\u0259hdidl\u0259r\u0259 qar\u015f\u0131 haql\u0131 m\u00fcbariz\u0259sin\u0259 m\u00fcnasib\u0259td\u0259 A\u0130-nin xarici siyas\u0259t qurumunun \u00f6lk\u0259mizin \u0259razisind\u0259 separatizmi q\u0131z\u0131\u015fd\u0131rmas\u0131 c\u0259hdl\u0259ri ciddi narahatl\u0131q m\u0259nb\u0259yidir\u201d.<\/p>\n<p>\u201cA\u0130 t\u0259r\u0259finin Erm\u0259nistan\u0131 silahland\u0131rmaq v\u0259 bununla b\u00f6lg\u0259mizd\u0259 s\u00fclh v\u0259 sabitliy\u0259 mane olan m\u0259krli h\u0259rbil\u0259\u015fm\u0259 siyas\u0259tini d\u0259st\u0259kl\u0259m\u0259k s\u0259yl\u0259ri b\u00f6lg\u0259mizd\u0259 yeni qar\u015f\u0131durmalara s\u00fcr\u00fckl\u0259y\u0259n siyas\u0259tin t\u0259\u015fviq olunmas\u0131d\u0131r v\u0259 bunun m\u0259suliyy\u0259ti eyni zamanda A\u0130-nin \u00fcz\u0259rin\u0259 d\u00fc\u015f\u00fcr. Bu m\u0259qs\u0259dl\u0259, dig\u0259r sah\u0259l\u0259rl\u0259 yana\u015f\u0131, h\u0259rbi potensial\u0131n g\u00fccl\u0259ndirilm\u0259sini n\u0259z\u0259rd\u0259 tutan Avropa S\u00fclh T\u0259\u015f\u0259bb\u00fcs\u00fcnd\u0259n istifad\u0259 edilm\u0259si planlar\u0131 b\u00f6lg\u0259d\u0259 g\u0259rginliyin artmas\u0131na xidm\u0259t edir.<\/p>\n<p>Bir daha xat\u0131rlad\u0131r\u0131q ki, Az\u0259rbaycanla t\u0259hdid dili il\u0259 dan\u0131\u015fmaq q\u0259buledilm\u0259zdir v\u0259 h\u0259r hans\u0131 qeyri-dost h\u0259r\u0259k\u0259t m\u00fcsb\u0259t n\u0259tic\u0259l\u0259nm\u0259m\u0259kl\u0259 yana\u015f\u0131, adekvat \u015f\u0259kild\u0259 cavabland\u0131r\u0131lacaq\u201d, &#8211; X\u0130N-in b\u0259yanat\u0131nda deyilir.<\/p>\n","protected":false},"excerpt":{"rendered":"<p>\u201c13 noyabr 2023-c\u00fc il tarixind\u0259 Avropa \u0130ttifaq\u0131n\u0131n (A\u0130) xarici i\u015fl\u0259r v\u0259 t\u0259hl\u00fck\u0259sizlik siyas\u0259ti \u00fczr\u0259 ali n\u00fcmay\u0259nd\u0259si Jozep Borrel t\u0259r\u0259find\u0259n Br\u00fcsseld\u0259 Xarici \u018flaq\u0259l\u0259r \u015euras\u0131n\u0131n iclas\u0131ndan sonra ke\u00e7iril\u0259n m\u0259tbuat konfrans\u0131nda Az\u0259rbaycan \u0259leyhin\u0259 s\u0259sl\u0259ndirilmi\u015f, regiondak\u0131 reall\u0131qlar\u0131 q\u0259sd\u0259n t\u0259hrif ed\u0259n ittihamlar tamamil\u0259 qeyri-adekvat v\u0259 q\u0259buledilm\u0259zdir\u201d. Bu bar\u0259d\u0259 Az\u0259rbaycan Xarici \u0130\u015fl\u0259r Nazirliyinin (X\u0130N) yayd\u0131\u011f\u0131 m\u0259lumatda bildirilib. Qeyd edilib ki, Avropa \u0130ttifaq\u0131n\u0131n 30 il\u0259 yax\u0131n m\u00fcdd\u0259td\u0259 \u00f6lk\u0259mizin suveren \u0259razil\u0259rinin Erm\u0259nistan t\u0259r\u0259find\u0259n h\u0259rbi t\u0259cav\u00fcz\u0259 m\u0259ruz qalmas\u0131na bigan\u0259 yana\u015fmas\u0131, az\u0259rbaycanl\u0131lara qar\u015f\u0131 etnik t\u0259mizl\u0259m\u0259 siyas\u0259ti v\u0259 insanl\u0131q \u0259leyhin\u0259 cinay\u0259tl\u0259ri, bir milyondan \u00e7ox az\u0259rbaycanl\u0131n\u0131n m\u0259cburi k\u00f6\u00e7k\u00fcn v\u0259 qa\u00e7q\u0131n v\u0259ziyy\u0259tin\u0259 d\u00fc\u015fm\u0259si&hellip;<\/p>\n","protected":false},"author":2,"featured_media":650483,"comment_status":"closed","ping_status":"closed","sticky":false,"template":"","format":"standard","meta":{"om_disable_all_campaigns":false,"_monsterinsights_skip_tracking":false,"_monsterinsights_sitenote_active":false,"_monsterinsights_sitenote_note":"","_monsterinsights_sitenote_category":0},"categories":[4],"tags":[],"aioseo_notices":[],"gutentor_comment":0,"rttpg_featured_image_url":{"full":["https:\/\/arantv.az\/wp-content\/uploads\/2023\/10\/AzE_rbaycan-XIN-900x614-1.jpg",620,413,false],"landscape":["https:\/\/arantv.az\/wp-content\/uploads\/2023\/10\/AzE_rbaycan-XIN-900x614-1.jpg",620,413,false],"portraits":["https:\/\/arantv.az\/wp-content\/uploads\/2023\/10\/AzE_rbaycan-XIN-900x614-1.jpg",620,413,false],"thumbnail":["https:\/\/arantv.az\/wp-content\/uploads\/2023\/10\/AzE_rbaycan-XIN-900x614-1-500x280.jpg",500,280,true],"medium":["https:\/\/arantv.az\/wp-content\/uploads\/2023\/10\/AzE_rbaycan-XIN-900x614-1-548x365.jpg",548,365,true],"large":["https:\/\/arantv.az\/wp-content\/uploads\/2023\/10\/AzE_rbaycan-XIN-900x614-1.jpg",620,413,false],"1536x1536":["https:\/\/arantv.az\/wp-content\/uploads\/2023\/10\/AzE_rbaycan-XIN-900x614-1.jpg",620,413,false],"2048x2048":["https:\/\/arantv.az\/wp-content\/uploads\/2023\/10\/AzE_rbaycan-XIN-900x614-1.jpg",620,413,false],"post-thumbnail":["https:\/\/arantv.az\/wp-content\/uploads\/2023\/10\/AzE_rbaycan-XIN-900x614-1-240x172.jpg",240,172,true],"advps-thumb-one":["https:\/\/arantv.az\/wp-content\/uploads\/2023\/10\/AzE_rbaycan-XIN-900x614-1.jpg",620,413,false]},"rttpg_author":{"display_name":"V\u00fcsal Rafiqo\u011flu","author_link":"https:\/\/arantv.az\/?author=2"},"rttpg_comment":0,"rttpg_category":"<a href=\"https:\/\/arantv.az\/?cat=4\" rel=\"category\">Siyas\u0259t<\/a>","rttpg_excerpt":"\u201c13 noyabr 2023-c\u00fc il tarixind\u0259 Avropa \u0130ttifaq\u0131n\u0131n (A\u0130) xarici i\u015fl\u0259r v\u0259 t\u0259hl\u00fck\u0259sizlik siyas\u0259ti \u00fczr\u0259 ali n\u00fcmay\u0259nd\u0259si Jozep Borrel t\u0259r\u0259find\u0259n Br\u00fcsseld\u0259 Xarici \u018flaq\u0259l\u0259r \u015euras\u0131n\u0131n iclas\u0131ndan sonra ke\u00e7iril\u0259n m\u0259tbuat konfrans\u0131nda Az\u0259rbaycan \u0259leyhin\u0259 s\u0259sl\u0259ndirilmi\u015f, regiondak\u0131 reall\u0131qlar\u0131 q\u0259sd\u0259n t\u0259hrif ed\u0259n ittihamlar tamamil\u0259 qeyri-adekvat v\u0259 q\u0259buledilm\u0259zdir\u201d. Bu bar\u0259d\u0259 Az\u0259rbaycan Xarici \u0130\u015fl\u0259r Nazirliyinin (X\u0130N) yayd\u0131\u011f\u0131 m\u0259lumatda bildirilib. Qeyd edilib ki, Avropa&hellip;","_links":{"self":[{"href":"https:\/\/arantv.az\/index.php?rest_route=\/wp\/v2\/posts\/656008"}],"collection":[{"href":"https:\/\/arantv.az\/index.php?rest_route=\/wp\/v2\/posts"}],"about":[{"href":"https:\/\/arantv.az\/index.php?rest_route=\/wp\/v2\/types\/post"}],"author":[{"embeddable":true,"href":"https:\/\/arantv.az\/index.php?rest_route=\/wp\/v2\/users\/2"}],"replies":[{"embeddable":true,"href":"https:\/\/arantv.az\/index.php?rest_route=%2Fwp%2Fv2%2Fcomments&post=656008"}],"version-history":[{"count":0,"href":"https:\/\/arantv.az\/index.php?rest_route=\/wp\/v2\/posts\/656008\/revisions"}],"wp:featuredmedia":[{"embeddable":true,"href":"https:\/\/arantv.az\/index.php?rest_route=\/wp\/v2\/media\/650483"}],"wp:attachment":[{"href":"https:\/\/arantv.az\/index.php?rest_route=%2Fwp%2Fv2%2Fmedia&parent=656008"}],"wp:term":[{"taxonomy":"category","embeddable":true,"href":"https:\/\/arantv.az\/index.php?rest_route=%2Fwp%2Fv2%2Fcategories&post=656008"},{"taxonomy":"post_tag","embeddable":true,"href":"https:\/\/arantv.az\/index.php?rest_route=%2Fwp%2Fv2%2Ftags&post=656008"}],"curies":[{"name":"wp","href":"https:\/\/api.w.org\/{rel}","templated":true}]}}