{"id":656010,"date":"2023-11-14T11:41:47","date_gmt":"2023-11-14T07:41:47","guid":{"rendered":"https:\/\/arantv.az\/?p=656010"},"modified":"2023-11-14T11:41:47","modified_gmt":"2023-11-14T07:41:47","slug":"az%c9%99rbaycan-prezidenti-ilham-%c9%99liyev-ozb%c9%99kistanin-investisiya-s%c9%99naye-v%c9%99-ticar%c9%99t-nazirini-q%c9%99bul-edib","status":"publish","type":"post","link":"https:\/\/arantv.az\/?p=656010","title":{"rendered":"Az\u0259rbaycan Prezidenti \u0130lham \u018fliyev \u00d6zb\u0259kistan\u0131n investisiya, s\u0259naye v\u0259 ticar\u0259t nazirini q\u0259bul edib"},"content":{"rendered":"<p>Az\u0259rbaycan Respublikas\u0131n\u0131n Prezidenti\u00a0<strong>\u0130lham \u018fliyev<\/strong>\u00a0noyabr\u0131n 14-d\u0259 \u00d6zb\u0259kistan Respublikas\u0131n\u0131n investisiya, s\u0259naye v\u0259 ticar\u0259t naziri Laziz Kudratovu q\u0259bul edib.<\/p>\n<p><a href=\"https:\/\/azertag.az\/xeber\/azerbaycan_prezidenti_ilham_eliyev_ozbekistanin_investisiya_senaye_ve_ticaret_nazirini_qebul_edib-2823411\" target=\"_blank\" rel=\"noopener\">AZ\u018fRTAC<\/a>\u00a0x\u0259b\u0259r verir ki, d\u00f6vl\u0259timizin ba\u015f\u00e7\u0131s\u0131 ilk n\u00f6vb\u0259d\u0259 Da\u015fk\u0259ndd\u0259 \u0130qtisadi \u018fm\u0259kda\u015fl\u0131q T\u0259\u015fkilat\u0131n\u0131n 16-c\u0131 Zirv\u0259 toplant\u0131s\u0131n\u0131n y\u00fcks\u0259k s\u0259viyy\u0259d\u0259 t\u0259\u015fkil olundu\u011funu qeyd ed\u0259r\u0259k, h\u0259min t\u0259dbir \u00e7\u0259r\u00e7iv\u0259sind\u0259 \u00d6zb\u0259kistan prezidenti il\u0259 g\u00f6r\u00fc\u015f\u00fcn\u00fc m\u0259mnunluqla xat\u0131rlay\u0131b.<\/p>\n<p>Dostluq v\u0259 qarda\u015fl\u0131q m\u00fcnasib\u0259tl\u0259rimizin g\u00fcnd\u0259liyinin \u00e7ox geni\u015f oldu\u011funu v\u0259 m\u00fcxt\u0259lif istiqam\u0259tl\u0259ri \u0259hat\u0259 etdiyini dey\u0259n Prezident \u0130lham \u018fliyev iqtisadi, s\u0259naye, o c\u00fcml\u0259d\u0259n s\u0259naye kooperasiyas\u0131, k\u0259nd t\u0259s\u0259rr\u00fcfat\u0131 v\u0259 dig\u0259r sah\u0259l\u0259rd\u0259 n\u0259z\u0259rd\u0259 tutulan birg\u0259 layih\u0259l\u0259rin \u00f6n\u0259mini qeyd edib.<\/p>\n<p>D\u00f6vl\u0259timizin ba\u015f\u00e7\u0131s\u0131 Laziz Kudratovun \u00f6lk\u0259miz\u0259 s\u0259f\u0259ri zaman\u0131 qar\u015f\u0131dak\u0131 ill\u0259rd\u0259 \u0259m\u0259kda\u015fl\u0131\u011f\u0131n g\u00fcnd\u0259liyi v\u0259 qar\u015f\u0131ya qoyulan m\u0259qs\u0259dl\u0259r\u0259 nail olunmas\u0131 il\u0259 ba\u011fl\u0131 s\u0259m\u0259r\u0259li m\u00fczakir\u0259l\u0259rin apar\u0131laca\u011f\u0131na \u0259minliyini bildirib.<\/p>\n<p>Laziz Kudratov ilk n\u00f6vb\u0259d\u0259 \u00d6zb\u0259kistan prezidentinin salamlar\u0131n\u0131 v\u0259 xo\u015f arzular\u0131n\u0131 d\u00f6vl\u0259timizin ba\u015f\u00e7\u0131s\u0131na \u00e7atd\u0131r\u0131b.<\/p>\n<p>Prezident \u0130lham \u018fliyev salamlara g\u00f6r\u0259 minn\u0259tdarl\u0131\u011f\u0131n\u0131 bildirib, onun da salamlar\u0131n\u0131 \u015eavkat Mirziyoyev\u0259 \u00e7atd\u0131rma\u011f\u0131 xahi\u015f edib.<\/p>\n<p>Qonaq Az\u0259rbaycan v\u0259 \u00d6zb\u0259kistan prezidentl\u0259ri aras\u0131nda m\u00f6vcud olan dostluq m\u00fcnasib\u0259tl\u0259rinin \u0259m\u0259kda\u015fl\u0131\u011f\u0131m\u0131z\u0131n keyfiyy\u0259tc\u0259 yeni s\u0259viyy\u0259y\u0259 qalxmas\u0131 \u00fc\u00e7\u00fcn m\u00f6hk\u0259m \u0259sas yaratd\u0131\u011f\u0131n\u0131 bildirib, h\u0259r iki d\u00f6vl\u0259t ba\u015f\u00e7\u0131s\u0131n\u0131n qar\u015f\u0131l\u0131ql\u0131 s\u0259f\u0259rl\u0259rinin v\u0259 g\u00f6r\u00fc\u015fl\u0259rinin strateji \u0259laq\u0259l\u0259rimizin m\u00f6hkl\u0259ml\u0259ndirilm\u0259si bax\u0131m\u0131ndan \u00f6n\u0259mini qeyd edib.<\/p>\n<p>Laziz Kudratov vur\u011fulay\u0131b ki, Prezident \u0130lham \u018fliyevin m\u00fcdrik v\u0259 uzaqg\u00f6r\u0259n siyas\u0259ti n\u0259tic\u0259sind\u0259 \u00f6lk\u0259mizin \u0259ld\u0259 etdiyi iqtisadi u\u011furlar v\u0259 \u0259halinin rifah hal\u0131n\u0131n daha da yax\u015f\u0131la\u015fd\u0131r\u0131lmas\u0131 \u00d6zb\u0259kistanda b\u00f6y\u00fck sevinc do\u011furur. Qonaq, eyni zamanda, qeyd edib ki, \u00f6zb\u0259k xalq\u0131 Xank\u0259ndi \u015f\u0259h\u0259rind\u0259 V\u0259t\u0259n m\u00fcharib\u0259sind\u0259 \u0259ld\u0259 edil\u0259n Z\u0259f\u0259rin \u00fc\u00e7\u00fcnc\u00fc ild\u00f6n\u00fcm\u00fcn\u0259 h\u0259sr olunmu\u015f h\u0259rbi parad\u0131 q\u00fcrur hissi il\u0259 izl\u0259yib. Az\u0259rbaycan Prezidentinin q\u0259tiyy\u0259ti v\u0259 m\u00f6hk\u0259m irad\u0259si, u\u011furlu siyas\u0259ti n\u0259tic\u0259sind\u0259 tarixi \u0259dal\u0259tin b\u0259rpa edilm\u0259sinin m\u00fcmk\u00fcn oldu\u011funu vur\u011fulayan Laziz Kudratov \u015eu\u015fa v\u0259 F\u00fczuliy\u0259 s\u0259f\u0259rl\u0259ri zaman\u0131 orada ged\u0259n b\u00f6y\u00fck yenid\u0259nqurma v\u0259 b\u0259rpa i\u015fl\u0259rinin \u015fahidi oldu\u011funu deyib.<\/p>\n<p>G\u00f6r\u00fc\u015fd\u0259 s\u0259naye kooperasiyas\u0131, iqtisadi, ticari, n\u0259qliyyat, logistika \u0259laq\u0259l\u0259rinin d\u0259rinl\u0259\u015fdirilm\u0259si bar\u0259d\u0259 fikir m\u00fcbadil\u0259si apar\u0131l\u0131b.<\/p>\n","protected":false},"excerpt":{"rendered":"<p>Az\u0259rbaycan Respublikas\u0131n\u0131n Prezidenti\u00a0\u0130lham \u018fliyev\u00a0noyabr\u0131n 14-d\u0259 \u00d6zb\u0259kistan Respublikas\u0131n\u0131n investisiya, s\u0259naye v\u0259 ticar\u0259t naziri Laziz Kudratovu q\u0259bul edib. AZ\u018fRTAC\u00a0x\u0259b\u0259r verir ki, d\u00f6vl\u0259timizin ba\u015f\u00e7\u0131s\u0131 ilk n\u00f6vb\u0259d\u0259 Da\u015fk\u0259ndd\u0259 \u0130qtisadi \u018fm\u0259kda\u015fl\u0131q T\u0259\u015fkilat\u0131n\u0131n 16-c\u0131 Zirv\u0259 toplant\u0131s\u0131n\u0131n y\u00fcks\u0259k s\u0259viyy\u0259d\u0259 t\u0259\u015fkil olundu\u011funu qeyd ed\u0259r\u0259k, h\u0259min t\u0259dbir \u00e7\u0259r\u00e7iv\u0259sind\u0259 \u00d6zb\u0259kistan prezidenti il\u0259 g\u00f6r\u00fc\u015f\u00fcn\u00fc m\u0259mnunluqla xat\u0131rlay\u0131b. Dostluq v\u0259 qarda\u015fl\u0131q m\u00fcnasib\u0259tl\u0259rimizin g\u00fcnd\u0259liyinin \u00e7ox geni\u015f oldu\u011funu v\u0259 m\u00fcxt\u0259lif istiqam\u0259tl\u0259ri \u0259hat\u0259 etdiyini dey\u0259n Prezident \u0130lham \u018fliyev iqtisadi, s\u0259naye, o c\u00fcml\u0259d\u0259n s\u0259naye kooperasiyas\u0131, k\u0259nd t\u0259s\u0259rr\u00fcfat\u0131 v\u0259 dig\u0259r sah\u0259l\u0259rd\u0259 n\u0259z\u0259rd\u0259 tutulan birg\u0259 layih\u0259l\u0259rin \u00f6n\u0259mini qeyd edib. D\u00f6vl\u0259timizin ba\u015f\u00e7\u0131s\u0131 Laziz Kudratovun \u00f6lk\u0259miz\u0259 s\u0259f\u0259ri zaman\u0131 qar\u015f\u0131dak\u0131 ill\u0259rd\u0259 \u0259m\u0259kda\u015fl\u0131\u011f\u0131n&hellip;<\/p>\n","protected":false},"author":2,"featured_media":656011,"comment_status":"closed","ping_status":"closed","sticky":false,"template":"","format":"standard","meta":{"om_disable_all_campaigns":false,"_monsterinsights_skip_tracking":false,"_monsterinsights_sitenote_active":false,"_monsterinsights_sitenote_note":"","_monsterinsights_sitenote_category":0},"categories":[4],"tags":[],"aioseo_notices":[],"gutentor_comment":0,"rttpg_featured_image_url":{"full":["https:\/\/arantv.az\/wp-content\/uploads\/2023\/11\/FotoJet-26.jpg",620,413,false],"landscape":["https:\/\/arantv.az\/wp-content\/uploads\/2023\/11\/FotoJet-26.jpg",620,413,false],"portraits":["https:\/\/arantv.az\/wp-content\/uploads\/2023\/11\/FotoJet-26.jpg",620,413,false],"thumbnail":["https:\/\/arantv.az\/wp-content\/uploads\/2023\/11\/FotoJet-26-500x280.jpg",500,280,true],"medium":["https:\/\/arantv.az\/wp-content\/uploads\/2023\/11\/FotoJet-26-548x365.jpg",548,365,true],"large":["https:\/\/arantv.az\/wp-content\/uploads\/2023\/11\/FotoJet-26.jpg",620,413,false],"1536x1536":["https:\/\/arantv.az\/wp-content\/uploads\/2023\/11\/FotoJet-26.jpg",620,413,false],"2048x2048":["https:\/\/arantv.az\/wp-content\/uploads\/2023\/11\/FotoJet-26.jpg",620,413,false],"post-thumbnail":["https:\/\/arantv.az\/wp-content\/uploads\/2023\/11\/FotoJet-26-240x172.jpg",240,172,true],"advps-thumb-one":["https:\/\/arantv.az\/wp-content\/uploads\/2023\/11\/FotoJet-26.jpg",620,413,false]},"rttpg_author":{"display_name":"V\u00fcsal Rafiqo\u011flu","author_link":"https:\/\/arantv.az\/?author=2"},"rttpg_comment":0,"rttpg_category":"<a href=\"https:\/\/arantv.az\/?cat=4\" rel=\"category\">Siyas\u0259t<\/a>","rttpg_excerpt":"Az\u0259rbaycan Respublikas\u0131n\u0131n Prezidenti\u00a0\u0130lham \u018fliyev\u00a0noyabr\u0131n 14-d\u0259 \u00d6zb\u0259kistan Respublikas\u0131n\u0131n investisiya, s\u0259naye v\u0259 ticar\u0259t naziri Laziz Kudratovu q\u0259bul edib. AZ\u018fRTAC\u00a0x\u0259b\u0259r verir ki, d\u00f6vl\u0259timizin ba\u015f\u00e7\u0131s\u0131 ilk n\u00f6vb\u0259d\u0259 Da\u015fk\u0259ndd\u0259 \u0130qtisadi \u018fm\u0259kda\u015fl\u0131q T\u0259\u015fkilat\u0131n\u0131n 16-c\u0131 Zirv\u0259 toplant\u0131s\u0131n\u0131n y\u00fcks\u0259k s\u0259viyy\u0259d\u0259 t\u0259\u015fkil olundu\u011funu qeyd ed\u0259r\u0259k, h\u0259min t\u0259dbir \u00e7\u0259r\u00e7iv\u0259sind\u0259 \u00d6zb\u0259kistan prezidenti il\u0259 g\u00f6r\u00fc\u015f\u00fcn\u00fc m\u0259mnunluqla xat\u0131rlay\u0131b. Dostluq v\u0259 qarda\u015fl\u0131q m\u00fcnasib\u0259tl\u0259rimizin g\u00fcnd\u0259liyinin \u00e7ox geni\u015f oldu\u011funu v\u0259 m\u00fcxt\u0259lif&hellip;","_links":{"self":[{"href":"https:\/\/arantv.az\/index.php?rest_route=\/wp\/v2\/posts\/656010"}],"collection":[{"href":"https:\/\/arantv.az\/index.php?rest_route=\/wp\/v2\/posts"}],"about":[{"href":"https:\/\/arantv.az\/index.php?rest_route=\/wp\/v2\/types\/post"}],"author":[{"embeddable":true,"href":"https:\/\/arantv.az\/index.php?rest_route=\/wp\/v2\/users\/2"}],"replies":[{"embeddable":true,"href":"https:\/\/arantv.az\/index.php?rest_route=%2Fwp%2Fv2%2Fcomments&post=656010"}],"version-history":[{"count":0,"href":"https:\/\/arantv.az\/index.php?rest_route=\/wp\/v2\/posts\/656010\/revisions"}],"wp:featuredmedia":[{"embeddable":true,"href":"https:\/\/arantv.az\/index.php?rest_route=\/wp\/v2\/media\/656011"}],"wp:attachment":[{"href":"https:\/\/arantv.az\/index.php?rest_route=%2Fwp%2Fv2%2Fmedia&parent=656010"}],"wp:term":[{"taxonomy":"category","embeddable":true,"href":"https:\/\/arantv.az\/index.php?rest_route=%2Fwp%2Fv2%2Fcategories&post=656010"},{"taxonomy":"post_tag","embeddable":true,"href":"https:\/\/arantv.az\/index.php?rest_route=%2Fwp%2Fv2%2Ftags&post=656010"}],"curies":[{"name":"wp","href":"https:\/\/api.w.org\/{rel}","templated":true}]}}