{"id":656022,"date":"2023-11-14T11:53:35","date_gmt":"2023-11-14T07:53:35","guid":{"rendered":"https:\/\/arantv.az\/?p=656022"},"modified":"2023-11-14T11:53:35","modified_gmt":"2023-11-14T07:53:35","slug":"turkiy%c9%99-k%c9%99sfiyyati-qirmizi-kateqoriyada-axtarisda-olan-terrorcunu-z%c9%99r%c9%99rsizl%c9%99sdirdi-foto","status":"publish","type":"post","link":"https:\/\/arantv.az\/?p=656022","title":{"rendered":"T\u00fcrkiy\u0259 k\u0259\u015ffiyyat\u0131 q\u0131rm\u0131z\u0131 kateqoriyada axtar\u0131\u015fda olan terror\u00e7unu z\u0259r\u0259rsizl\u0259\u015fdirdi &#8211; FOTO"},"content":{"rendered":"<p>T\u00fcrkiy\u0259 Milli K\u0259\u015ffiyyat T\u0259\u015fkilat\u0131 q\u0131rm\u0131z\u0131 kateqoriyada axtar\u0131\u015fda olan terror\u00e7unu z\u0259r\u0259rsizl\u0259\u015fdirib.<\/p>\n<p>PKK\/KCK-n\u0131n q\u0131rm\u0131z\u0131 kateqoriyas\u0131nda axtar\u0131lan qondarma K\u0259rk\u00fck vilay\u0259tinin r\u0259isi Remzi Avc\u0131 t\u0259\u015fkilat t\u0259r\u0259find\u0259n \u0130raq\u0131n \u015fimal\u0131ndak\u0131 S\u00fcleymaniyy\u0259 \u015f\u0259h\u0259rind\u0259 z\u0259r\u0259rsiz hala g\u0259tirilib.<\/p>\n<p>\u201c\u00c7iya Amed\u201d kod adl\u0131 Remzi Avc\u0131 Diyarbak\u0131rda t\u0259hl\u00fck\u0259sizlik q\u00fcvv\u0259l\u0259rin\u0259 qar\u015f\u0131 t\u0259\u015fkil edil\u0259n aksiyalara g\u00f6r\u0259 m\u0259sul \u015f\u0259xsl\u0259rd\u0259n biri olub. Avc\u0131 da terrora g\u00f6r\u0259 axtar\u0131\u015fda olanlar siyah\u0131s\u0131nda \u201cQ\u0131rm\u0131z\u0131 kateqoriya\u201dda olub.<\/p>\n<p>1992-ci ild\u0259n bu g\u00fcn\u0259 q\u0259d\u0259r T\u00fcrkiy\u0259y\u0259 qar\u015f\u0131 birba\u015fa silahl\u0131 f\u0259aliyy\u0259tl\u0259r h\u0259yata ke\u00e7ir\u0259n, h\u0259m \u00f6lk\u0259 daxilind\u0259, h\u0259m d\u0259 xaricd\u0259 d\u0259f\u0259l\u0259rl\u0259 qa\u00e7ma\u011f\u0131 bacaran Avc\u0131n\u0131n b\u00fct\u00fcn f\u0259aliyy\u0259ti\u00a0M\u0130T t\u0259r\u0259find\u0259n n\u0259zar\u0259t\u0259 g\u00f6t\u00fcr\u00fcl\u00fcb v\u0259 n\u0259tic\u0259d\u0259 \u0259l\u0259 ke\u00e7irilib.<\/p>\n<p>&nbsp;<\/p>\n<div class=\"gallery\">\n<div class=\"gallery-i\"><img src=\"https:\/\/cdn.oxu.az\/uploads\/W1siZiIsIjIwMjMvMTEvMTQvMTEvMTgvNTcvMzk0Yjk3YTMtYjdhNy00ZDBlLWIzODktNWJlM2FjZDQ2MDEwLzM5OTE0NzkyOF85OTk1MzE1OTQ0Mzg3NTFfMjQ3NTcxNDkzMzEyMjg4NTQ4Nl9uLnBuZyJdLFsicCIsImVuY29kZSIsImpwZyIsIi1xdWFsaXR5IDgwIl0sWyJwIiwidGh1bWIiLCI1OTB4NTkwXHUwMDNlIl1d?sha=28143283a314d554\" alt=\"\" \/><\/p>\n<div class=\"gallery-i-caption\"><\/div>\n<\/div>\n<div class=\"gallery-i\"><img src=\"https:\/\/cdn.oxu.az\/uploads\/W1siZiIsIjIwMjMvMTEvMTQvMTEvMTgvNTcvMTUxMzIxOTAtOTViOC00YWIwLWJhZWMtOWUyNWMwZjYyNmZjLzM5NjU3NDA1NF8yNDk1MDY5MDgxMzI3MDVfNTQyNTQ4NDg5Nzc5MDAwODY5MF9uLnBuZyJdLFsicCIsImVuY29kZSIsImpwZyIsIi1xdWFsaXR5IDgwIl0sWyJwIiwidGh1bWIiLCI1OTB4NTkwXHUwMDNlIl1d?sha=2b58b320ac1ad7e0\" alt=\"\" \/><\/p>\n<div class=\"gallery-i-caption\"><\/div>\n<\/div>\n<div class=\"gallery-i\"><img src=\"https:\/\/cdn.oxu.az\/uploads\/W1siZiIsIjIwMjMvMTEvMTQvMTEvMTgvNTcvZGFlZjRjOGQtNjE1OS00ZDBhLTgyZTctZDAzMjFlYmU1MThlLzM2ODc0NjI1MF8yOTg4ODY4MzI5NzQ5NDBfMTk0Mjc1NDA0ODA1NzU1NDk2N19uICgxKS5wbmciXSxbInAiLCJlbmNvZGUiLCJqcGciLCItcXVhbGl0eSA4MCJdLFsicCIsInRodW1iIiwiNTkweDU5MFx1MDAzZSJdXQ?sha=97afff7406dbde49\" alt=\"\" \/><\/p>\n<div class=\"gallery-i-caption\"><\/div>\n<\/div>\n<div class=\"gallery-i\"><img src=\"https:\/\/cdn.oxu.az\/uploads\/W1siZiIsIjIwMjMvMTEvMTQvMTEvMTgvNTgvN2E3ZGE5YzMtZGFiYS00NWUxLWJjZTgtMTI5MDQzOGM4MTk3LzM3MDIxMTY2Ml84ODEwNzc3NzAwODI3NDNfNDQ3MDg5NDMzMTU4MDU0ODk5Ml9uICgxKS5wbmciXSxbInAiLCJlbmNvZGUiLCJqcGciLCItcXVhbGl0eSA4MCJdLFsicCIsInRodW1iIiwiNTkweDU5MFx1MDAzZSJdXQ?sha=d547d4f5741ea14a\" alt=\"\" \/><\/p>\n<div class=\"gallery-i-caption\"><\/div>\n<\/div>\n<div class=\"gallery-i\"><img src=\"https:\/\/cdn.oxu.az\/uploads\/W1siZiIsIjIwMjMvMTEvMTQvMTEvMTgvNTgvNjAwZTkxMWItMThkOS00MmY2LTkwZTUtZTUwNjZiYjlmMDZmLzM2ODAyNDc0NV8zMjc2OTA0Nzk5NjEyNzVfMTI0MTU5Mzc4Mzk4MzUyNTMzMF9uICgxKS5wbmciXSxbInAiLCJlbmNvZGUiLCJqcGciLCItcXVhbGl0eSA4MCJdLFsicCIsInRodW1iIiwiNTkweDU5MFx1MDAzZSJdXQ?sha=aa214a73f0053f04\" alt=\"\" \/><\/p>\n<div class=\"gallery-i-caption\"><\/div>\n<\/div>\n<\/div>\n<p>M\u0259nb\u0259: Haber Global<\/p>\n","protected":false},"excerpt":{"rendered":"<p>T\u00fcrkiy\u0259 Milli K\u0259\u015ffiyyat T\u0259\u015fkilat\u0131 q\u0131rm\u0131z\u0131 kateqoriyada axtar\u0131\u015fda olan terror\u00e7unu z\u0259r\u0259rsizl\u0259\u015fdirib. PKK\/KCK-n\u0131n q\u0131rm\u0131z\u0131 kateqoriyas\u0131nda axtar\u0131lan qondarma K\u0259rk\u00fck vilay\u0259tinin r\u0259isi Remzi Avc\u0131 t\u0259\u015fkilat t\u0259r\u0259find\u0259n \u0130raq\u0131n \u015fimal\u0131ndak\u0131 S\u00fcleymaniyy\u0259 \u015f\u0259h\u0259rind\u0259 z\u0259r\u0259rsiz hala g\u0259tirilib. \u201c\u00c7iya Amed\u201d kod adl\u0131 Remzi Avc\u0131 Diyarbak\u0131rda t\u0259hl\u00fck\u0259sizlik q\u00fcvv\u0259l\u0259rin\u0259 qar\u015f\u0131 t\u0259\u015fkil edil\u0259n aksiyalara g\u00f6r\u0259 m\u0259sul \u015f\u0259xsl\u0259rd\u0259n biri olub. Avc\u0131 da terrora g\u00f6r\u0259 axtar\u0131\u015fda olanlar siyah\u0131s\u0131nda \u201cQ\u0131rm\u0131z\u0131 kateqoriya\u201dda olub. 1992-ci ild\u0259n bu g\u00fcn\u0259 q\u0259d\u0259r T\u00fcrkiy\u0259y\u0259 qar\u015f\u0131 birba\u015fa silahl\u0131 f\u0259aliyy\u0259tl\u0259r h\u0259yata ke\u00e7ir\u0259n, h\u0259m \u00f6lk\u0259 daxilind\u0259, h\u0259m d\u0259 xaricd\u0259 d\u0259f\u0259l\u0259rl\u0259 qa\u00e7ma\u011f\u0131 bacaran Avc\u0131n\u0131n b\u00fct\u00fcn f\u0259aliyy\u0259ti\u00a0M\u0130T t\u0259r\u0259find\u0259n n\u0259zar\u0259t\u0259 g\u00f6t\u00fcr\u00fcl\u00fcb v\u0259 n\u0259tic\u0259d\u0259 \u0259l\u0259 ke\u00e7irilib. &nbsp; M\u0259nb\u0259:&hellip;<\/p>\n","protected":false},"author":2,"featured_media":656023,"comment_status":"closed","ping_status":"closed","sticky":false,"template":"","format":"standard","meta":{"om_disable_all_campaigns":false,"_monsterinsights_skip_tracking":false,"_monsterinsights_sitenote_active":false,"_monsterinsights_sitenote_note":"","_monsterinsights_sitenote_category":0},"categories":[7],"tags":[],"aioseo_notices":[],"gutentor_comment":0,"rttpg_featured_image_url":{"full":["https:\/\/arantv.az\/wp-content\/uploads\/2023\/11\/FotoJet-2023-11-14T110131.344.jpg",620,413,false],"landscape":["https:\/\/arantv.az\/wp-content\/uploads\/2023\/11\/FotoJet-2023-11-14T110131.344.jpg",620,413,false],"portraits":["https:\/\/arantv.az\/wp-content\/uploads\/2023\/11\/FotoJet-2023-11-14T110131.344.jpg",620,413,false],"thumbnail":["https:\/\/arantv.az\/wp-content\/uploads\/2023\/11\/FotoJet-2023-11-14T110131.344-500x280.jpg",500,280,true],"medium":["https:\/\/arantv.az\/wp-content\/uploads\/2023\/11\/FotoJet-2023-11-14T110131.344-548x365.jpg",548,365,true],"large":["https:\/\/arantv.az\/wp-content\/uploads\/2023\/11\/FotoJet-2023-11-14T110131.344.jpg",620,413,false],"1536x1536":["https:\/\/arantv.az\/wp-content\/uploads\/2023\/11\/FotoJet-2023-11-14T110131.344.jpg",620,413,false],"2048x2048":["https:\/\/arantv.az\/wp-content\/uploads\/2023\/11\/FotoJet-2023-11-14T110131.344.jpg",620,413,false],"post-thumbnail":["https:\/\/arantv.az\/wp-content\/uploads\/2023\/11\/FotoJet-2023-11-14T110131.344-240x172.jpg",240,172,true],"advps-thumb-one":["https:\/\/arantv.az\/wp-content\/uploads\/2023\/11\/FotoJet-2023-11-14T110131.344.jpg",620,413,false]},"rttpg_author":{"display_name":"V\u00fcsal Rafiqo\u011flu","author_link":"https:\/\/arantv.az\/?author=2"},"rttpg_comment":0,"rttpg_category":"<a href=\"https:\/\/arantv.az\/?cat=7\" rel=\"category\">D\u00fcnya<\/a>","rttpg_excerpt":"T\u00fcrkiy\u0259 Milli K\u0259\u015ffiyyat T\u0259\u015fkilat\u0131 q\u0131rm\u0131z\u0131 kateqoriyada axtar\u0131\u015fda olan terror\u00e7unu z\u0259r\u0259rsizl\u0259\u015fdirib. PKK\/KCK-n\u0131n q\u0131rm\u0131z\u0131 kateqoriyas\u0131nda axtar\u0131lan qondarma K\u0259rk\u00fck vilay\u0259tinin r\u0259isi Remzi Avc\u0131 t\u0259\u015fkilat t\u0259r\u0259find\u0259n \u0130raq\u0131n \u015fimal\u0131ndak\u0131 S\u00fcleymaniyy\u0259 \u015f\u0259h\u0259rind\u0259 z\u0259r\u0259rsiz hala g\u0259tirilib. \u201c\u00c7iya Amed\u201d kod adl\u0131 Remzi Avc\u0131 Diyarbak\u0131rda t\u0259hl\u00fck\u0259sizlik q\u00fcvv\u0259l\u0259rin\u0259 qar\u015f\u0131 t\u0259\u015fkil edil\u0259n aksiyalara g\u00f6r\u0259 m\u0259sul \u015f\u0259xsl\u0259rd\u0259n biri olub. Avc\u0131 da terrora g\u00f6r\u0259 axtar\u0131\u015fda olanlar siyah\u0131s\u0131nda \u201cQ\u0131rm\u0131z\u0131&hellip;","_links":{"self":[{"href":"https:\/\/arantv.az\/index.php?rest_route=\/wp\/v2\/posts\/656022"}],"collection":[{"href":"https:\/\/arantv.az\/index.php?rest_route=\/wp\/v2\/posts"}],"about":[{"href":"https:\/\/arantv.az\/index.php?rest_route=\/wp\/v2\/types\/post"}],"author":[{"embeddable":true,"href":"https:\/\/arantv.az\/index.php?rest_route=\/wp\/v2\/users\/2"}],"replies":[{"embeddable":true,"href":"https:\/\/arantv.az\/index.php?rest_route=%2Fwp%2Fv2%2Fcomments&post=656022"}],"version-history":[{"count":0,"href":"https:\/\/arantv.az\/index.php?rest_route=\/wp\/v2\/posts\/656022\/revisions"}],"wp:featuredmedia":[{"embeddable":true,"href":"https:\/\/arantv.az\/index.php?rest_route=\/wp\/v2\/media\/656023"}],"wp:attachment":[{"href":"https:\/\/arantv.az\/index.php?rest_route=%2Fwp%2Fv2%2Fmedia&parent=656022"}],"wp:term":[{"taxonomy":"category","embeddable":true,"href":"https:\/\/arantv.az\/index.php?rest_route=%2Fwp%2Fv2%2Fcategories&post=656022"},{"taxonomy":"post_tag","embeddable":true,"href":"https:\/\/arantv.az\/index.php?rest_route=%2Fwp%2Fv2%2Ftags&post=656022"}],"curies":[{"name":"wp","href":"https:\/\/api.w.org\/{rel}","templated":true}]}}