{"id":656045,"date":"2023-11-14T12:31:24","date_gmt":"2023-11-14T08:31:24","guid":{"rendered":"https:\/\/arantv.az\/?p=656045"},"modified":"2023-11-14T12:31:24","modified_gmt":"2023-11-14T08:31:24","slug":"q%c9%99rbin-qoynuna-siginan-erm%c9%99nistan-regionda-t%c9%99kl%c9%99nir-s%c9%99rh-foto","status":"publish","type":"post","link":"https:\/\/arantv.az\/?p=656045","title":{"rendered":"Q\u0259rbin qoynuna s\u0131\u011f\u0131nan Erm\u0259nistan regionda t\u0259kl\u0259nir &#8211; \u015e\u018fRH + FOTO"},"content":{"rendered":"<p>Erm\u0259nistan\u0131n ba\u015f naziri Nikol Pa\u015finyan\u0131n bir-birin\u0259 zidd b\u0259yanatlar\u0131n\u0131n ard\u0131-aras\u0131 k\u0259silmir. Bir m\u00fcdd\u0259t \u0259vv\u0259l Az\u0259rbaycanla ilin sonuna q\u0259d\u0259r s\u00fclh m\u00fcqavil\u0259sinin imzalanaca\u011f\u0131n\u0131, regiondak\u0131 kommunikasiyalar\u0131n b\u0259rpa edil\u0259c\u0259yini b\u0259yan ed\u0259n erm\u0259ni ba\u015f nazir bir ne\u00e7\u0259 g\u00fcn sonra dedikl\u0259rinin tam \u0259ksin\u0259 b\u0259yanat s\u0259sl\u0259ndir\u0259r\u0259k \u0259sl xisl\u0259tini ortaya qoyur. Bu b\u0259yanata is\u0259 Erm\u0259nistan\u0131n siyasi r\u0259hb\u0259rliyinin dig\u0259r \u00fczvl\u0259ri d\u0259 qo\u015fularaq sanki ba\u015f nazirl\u0259rin\u0259 z\u00fcy tuturlar.<\/p>\n<p>Bununla bel\u0259, regionda son g\u00fcnl\u0259r ba\u015f ver\u0259nl\u0259r \u0130r\u0259van\u0131n Parisin dikt\u0259si il\u0259 imzalanmas\u0131 n\u0259z\u0259rd\u0259 tutulan s\u00fclh m\u00fcqavil\u0259sini sabotaj etdiyi d\u0259 ortaya \u00e7\u0131x\u0131r. Fransa il\u0259 h\u0259rbi sah\u0259d\u0259 \u0259m\u0259kda\u015fl\u0131q imzaland\u0131qdan sonra hakimiyy\u0259tin media resurslar\u0131 bu m\u00fcqavil\u0259ni b\u00f6y\u00fck bir nailiyy\u0259t kimi t\u0259qdim ed\u0259r\u0259k, Rusiyan\u0131 g\u00f6zd\u0259n salma kampaniyas\u0131na davam edirl\u0259r. \u0130\u015f o yer\u0259 \u00e7at\u0131b ki, Erm\u0259nistanda apar\u0131lan sor\u011fular\u0131n n\u0259tic\u0259l\u0259rin\u0259 g\u00f6r\u0259, r\u0259yi soru\u015fulanlar\u0131n 41,1 faizi Fransan\u0131 xilaskar kimi q\u0259bul edir. \u018fvv\u0259ll\u0259r Erm\u0259nistanda t\u0259hl\u00fck\u0259sizliyin qarant\u0131 say\u0131lan Rusiya indi siyah\u0131da be\u015finci yeri tutur. AB\u015e, \u0130ran v\u0259 Hindistan is\u0259 siyah\u0131da m\u00fcvafiq olaraq ikinci, \u00fc\u00e7\u00fcnc\u00fc v\u0259 d\u00f6rd\u00fcnc\u00fc yerl\u0259ri b\u00f6l\u00fc\u015f\u00fcr. Hakimiyy\u0259ty\u00f6nl\u00fc median\u0131n t\u0259bli\u011fat\u0131 n\u0259tic\u0259sind\u0259 r\u0259yi soru\u015fulanlar\u0131n 10,7 faizi art\u0131q he\u00e7 k\u0259s\u0259 etibar etm\u0259dikl\u0259rini bildirib.<\/p>\n<p>Bu arada, G\u00fcrc\u00fcstan\u0131n Poti liman\u0131nda Fransadan Erm\u0259nistana g\u00f6nd\u0259ril\u0259n zirehli texnikan\u0131n fotolar\u0131 yay\u0131l\u0131b. Fransa Erm\u0259nistana iki istiqam\u0259td\u0259n quru yolu il\u0259 silah ke\u00e7ir\u0259 bil\u0259r: \u0130ran v\u0259 G\u00fcrc\u00fcstan. Tehran\u0131n he\u00e7 bir halda bu i\u015f\u0259 qol qoymayaca\u011f\u0131 t\u0259qdird\u0259 G\u00fcrc\u00fcstan\u0131n bu i\u015f\u0259 raz\u0131l\u0131q ver\u0259c\u0259yi m\u0259lum idi. Amma Tbilisinin \u0130r\u0259vana uzunm\u00fcdd\u0259tli silah da\u015f\u0131nmas\u0131nda maraql\u0131 olmayaca\u011f\u0131n\u0131 ehtimal etm\u0259k olar. O da Erm\u0259nistan kimi Q\u0259rb\u0259 meyill\u0259nmi\u015f \u00f6lk\u0259dir. Amma unutmaq laz\u0131m deyil ki, regionda G\u00fcrc\u00fcstan Az\u0259rbaycanla bir s\u0131ra layih\u0259l\u0259ri h\u0259yata ke\u00e7irir. Bu s\u0259b\u0259bd\u0259n r\u0259smi Tbilisinin uzunm\u00fcdd\u0259tli perspektivd\u0259 Az\u0259rbaycan\u0131n ciddi naraz\u0131l\u0131\u011f\u0131na s\u0259b\u0259b olacaq add\u0131m ataca\u011f\u0131 g\u00f6zl\u0259nilmir. Az\u0259rbaycanla G\u00fcrc\u00fcstan m\u00fcnasib\u0259tl\u0259ri kifay\u0259t q\u0259d\u0259r y\u00fcks\u0259k s\u0259viyy\u0259d\u0259dir v\u0259 Prezident\u00a0<strong>\u0130lham \u018fliyev<\/strong>\u00a0Tbilisi il\u0259 m\u00fcdafi\u0259 sah\u0259sind\u0259 \u0259m\u0259kda\u015fl\u0131q bar\u0259d\u0259 raz\u0131la\u015fman\u0131 t\u0259sdiql\u0259yib. Raz\u0131la\u015fmaya \u0259sas\u0259n, Bak\u0131 v\u0259 Tbilisi h\u0259rbi t\u0259lim ke\u00e7irm\u0259k, h\u0259rbi sah\u0259d\u0259 t\u0259hsil almaq, s\u00fclhm\u0259raml\u0131 v\u0259 humanitar \u0259m\u0259liyyatlar yerin\u0259 yetirm\u0259k bar\u0259d\u0259 bir-birin\u0259 yard\u0131m ed\u0259c\u0259k. B\u00fct\u00f6vl\u00fckd\u0259, s\u0259n\u0259d iki \u00f6lk\u0259 aras\u0131nda daha s\u0131x qar\u015f\u0131l\u0131ql\u0131 f\u0259aliyy\u0259t \u0259sas\u0131nda regional t\u0259hl\u00fck\u0259sizliyi g\u00fccl\u0259ndirm\u0259k m\u0259qs\u0259di da\u015f\u0131y\u0131r. Bu sadalananlardan \u0259lav\u0259, Az\u0259rbaycan\u0131n G\u00fcrc\u00fcstan vasit\u0259sil\u0259 h\u0259yata ke\u00e7irdiyi iri layih\u0259l\u0259ri d\u0259 n\u0259z\u0259r\u0259 almaq laz\u0131md\u0131r. H\u0259r halda r\u0259smi Tbilisi erm\u0259ni qon\u015fuya g\u00f6r\u0259 bu layih\u0259l\u0259rd\u0259 i\u015ftirak\u0131n\u0131 k\u00f6lg\u0259 alt\u0131na salmaq, Az\u0259rbaycan kimi t\u0259r\u0259fda\u015f\u0131 itirm\u0259k ist\u0259m\u0259z. Az\u0259rbaycan\u0131n G\u00fcrc\u00fcstana d\u0259f\u0259l\u0259rl\u0259 \u0259l uzatd\u0131\u011f\u0131 bar\u0259d\u0259 kifay\u0259t q\u0259d\u0259r faktlar var.<\/p>\n<p><img src=\"https:\/\/cdn.oxu.az\/uploads\/W1siZiIsIjIwMjMvMTEvMTQvMTEvMDMvMjgvZDA4MDRjNDAtNjhjMS00YTg1LWI5OGQtY2MwNjRlMDZmZTNlLzZmMzQ1NDg4LWQzNjYtM2VmMS1iY2MyLTllYWE0MmJhODcwNC5qcGciXSxbInAiLCJlbmNvZGUiLCJqcGciLCItcXVhbGl0eSA4MCJdLFsicCIsInRodW1iIiwiNTkweDU5MFx1MDAzZSJdXQ?sha=e837d64236a0a6c8\" alt=\"\" \/><\/p>\n<p>Erm\u0259nistan regiona xarici q\u00fcvv\u0259l\u0259ri g\u0259tirm\u0259kd\u0259 maraql\u0131d\u0131r. Az\u0259rbaycan t\u0259r\u0259finin \u0259ks-h\u0259ml\u0259l\u0259ri bu ist\u0259yin m\u0259nas\u0131z v\u0259 region \u00fc\u00e7\u00fcn \u0259h\u0259miyy\u0259tsiz oldu\u011funu bir daha ortaya qoyur. R\u0259smi Bak\u0131 atd\u0131\u011f\u0131 add\u0131mlarla bir s\u0131ra layih\u0259l\u0259rd\u0259 s\u0131rf region \u00f6lk\u0259l\u0259rinin i\u015ftirak\u0131n\u0131 qar\u015f\u0131s\u0131na m\u0259qs\u0259d qoyur. Bu s\u0131raya ist\u0259r \u201c3+3\u201d\u00a0format\u0131n\u0131, ist\u0259rs\u0259 d\u0259 dig\u0259r layih\u0259l\u0259ri \u0259lav\u0259 etm\u0259k olar. R\u0259smi Bak\u0131n\u0131n h\u0259d\u0259fl\u0259rind\u0259n biri regiondank\u0259nar \u00f6lk\u0259l\u0259rin regionda ba\u015f ver\u0259n prosesl\u0259rd\u0259 i\u015ftirak\u0131n\u0131n v\u0259 m\u00fcdaxil\u0259sinin qar\u015f\u0131s\u0131n\u0131 almaqd\u0131r. Erm\u0259nistan is\u0259 \u0259ksin\u0259, daha \u00e7ox regionla he\u00e7 bir s\u0259rh\u0259di olmayan, s\u0131rf ekspansionist v\u0259 m\u00fcst\u0259ml\u0259k\u0259 siyas\u0259ti g\u00fcd\u0259n \u00f6lk\u0259l\u0259ri C\u0259nubi Qafqaza d\u0259v\u0259t etm\u0259kd\u0259 maraql\u0131d\u0131r.<\/p>\n<p>Pa\u015finyan hakimiyy\u0259ti Q\u0259rbi Erm\u0259nistana g\u0259tirir. Bu is\u0259 regionun iki n\u0259h\u0259ngi &#8211; \u0130ran v\u0259 Rusiyan\u0131n b\u00fct\u00fcn maraqlar\u0131na ziddir. H\u0259l\u0259 bir m\u00fcdd\u0259t \u0259vv\u0259l Erm\u0259nistana Avropa \u0130ttifaq\u0131n\u0131n (A\u0130) m\u00fc\u015fahid\u0259\u00e7i missiyas\u0131n\u0131 d\u0259v\u0259t ed\u0259n Nikol Pa\u015finyan bununla da Rusiya il\u0259 b\u00fct\u00fcn ipl\u0259rini qoparaca\u011f\u0131n\u0131n siqnal\u0131n\u0131 vermi\u015fdi. Bu g\u00fcn is\u0259 A\u0130 missiyas\u0131n\u0131n t\u0259rkibinin geni\u015fl\u0259ndirilm\u0259sind\u0259n s\u00f6hb\u0259t gedir. Maraql\u0131d\u0131r ki, bu missiyan\u0131n r\u0259hb\u0259ri Almaniyan\u0131n ke\u00e7mi\u015f xarici k\u0259\u015ffiyyat zabiti, m\u00fcavini is\u0259 Fransan\u0131n xarici k\u0259\u015ffiyyat xidm\u0259tinin \u0259m\u0259kda\u015f\u0131d\u0131r. El\u0259 bu iki \u015f\u0259xsin Erm\u0259nistanda hans\u0131 m\u0259qs\u0259dl\u0259 \u201cm\u00fc\u015fahid\u0259\u201d apard\u0131qlar\u0131 g\u00fcn kimi ayd\u0131nd\u0131r. C\u0259nubi Qafqazda AB\u015e-nin Rusiya v\u0259 \u0130ran, Q\u0259rbin Rusiya il\u0259 r\u0259qab\u0259tinin g\u00fccl\u0259ndiyini n\u0259z\u0259r\u0259 alsaq, s\u00f6z\u00fcged\u0259n \u015f\u0259xsl\u0259rin \u0130ran v\u0259 Rusiya \u0259leyhin\u0259 k\u0259\u015ffiyyat materiallar\u0131 toplad\u0131qlar\u0131 anla\u015f\u0131lar. Sirr deyil ki, AB\u015e v\u0259 Q\u0259rb, x\u00fcsus\u0259n d\u0259 Fransa Erm\u0259nistan vasit\u0259sil\u0259 Rusiyan\u0131 regiondan s\u0131x\u0131\u015fd\u0131r\u0131b \u00e7\u0131xarma\u011fa \u00e7al\u0131\u015f\u0131r. R\u0259smi \u0130r\u0259van is\u0259 Rusiyaya qar\u015f\u0131 b\u00fct\u00fcn sifari\u015fl\u0259ri d\u0259rhal yerin\u0259 yetirm\u0259y\u0259 \u00e7al\u0131\u015f\u0131r. T\u0259sad\u00fcfi deyil ki, Erm\u0259nistanda rusofobiyan\u0131n g\u00fccl\u0259nm\u0259si, Rusiya telekanallar\u0131n\u0131n yay\u0131m\u0131n\u0131n dayand\u0131r\u0131lmas\u0131, frans\u0131zdilli m\u0259kt\u0259bl\u0259rin say\u0131n\u0131n artmas\u0131 da bu siyas\u0259tin qollar\u0131ndan biridir. Qeyd etm\u0259k yerin\u0259 d\u00fc\u015f\u0259r ki, \u0130r\u0259van\u0131n Rusiyaya qar\u015f\u0131 x\u0259yan\u0259t siyas\u0259ti Erm\u0259nistan\u0131n ictimai r\u0259yind\u0259 a\u00e7\u0131q \u015f\u0259kild\u0259 etiraf edilir.<\/p>\n<p><img src=\"https:\/\/cdn.oxu.az\/uploads\/W1siZiIsIjIwMjMvMTEvMTQvMTEvMDMvMjkvYzlhZDA2MDQtZDllYS00MWUyLTk0MDktN2M0YTY3MmY1Nzk0LzBjZGJiYjVhLWIwNDAtMzE0NS04ODcyLWVmNGEwNzA2YzkyNy5qcGciXSxbInAiLCJlbmNvZGUiLCJqcGciLCItcXVhbGl0eSA4MCJdLFsicCIsInRodW1iIiwiNTkweDU5MFx1MDAzZSJdXQ?sha=096f55ad418699d9\" alt=\"\" \/><\/p>\n<p>Art\u0131q Erm\u0259nistan\u0131n KTMT-d\u0259n (Kollektiv T\u0259hl\u00fck\u0259sizlik M\u00fcqavil\u0259si T\u0259\u015fkilat\u0131) \u00e7\u0131xmas\u0131 zaman m\u0259s\u0259l\u0259sidir. \u00c7\u00fcnki praktiki olaraq Erm\u0259nistan bu qurumdan \u00e7oxdan \u00e7\u0131x\u0131b v\u0259 bu h\u0259rbi-siyasi ittifaqda r\u0259smi n\u00fcmay\u0259nd\u0259 il\u0259 t\u0259msil olunmur. Pa\u015finyan h\u00f6kum\u0259ti h\u0259r n\u0259 q\u0259d\u0259r r\u0259smi dild\u0259 bel\u0259 bir fikrin olmad\u0131\u011f\u0131n\u0131 des\u0259 d\u0259, art\u0131q siyasi kulisl\u0259rd\u0259 bu plan\u0131n yax\u0131n vaxtlarda icra olunaca\u011f\u0131 m\u00fczakir\u0259 edilir. Qeyd etm\u0259k yerin\u0259 d\u00fc\u015f\u0259r ki, Erm\u0259nistan birt\u0259r\u0259fli qaydada Rusiya v\u0259 KTMT \u00fczv \u00f6lk\u0259l\u0259rl\u0259 m\u00fcnasib\u0259tini d\u0259 dondurma\u011fa do\u011fru gedir. H\u0259r n\u0259 q\u0259d\u0259r r\u0259smi kulisl\u0259rd\u0259 A\u0130 \u00f6lk\u0259l\u0259ri, KTMT \u00f6lk\u0259l\u0259ri il\u0259 iqtisadi v\u0259 siyasi m\u00fcnasib\u0259tl\u0259rin inki\u015faf\u0131ndan dan\u0131\u015f\u0131lsa da, \u0259slind\u0259, olan bu m\u00fcnasib\u0259tl\u0259rin g\u00fcn\u00fc-g\u00fcnd\u0259n z\u0259ifl\u0259m\u0259sidir. Erm\u0259nistan h\u0259m siyasi, h\u0259m d\u0259 iqtisadi bax\u0131mdan konkret olaraq A\u0130 il\u0259 \u0259m\u0259kda\u015fl\u0131\u011fa \u00e7ox h\u0259v\u0259slidir.<\/p>\n<p>T\u0259bii ki, Kreml ba\u015f ver\u0259n prosesl\u0259ri izl\u0259yir v\u0259 bunlar bar\u0259d\u0259 kifay\u0259t q\u0259d\u0259r x\u0259b\u0259rdard\u0131r. T\u0259sad\u00fcfi deyil ki, bu yax\u0131nlarda Rusiyan\u0131n X\u0130N ba\u015f\u00e7\u0131s\u0131 Sergey Lavrov \u201cAB\u015e v\u0259 Q\u0259rb haz\u0131rda Kremlin t\u0259sir mexanizml\u0259rini C\u0259nubi Qafqaz v\u0259 M\u0259rk\u0259zi Asiyadan \u00e7\u0131xarmaq \u00fc\u00e7\u00fcn \u0259lind\u0259n g\u0259l\u0259ni edir. Lakin hesab etmirl\u0259r ki, Rusiyan\u0131 bu \u0259razil\u0259rd\u0259n \u00e7\u0131xarmaq \u00fc\u00e7\u00fcn kifay\u0259t q\u0259d\u0259r g\u00fcc v\u0259 imkanlar\u0131 yoxdur. Ona g\u00f6r\u0259 d\u0259 Q\u0259rb n\u0259 edirs\u0259 etsin, he\u00e7 vaxt \u00f6z m\u0259qs\u0259dl\u0259rin\u0259 nail ola bilmir\u201d b\u0259yanat\u0131n\u0131 s\u0259sl\u0259ndirib. Lavrovun b\u0259yanat\u0131 h\u0259m Q\u0259rb\u0259, h\u0259m d\u0259 Erm\u0259nistana \u00fcnvanlan\u0131b. Rusiyal\u0131 diplomat \u00fcst\u00fc\u00f6rt\u00fcl\u00fc \u015f\u0259kild\u0259 bildirir ki, Kremlin b\u00fct\u00fcn planlardan x\u0259b\u0259ri var v\u0259 bu planlar\u0131 d\u0259f etm\u0259k \u00fc\u00e7\u00fcn bir \u00e7ox al\u0259tl\u0259r\u0259 sahibdir. M\u0259s\u0259l\u0259n, Erm\u0259nistan iqtisadiyyat\u0131n\u0131n \u015fah damar\u0131n\u0131n Rusiyan\u0131n \u0259lind\u0259 c\u0259ml\u0259\u015fdiyini d\u00fc\u015f\u00fcns\u0259k, bu \u00f6lk\u0259nin hans\u0131 f\u0259lak\u0259tl\u0259 \u00fczl\u0259\u015f\u0259 bil\u0259c\u0259yini t\u0259s\u0259vv\u00fcr etm\u0259k el\u0259 d\u0259 \u00e7\u0259tin deyil. M\u0259s\u0259l\u0259n, t\u0259kc\u0259 2015-ci ild\u0259 Erm\u0259nistanda elektrik enerjisi tarifl\u0259rinin 4 dram art\u0131r\u0131lmas\u0131 \u0130r\u0259vanda ciddi etirazlara s\u0259b\u0259b olmu\u015fdu. Buna g\u00f6r\u0259 d\u0259 Lavrovun a\u00e7\u0131qlamas\u0131 Rusiyan\u0131 regiondan s\u0131x\u0131\u015fd\u0131rmaq \u00fc\u00e7\u00fcn oyuna qo\u015fulan Erm\u0259nistana ciddi x\u0259b\u0259rdarl\u0131q da say\u0131la bil\u0259r. \u00c7\u00fcnki bu g\u00fcn\u0259 q\u0259d\u0259r Rusiya forpostunu h\u0259l\u0259 ciddi \u015f\u0259kild\u0259 c\u0259zaland\u0131rmay\u0131b.<\/p>\n<p><img src=\"https:\/\/cdn.oxu.az\/uploads\/W1siZiIsIjIwMjMvMTEvMTQvMTEvMDMvMjkvNDNjOThmN2ItOWNkYi00NjRkLWE0NmUtYzZiZjE1NzUwOWZmL2IzNTE1ODAwLTAyZjgtMzY0ZS1hY2UzLTY1NWFhM2E4Nzc4MS5qcGciXSxbInAiLCJlbmNvZGUiLCJqcGciLCItcXVhbGl0eSA4MCJdLFsicCIsInRodW1iIiwiNTkweDU5MFx1MDAzZSJdXQ?sha=8db402dfaed34dfb\" alt=\"\" \/><\/p>\n<p>Lavrovdan sonra is\u0259 Kremlin m\u0259tbuat katibi Dmitri Peskov da ox\u015far b\u0259yanat s\u0259sl\u0259ndirib. Onun s\u00f6zl\u0259rin\u0259 g\u00f6r\u0259, Q\u0259rb b\u0259zi \u00f6lk\u0259l\u0259rl\u0259 \u00f6z maraqlar\u0131 \u00fc\u00e7\u00fcn dostluq edir v\u0259 onlardan istifad\u0259 ed\u0259r\u0259k Rusiyan\u0131 m\u00fc\u0259yy\u0259n regionlardan s\u0131x\u0131\u015fd\u0131rma\u011fa \u00e7al\u0131\u015f\u0131rlar. Rusiyal\u0131 diplomat\u0131n da b\u0259yanat\u0131n\u0131n \u0259sas h\u0259d\u0259fi Erm\u0259nistana mesaj \u00f6t\u00fcr\u0259r\u0259k, istifad\u0259 olunan al\u0259t oldu\u011funu xat\u0131rlatmaqd\u0131r. Diplomatik dill\u0259 bu oyuna al\u0259t olmama\u011fa \u00e7a\u011f\u0131r\u0131\u015fla yana\u015f\u0131, Peskov bu siyas\u0259tin perspektivli olmad\u0131\u011f\u0131n\u0131 da qeyd etm\u0259yi unutmay\u0131b.<\/p>\n<p>Ba\u015f ver\u0259nl\u0259r\u0259 Moskva h\u0259l\u0259 d\u0259 t\u0259mkin n\u00fcmayi\u015f etdirir. Erm\u0259nistan t\u0259r\u0259fi is\u0259 tam s\u00fcr\u0259tl\u0259 Rusiya \u0259leyhin\u0259 kampaniyas\u0131na davam edir. M\u0259s\u0259l\u0259n, erm\u0259ni m\u0259tbuat\u0131 yaz\u0131r ki, \u0130r\u0259van art\u0131q Rusiyadan qorxmur v\u0259 Kremlin bundan sonra onlar\u0131 c\u0259zaland\u0131rmayaca\u011f\u0131na \u0259mindir. El\u0259 bu x\u0259b\u0259rl\u0259r\u0259 \u0259lav\u0259 olaraq qeyd etm\u0259k yerin\u0259 d\u00fc\u015f\u0259r ki, ba\u015f nazir Nikol Pa\u015finyan oktyabr ay\u0131nda partiyada\u015flar\u0131 il\u0259 gizli g\u00f6r\u00fc\u015f ke\u00e7irib v\u0259 \u201cQ\u0259rb\u0259 \u00fcz tutmaq\u201d adl\u0131 m\u0259rh\u0259l\u0259li plan\u0131n\u0131 a\u00e7\u0131qlay\u0131b. O qeyd edib ki, Rusiya il\u0259 \u0259m\u0259kda\u015fl\u0131q n\u0259 indi, n\u0259 d\u0259 g\u0259l\u0259c\u0259kd\u0259 Erm\u0259nistana he\u00e7 bir fayda g\u0259tirm\u0259y\u0259c\u0259k. Eyni zamanda, MDB v\u0259 KTMT \u00e7\u0259r\u00e7iv\u0259sind\u0259 ke\u00e7iril\u0259n t\u0259dbirl\u0259rd\u0259 bundan sonra da i\u015ftirak etm\u0259y\u0259c\u0259yini dil\u0259 g\u0259tirib.<\/p>\n<p><img src=\"https:\/\/cdn.oxu.az\/uploads\/W1siZiIsIjIwMjMvMTEvMTQvMTEvMDMvMjkvYWNmNjgxMWEtMWRkYi00M2RiLWFmNzItNTZlYzE1NDI0ODdjLzEwMDI3MWJmLTZkYzctMzE3Ni05YmI4LTg5ODk2YmI4YzlhNy5qcGciXSxbInAiLCJlbmNvZGUiLCJqcGciLCItcXVhbGl0eSA4MCJdLFsicCIsInRodW1iIiwiNTkweDU5MFx1MDAzZSJdXQ?sha=3616ca1b7462bf20\" alt=\"\" \/><\/p>\n<p>Q\u0259rbin \u015firin v\u0259dl\u0259rin\u0259 aldanan Pa\u015finyan\u0131n fikrin\u0259 g\u00f6r\u0259, A\u0130 v\u0259 AB\u015e-nin t\u0259klif etdiyi yeni imkanlar yax\u0131n vaxtlarda tam \u00fcz\u0259 \u00e7\u0131xacaq. Rusiyan\u0131n uzun m\u00fcdd\u0259tdir Ukrayna il\u0259 m\u00fcharib\u0259 aparmas\u0131ndan ruhlanan Pa\u015finyan d\u00fc\u015f\u00fcn\u00fcr ki, Moskva kifay\u0259t q\u0259d\u0259r z\u0259ifl\u0259yib v\u0259 Erm\u0259nistan\u0131 c\u0259zaland\u0131rmayacaq.<\/p>\n<p>G\u00f6r\u00fcnd\u00fcy\u00fc kimi, Pa\u015finyan h\u00f6kum\u0259ti Rusiyaya qar\u015f\u0131 x\u0259yan\u0259tin\u0259 g\u00f6r\u0259 c\u0259zas\u0131z qalaca\u011f\u0131na \u0259mindir. Bu s\u0259b\u0259bd\u0259n d\u0259 \u0130r\u0259van Kremlin reaksiyas\u0131n\u0131 yox, yeni beyn\u0259lxalq havadarlar tapma\u011f\u0131 d\u00fc\u015f\u00fcn\u00fcr.<\/p>\n<p>T\u0259bii ki, Erm\u0259nistan\u0131n yuxar\u0131da sadalanan add\u0131mlar\u0131 r\u0259smi Tehran\u0131 da narahat etm\u0259y\u0259 ba\u015flay\u0131b. Son g\u00fcnl\u0259r Az\u0259rbaycanla \u0130ran aras\u0131nda m\u00fcnasib\u0259tl\u0259rin istil\u0259\u015fm\u0259si, Tehran r\u0259smil\u0259rinin dilind\u0259n Az\u0259rbaycan\u0131n \u0259razi b\u00fct\u00f6vl\u00fcy\u00fc bar\u0259d\u0259 s\u0259sl\u0259ndiril\u0259n b\u0259yanatlar da bunu s\u00fcbut edir. \u0130ran\u0131n Erm\u0259nistandak\u0131 s\u0259firinin t\u0259xribaty\u00f6nl\u00fc a\u00e7\u0131qlamas\u0131n\u0131 n\u0259z\u0259r\u0259 almasaq, Tehran t\u0259r\u0259fini se\u00e7ib dey\u0259 bil\u0259rik. 13 oktyabr tarixind\u0259 Prezident \u0130lham \u018fliyevin Astanada \u0130ran Prezidenti \u0130brahim R\u0259isi il\u0259 g\u00f6r\u00fc\u015f\u00fc iki \u00f6lk\u0259 aras\u0131nda m\u00fcnasib\u0259tl\u0259rin dinamik inki\u015faf tempi izl\u0259diyini s\u00fcbut edir. \u0130ran\u0131n d\u00f6vl\u0259t ba\u015f\u00e7\u0131s\u0131 bildirib ki, Az\u0259rbaycan \u0130ran\u0131n qon\u015fular\u0131 i\u00e7\u0259risind\u0259 \u00f6lk\u0259si \u00fc\u00e7\u00fcn \u00e7ox vacib t\u0259r\u0259fda\u015fd\u0131r. \u0130ranla Az\u0259rbaycan aras\u0131nda A\u011fb\u0259ndd\u0259 k\u00f6rp\u00fcn\u00fcn t\u0259m\u0259linin at\u0131lmas\u0131, d\u0259miryolunun \u00e7\u0259kilm\u0259si bar\u0259d\u0259 raz\u0131l\u0131\u011f\u0131n \u0259ld\u0259 edilm\u0259si d\u0259 m\u00fcnasib\u0259tl\u0259rin inki\u015faf\u0131n\u0131 bir daha s\u00fcbut edir.<\/p>\n<p>T\u0259sad\u00fcfi deyil ki, el\u0259 bu g\u00fcn \u0130ran\u0131n Xudaf\u0259rin v\u0259 K\u0259lib\u0259r mahal\u0131 \u00fczr\u0259 parlamentd\u0259ki n\u00fcmay\u0259nd\u0259si H\u00fcseyn Hat\u0259mi Xudaf\u0259rin s\u0259rh\u0259d-ke\u00e7id m\u0259nt\u0259q\u0259sinin tezlikl\u0259 qurulaca\u011f\u0131n\u0131 v\u0259 qon\u015fu \u00f6lk\u0259l\u0259rin d\u0259 bu d\u0259hlizd\u0259n m\u00fc\u0259yy\u0259n m\u0259nada faydalanaca\u011f\u0131n\u0131 b\u0259yan edib. \u0130ran r\u0259smisi qeyd edib ki, bu d\u0259hliz uzun bir tarix\u0259 malikdir. X\u0259z\u0259r d\u0259nizi il\u0259 T\u00fcrkiy\u0259, \u015e\u0259rqi v\u0259 Q\u0259rbi Az\u0259rbaycan aras\u0131nda tranzit mar\u015frutudur.<\/p>\n<p><img src=\"https:\/\/cdn.oxu.az\/uploads\/W1siZiIsIjIwMjMvMTEvMTQvMTEvMDMvMjkvNjJlYmIzYmEtNTNmYy00NjkyLWIzYmEtNDczM2JlYmFiYmM4LzU0MDcyMWNiLThkMjEtM2YyMy04NTNjLWE0NmMxZTRlNmUwNy5qcGVnIl0sWyJwIiwiZW5jb2RlIiwianBnIiwiLXF1YWxpdHkgODAiXSxbInAiLCJ0aHVtYiIsIjU5MHg1OTBcdTAwM2UiXV0?sha=2a0ab22940cf6ab7\" alt=\"\" \/><\/p>\n<p>G\u00f6r\u00fcnd\u00fcy\u00fc kimi, art\u0131q r\u0259smi Tehran da \u0130r\u0259van\u0131n niyy\u0259tini tam d\u0259rk edib. Q\u0259rbin, x\u00fcsus\u0259n d\u0259 \u0259z\u0259li d\u00fc\u015fm\u0259ni AB\u015e-nin regionda m\u00f6vcudlu\u011funu art\u0131rmas\u0131 \u0130slam Respublikas\u0131nda xo\u015f qar\u015f\u0131lanm\u0131r. A\u0130 m\u00fc\u015fahid\u0259\u00e7il\u0259rinin s\u0259rh\u0259dd\u0259 patrul xidm\u0259ti ad\u0131 alt\u0131nda k\u0259\u015ffiyyat materiallar\u0131 toplamas\u0131 \u0130randa \u00e7oxdan bilinir. T\u0259sad\u00fcfi deyil ki, \u0130ran r\u0259smil\u0259ri d\u0259f\u0259l\u0259rl\u0259 regionda xarici q\u00fcvv\u0259l\u0259rin m\u00f6vcudlu\u011funu q\u0259buledilm\u0259z adland\u0131r\u0131blar. Bu is\u0259 Erm\u0259nistana \u00f6t\u00fcr\u00fcl\u0259n mesaj say\u0131l\u0131r. Amma \u0130r\u0259van bu a\u00e7\u0131qlaman\u0131 qulaqard\u0131na vurmaqla yana\u015f\u0131, A\u0130 m\u00fc\u015fahid\u0259\u00e7i say\u0131n\u0131 art\u0131rmaq q\u0259rar\u0131na g\u0259lib. Fransadan silah al\u0131m\u0131 da r\u0259smi Tehran t\u0259r\u0259find\u0259n xo\u015f qar\u015f\u0131lanm\u0131r. \u0130ran region \u00f6lk\u0259l\u0259rin\u0259 silah sat\u0131\u015f\u0131nda \u00e7ox maraql\u0131d\u0131r v\u0259 bazarda yeni r\u0259qibin olmas\u0131n\u0131 q\u0259bul etm\u0259y\u0259c\u0259k. H\u0259l\u0259lik r\u0259smil\u0259r a\u00e7\u0131q-a\u015fkar naraz\u0131l\u0131qlar\u0131n\u0131 bildirm\u0259s\u0259l\u0259r d\u0259, r\u0259smi Tehran d\u0259f\u0259l\u0259rl\u0259 regionda, x\u00fcsus\u0259n d\u0259 s\u0259rh\u0259dind\u0259 xarici q\u00fcvv\u0259l\u0259rin m\u00f6vcudlu\u011funu q\u0259bul etm\u0259diyini bildirib.<\/p>\n<p>Erm\u0259nistan Q\u0259rb\u0259 yax\u0131nla\u015fmaqla h\u0259m Rusiyan\u0131, h\u0259m d\u0259 \u0130ran\u0131 \u00f6z\u00fcnd\u0259n k\u00fcsd\u00fcrm\u0259kd\u0259 israrl\u0131d\u0131r. Regionun n\u0259h\u0259ng d\u00f6vl\u0259tl\u0259ri il\u0259 m\u00fcnasib\u0259tl\u0259ri pisl\u0259\u015fdirm\u0259k \u0130r\u0259vana hans\u0131 faydalar\u0131 t\u0259min ed\u0259c\u0259k? Rusiya v\u0259 \u0130ran\u0131n s\u0259rt c\u0259za t\u0259dbirl\u0259ri n\u0259 olacaq? Bunu zaman g\u00f6st\u0259r\u0259c\u0259k.<\/p>\n<p><strong>\u201cReport\u201d \u0130nformasiya Agentliyi<\/strong><\/p>\n","protected":false},"excerpt":{"rendered":"<p>Erm\u0259nistan\u0131n ba\u015f naziri Nikol Pa\u015finyan\u0131n bir-birin\u0259 zidd b\u0259yanatlar\u0131n\u0131n ard\u0131-aras\u0131 k\u0259silmir. Bir m\u00fcdd\u0259t \u0259vv\u0259l Az\u0259rbaycanla ilin sonuna q\u0259d\u0259r s\u00fclh m\u00fcqavil\u0259sinin imzalanaca\u011f\u0131n\u0131, regiondak\u0131 kommunikasiyalar\u0131n b\u0259rpa edil\u0259c\u0259yini b\u0259yan ed\u0259n erm\u0259ni ba\u015f nazir bir ne\u00e7\u0259 g\u00fcn sonra dedikl\u0259rinin tam \u0259ksin\u0259 b\u0259yanat s\u0259sl\u0259ndir\u0259r\u0259k \u0259sl xisl\u0259tini ortaya qoyur. Bu b\u0259yanata is\u0259 Erm\u0259nistan\u0131n siyasi r\u0259hb\u0259rliyinin dig\u0259r \u00fczvl\u0259ri d\u0259 qo\u015fularaq sanki ba\u015f nazirl\u0259rin\u0259 z\u00fcy tuturlar. Bununla bel\u0259, regionda son g\u00fcnl\u0259r ba\u015f ver\u0259nl\u0259r \u0130r\u0259van\u0131n Parisin dikt\u0259si il\u0259 imzalanmas\u0131 n\u0259z\u0259rd\u0259 tutulan s\u00fclh m\u00fcqavil\u0259sini sabotaj etdiyi d\u0259 ortaya \u00e7\u0131x\u0131r. Fransa il\u0259 h\u0259rbi sah\u0259d\u0259 \u0259m\u0259kda\u015fl\u0131q imzaland\u0131qdan sonra hakimiyy\u0259tin media resurslar\u0131 bu m\u00fcqavil\u0259ni&hellip;<\/p>\n","protected":false},"author":2,"featured_media":656046,"comment_status":"closed","ping_status":"closed","sticky":false,"template":"","format":"standard","meta":{"om_disable_all_campaigns":false,"_monsterinsights_skip_tracking":false,"_monsterinsights_sitenote_active":false,"_monsterinsights_sitenote_note":"","_monsterinsights_sitenote_category":0},"categories":[4],"tags":[],"aioseo_notices":[],"gutentor_comment":0,"rttpg_featured_image_url":{"full":["https:\/\/arantv.az\/wp-content\/uploads\/2023\/11\/8e218899-b6ef-38b4-b959-43a0e5add097_850.jpg",620,413,false],"landscape":["https:\/\/arantv.az\/wp-content\/uploads\/2023\/11\/8e218899-b6ef-38b4-b959-43a0e5add097_850.jpg",620,413,false],"portraits":["https:\/\/arantv.az\/wp-content\/uploads\/2023\/11\/8e218899-b6ef-38b4-b959-43a0e5add097_850.jpg",620,413,false],"thumbnail":["https:\/\/arantv.az\/wp-content\/uploads\/2023\/11\/8e218899-b6ef-38b4-b959-43a0e5add097_850-500x280.jpg",500,280,true],"medium":["https:\/\/arantv.az\/wp-content\/uploads\/2023\/11\/8e218899-b6ef-38b4-b959-43a0e5add097_850-548x365.jpg",548,365,true],"large":["https:\/\/arantv.az\/wp-content\/uploads\/2023\/11\/8e218899-b6ef-38b4-b959-43a0e5add097_850.jpg",620,413,false],"1536x1536":["https:\/\/arantv.az\/wp-content\/uploads\/2023\/11\/8e218899-b6ef-38b4-b959-43a0e5add097_850.jpg",620,413,false],"2048x2048":["https:\/\/arantv.az\/wp-content\/uploads\/2023\/11\/8e218899-b6ef-38b4-b959-43a0e5add097_850.jpg",620,413,false],"post-thumbnail":["https:\/\/arantv.az\/wp-content\/uploads\/2023\/11\/8e218899-b6ef-38b4-b959-43a0e5add097_850-240x172.jpg",240,172,true],"advps-thumb-one":["https:\/\/arantv.az\/wp-content\/uploads\/2023\/11\/8e218899-b6ef-38b4-b959-43a0e5add097_850.jpg",620,413,false]},"rttpg_author":{"display_name":"V\u00fcsal Rafiqo\u011flu","author_link":"https:\/\/arantv.az\/?author=2"},"rttpg_comment":0,"rttpg_category":"<a href=\"https:\/\/arantv.az\/?cat=4\" rel=\"category\">Siyas\u0259t<\/a>","rttpg_excerpt":"Erm\u0259nistan\u0131n ba\u015f naziri Nikol Pa\u015finyan\u0131n bir-birin\u0259 zidd b\u0259yanatlar\u0131n\u0131n ard\u0131-aras\u0131 k\u0259silmir. Bir m\u00fcdd\u0259t \u0259vv\u0259l Az\u0259rbaycanla ilin sonuna q\u0259d\u0259r s\u00fclh m\u00fcqavil\u0259sinin imzalanaca\u011f\u0131n\u0131, regiondak\u0131 kommunikasiyalar\u0131n b\u0259rpa edil\u0259c\u0259yini b\u0259yan ed\u0259n erm\u0259ni ba\u015f nazir bir ne\u00e7\u0259 g\u00fcn sonra dedikl\u0259rinin tam \u0259ksin\u0259 b\u0259yanat s\u0259sl\u0259ndir\u0259r\u0259k \u0259sl xisl\u0259tini ortaya qoyur. Bu b\u0259yanata is\u0259 Erm\u0259nistan\u0131n siyasi r\u0259hb\u0259rliyinin dig\u0259r \u00fczvl\u0259ri d\u0259 qo\u015fularaq sanki ba\u015f nazirl\u0259rin\u0259&hellip;","_links":{"self":[{"href":"https:\/\/arantv.az\/index.php?rest_route=\/wp\/v2\/posts\/656045"}],"collection":[{"href":"https:\/\/arantv.az\/index.php?rest_route=\/wp\/v2\/posts"}],"about":[{"href":"https:\/\/arantv.az\/index.php?rest_route=\/wp\/v2\/types\/post"}],"author":[{"embeddable":true,"href":"https:\/\/arantv.az\/index.php?rest_route=\/wp\/v2\/users\/2"}],"replies":[{"embeddable":true,"href":"https:\/\/arantv.az\/index.php?rest_route=%2Fwp%2Fv2%2Fcomments&post=656045"}],"version-history":[{"count":0,"href":"https:\/\/arantv.az\/index.php?rest_route=\/wp\/v2\/posts\/656045\/revisions"}],"wp:featuredmedia":[{"embeddable":true,"href":"https:\/\/arantv.az\/index.php?rest_route=\/wp\/v2\/media\/656046"}],"wp:attachment":[{"href":"https:\/\/arantv.az\/index.php?rest_route=%2Fwp%2Fv2%2Fmedia&parent=656045"}],"wp:term":[{"taxonomy":"category","embeddable":true,"href":"https:\/\/arantv.az\/index.php?rest_route=%2Fwp%2Fv2%2Fcategories&post=656045"},{"taxonomy":"post_tag","embeddable":true,"href":"https:\/\/arantv.az\/index.php?rest_route=%2Fwp%2Fv2%2Ftags&post=656045"}],"curies":[{"name":"wp","href":"https:\/\/api.w.org\/{rel}","templated":true}]}}