{"id":656067,"date":"2023-11-14T12:51:23","date_gmt":"2023-11-14T08:51:23","guid":{"rendered":"https:\/\/arantv.az\/?p=656067"},"modified":"2023-11-14T12:51:23","modified_gmt":"2023-11-14T08:51:23","slug":"fransanin-erm%c9%99nistani-silahlandirmasi-niy%c9%99-gurcustan-secildi-t%c9%99hlil","status":"publish","type":"post","link":"https:\/\/arantv.az\/?p=656067","title":{"rendered":"Fransan\u0131n Erm\u0259nistan\u0131 silahland\u0131rmas\u0131: Niy\u0259 G\u00fcrc\u00fcstan se\u00e7ildi? &#8211; T\u018fHL\u0130L"},"content":{"rendered":"<p>Fransan\u0131n G\u00fcrc\u00fcstan vasit\u0259sil\u0259 Erm\u0259nistana silah g\u00f6nd\u0259rm\u0259si Parisin regionda s\u00fclh v\u0259 t\u0259hl\u00fck\u0259sizlikl\u0259 \u0259laq\u0259dar olan yana\u015fmas\u0131ndak\u0131 qeyri-s\u0259mimi tonu a\u015fkar \u015f\u0259kild\u0259 g\u00f6st\u0259rir.<\/p>\n<p>G\u00fcrc\u00fcstan Az\u0259rbaycan\u0131n strateji t\u0259r\u0259fda\u015f\u0131d\u0131r, onda sual olunur, n\u0259 ba\u015f verdi ki, r\u0259smi Tbilisi \u00f6lk\u0259 \u0259razisind\u0259n Erm\u0259nistana Fransa silahlar\u0131n\u0131n da\u015f\u0131nmas\u0131na raz\u0131l\u0131q verdi?<\/p>\n<p>G\u00fcrc\u00fcstan\u0131n bel\u0259 bir siyas\u0259t izl\u0259m\u0259si yax\u0131n tarixd\u0259 ba\u015f ver\u0259n bir proses\u0259 ba\u011fl\u0131 kimi g\u00f6r\u00fcn\u00fcr.<\/p>\n<p>Bel\u0259 ki, 2023-c\u00fc ilin sentyabr ay\u0131nda G\u00fcrc\u00fcstan Prezidenti Salome Zurabi\u015fvili h\u00f6kum\u0259td\u0259n icaz\u0259siz Avropa turnesin\u0259 \u00e7\u0131xm\u0131\u015fd\u0131 v\u0259 o, s\u0259f\u0259r proqram\u0131nda Fransa Prezidenti Emmanuel Makronla da g\u00f6r\u00fc\u015fd\u00fc.<\/p>\n<p>D\u00fczd\u00fcr, G\u00fcrc\u00fcstanda \u0259sas s\u0259lahiyy\u0259tl\u0259r h\u00f6kum\u0259td\u0259dir, orada tez-tez hakimiyy\u0259tl\u0259 prezidentlik institutu aras\u0131nda \u00e7\u0259ki\u015fm\u0259l\u0259r olur. Ancaq yen\u0259 d\u0259 sual yaran\u0131r ki, \u00f6lk\u0259nin idar\u0259etm\u0259si h\u00f6kum\u0259td\u0259 oldu\u011fu halda, o, niy\u0259 Erm\u0259nistana silah da\u015f\u0131nmas\u0131na ya\u015f\u0131l i\u015f\u0131q yand\u0131r\u0131b? G\u00f6r\u0259s\u0259n, Zurabi\u015fvilinin faktiki s\u0259lahiyy\u0259t imkan\u0131 geni\u015fdirmi ki, o, Fransa il\u0259 s\u00f6vd\u0259l\u0259\u015fm\u0259y\u0259 girsin?<\/p>\n<p>Bilmirik, amma ba\u015fqa s\u0259mtd\u0259 analitik g\u00f6r\u00fcnt\u00fcn\u00fc bel\u0259 t\u0259svir ed\u0259 bil\u0259rik ki, G\u00fcrc\u00fcstanda h\u00f6kum\u0259tl\u0259 prezidentlik t\u0259sisat\u0131n\u0131n \u00e7\u0259ki\u015fm\u0259si regionda Fransan\u0131n b\u0259rkim\u0259sin\u0259 \u015f\u0259rait yarad\u0131r v\u0259 Paris C\u0259nubi Qafqazda r\u0259smi Tbilisinin siyas\u0259t x\u0259ttini d\u0259yi\u015fdirm\u0259y\u0259 c\u0259hdi \u00f6z\u00fcn\u0259 borc bilir.<\/p>\n<p>G\u00fcman var ki, Fransa G\u00fcrc\u00fcstana Avropa \u0130ttifaq\u0131na \u00fczvl\u00fck \u00fc\u00e7\u00fcn yax\u015f\u0131ca v\u0259d verib v\u0259 \u0259v\u0259zind\u0259 silah trafikini canland\u0131rmaq t\u0259l\u0259bini s\u0259sl\u0259ndirib. H\u0259r\u00e7\u0259nd ki, G\u00fcrc\u00fcstan\u0131n siyasi elitas\u0131nda Avropa \u0130ttifaq\u0131 il\u0259 \u0259laq\u0259dar m\u00f6vqel\u0259r t\u0259hl\u00fck\u0259sizlik dilemmalar\u0131 s\u0259b\u0259bil\u0259 ha\u00e7alan\u0131r &#8211; Rusiya amilin\u0259 g\u00f6r\u0259.<\/p>\n<p>Bir daha Fransaya qay\u0131daq, Parisin \u00fcz\u00fcn\u0259 regionun t\u0259hl\u00fck\u0259sizlik b\u00fcn\u00f6vr\u0259sin\u0259 t\u0259hdid ola bil\u0259c\u0259k kanallardan biri ba\u011flan\u0131b &#8211; Az\u0259rbaycan\u0131n Qaraba\u011fda separatizmi m\u0259hv etm\u0259si bunun bariz n\u00fcmun\u0259si kimi s\u0259sl\u0259nm\u0259lidir.<\/p>\n<p>Ancaq qlobal d\u00fcz\u0259ni qurcalayan Fransan\u0131n C\u0259nubi Qafqazda ba\u015fqa a\u00e7\u0131q qalan qap\u0131lar\u0131 aralamaq c\u0259hdl\u0259ri Parisin Erm\u0259nistan\u0131 yeni qisasa haz\u0131rlamaq plan\u0131n\u0131n indikatorudur.<\/p>\n<p>Amma diqq\u0259t\u0259 al\u0131nmal\u0131d\u0131r ki, Paris regionda m\u00fcnaqi\u015f\u0259l\u0259ri q\u0131z\u0131\u015fd\u0131r\u0131b onu idar\u0259 etm\u0259k kanallar\u0131n\u0131 axtarsa da, onun Erm\u0259nistana g\u00f6nd\u0259rdiyi silahlar q\u00fcvv\u0259l\u0259r balans\u0131n\u0131 d\u0259yi\u015f\u0259 bil\u0259c\u0259k bir s\u0259viyy\u0259d\u0259 deyil.<\/p>\n<p>Bunu Fransa da ba\u015fa d\u00fc\u015fm\u0259mi\u015f olmaz, amma onun \u00fc\u00e7\u00fcn regionda ba\u015fa\u011fr\u0131s\u0131 m\u0259nb\u0259l\u0259rini art\u0131rmaq prioritetdir, y\u0259ni problem olsun v\u0259 onun qar topas\u0131 kimi b\u00f6y\u00fcm\u0259si \u00fc\u00e7\u00fcn stimullar haz\u0131rlans\u0131n.<\/p>\n<p>Buna g\u00f6r\u0259 d\u0259 Fransa Erm\u0259nistan\u0131 \u00f6z\u00fcn\u00fcn regional siyas\u0259tin\u0259 bir piyada kimi inteqrasiya etm\u0259k imkanlar\u0131n\u0131 aray\u0131r v\u0259 G\u00fcrc\u00fcstana vasit\u0259 kimi bax\u0131r.<\/p>\n<p>Geni\u015f bir tabloda is\u0259 Fransa daha b\u00f6y\u00fck \u015fanslar axtar\u0131\u015f\u0131ndad\u0131r, onun Hindistan v\u0259 \u0130ranla g\u0259l\u0259c\u0259k s\u00f6vd\u0259l\u0259\u015fm\u0259l\u0259r\u0259 gedib regionda gizli \u00fc\u00e7l\u00fc format yarada bil\u0259c\u0259yi bar\u0259d\u0259 fikirl\u0259r\u0259 qap\u0131lma\u011fa \u0259saslar var.<\/p>\n<p>Burada Erm\u0259nistan\u0131n m\u00fcvazin\u0259tini itirib tamamil\u0259 y\u0131x\u0131lma\u011fa do\u011fru getdiyi m\u0259nz\u0259r\u0259sini canland\u0131randa Fransan\u0131n \u0130r\u0259van\u0131 dir\u00e7\u0259ltm\u0259k c\u0259hdl\u0259rinin yekunu maraq do\u011furur.<\/p>\n<p>Bir hiss\u0259ni yuxar\u0131da qeyd etmi\u015fik, ard\u0131n\u0131 bel\u0259 g\u0259tir\u0259 bil\u0259rik ki, Erm\u0259nistan\u0131n silahlanma h\u0259ddi Az\u0259rbaycan\u0131n s\u0259bir \u00e7\u0259r\u00e7iv\u0259l\u0259rini ke\u00e7s\u0259, Bak\u0131 \u00f6z\u00fcn\u00fcn strateji m\u00fcdafi\u0259si \u00fc\u00e7\u00fcn alternativ \u0259m\u0259liyyatlar\u0131 \u0130r\u0259van\u0131n sinirin\u0259 toxunduracaq.<\/p>\n<p>\u0130kincisi, Az\u0259rbaycan v\u0259 T\u00fcrkiy\u0259 G\u00fcrc\u00fcstanla dan\u0131\u015f\u0131qlar apar\u0131b onun Fransaya a\u00e7d\u0131\u011f\u0131 qap\u0131lar\u0131 ba\u011flama\u011fa nail ola bil\u0259rl\u0259r ki, bu da Erm\u0259nistan\u0131n silahlanma taleyin\u0259 blok qoyar.<\/p>\n","protected":false},"excerpt":{"rendered":"<p>Fransan\u0131n G\u00fcrc\u00fcstan vasit\u0259sil\u0259 Erm\u0259nistana silah g\u00f6nd\u0259rm\u0259si Parisin regionda s\u00fclh v\u0259 t\u0259hl\u00fck\u0259sizlikl\u0259 \u0259laq\u0259dar olan yana\u015fmas\u0131ndak\u0131 qeyri-s\u0259mimi tonu a\u015fkar \u015f\u0259kild\u0259 g\u00f6st\u0259rir. G\u00fcrc\u00fcstan Az\u0259rbaycan\u0131n strateji t\u0259r\u0259fda\u015f\u0131d\u0131r, onda sual olunur, n\u0259 ba\u015f verdi ki, r\u0259smi Tbilisi \u00f6lk\u0259 \u0259razisind\u0259n Erm\u0259nistana Fransa silahlar\u0131n\u0131n da\u015f\u0131nmas\u0131na raz\u0131l\u0131q verdi? G\u00fcrc\u00fcstan\u0131n bel\u0259 bir siyas\u0259t izl\u0259m\u0259si yax\u0131n tarixd\u0259 ba\u015f ver\u0259n bir proses\u0259 ba\u011fl\u0131 kimi g\u00f6r\u00fcn\u00fcr. Bel\u0259 ki, 2023-c\u00fc ilin sentyabr ay\u0131nda G\u00fcrc\u00fcstan Prezidenti Salome Zurabi\u015fvili h\u00f6kum\u0259td\u0259n icaz\u0259siz Avropa turnesin\u0259 \u00e7\u0131xm\u0131\u015fd\u0131 v\u0259 o, s\u0259f\u0259r proqram\u0131nda Fransa Prezidenti Emmanuel Makronla da g\u00f6r\u00fc\u015fd\u00fc. D\u00fczd\u00fcr, G\u00fcrc\u00fcstanda \u0259sas s\u0259lahiyy\u0259tl\u0259r h\u00f6kum\u0259td\u0259dir, orada tez-tez hakimiyy\u0259tl\u0259 prezidentlik institutu aras\u0131nda&hellip;<\/p>\n","protected":false},"author":2,"featured_media":656068,"comment_status":"closed","ping_status":"closed","sticky":false,"template":"","format":"standard","meta":{"om_disable_all_campaigns":false,"_monsterinsights_skip_tracking":false,"_monsterinsights_sitenote_active":false,"_monsterinsights_sitenote_note":"","_monsterinsights_sitenote_category":0},"categories":[4],"tags":[],"aioseo_notices":[],"gutentor_comment":0,"rttpg_featured_image_url":{"full":["https:\/\/arantv.az\/wp-content\/uploads\/2023\/11\/emxnc1un1bp54m1ugi8mw0rsqq28zmvq.jpg",620,413,false],"landscape":["https:\/\/arantv.az\/wp-content\/uploads\/2023\/11\/emxnc1un1bp54m1ugi8mw0rsqq28zmvq.jpg",620,413,false],"portraits":["https:\/\/arantv.az\/wp-content\/uploads\/2023\/11\/emxnc1un1bp54m1ugi8mw0rsqq28zmvq.jpg",620,413,false],"thumbnail":["https:\/\/arantv.az\/wp-content\/uploads\/2023\/11\/emxnc1un1bp54m1ugi8mw0rsqq28zmvq-500x280.jpg",500,280,true],"medium":["https:\/\/arantv.az\/wp-content\/uploads\/2023\/11\/emxnc1un1bp54m1ugi8mw0rsqq28zmvq-548x365.jpg",548,365,true],"large":["https:\/\/arantv.az\/wp-content\/uploads\/2023\/11\/emxnc1un1bp54m1ugi8mw0rsqq28zmvq.jpg",620,413,false],"1536x1536":["https:\/\/arantv.az\/wp-content\/uploads\/2023\/11\/emxnc1un1bp54m1ugi8mw0rsqq28zmvq.jpg",620,413,false],"2048x2048":["https:\/\/arantv.az\/wp-content\/uploads\/2023\/11\/emxnc1un1bp54m1ugi8mw0rsqq28zmvq.jpg",620,413,false],"post-thumbnail":["https:\/\/arantv.az\/wp-content\/uploads\/2023\/11\/emxnc1un1bp54m1ugi8mw0rsqq28zmvq-240x172.jpg",240,172,true],"advps-thumb-one":["https:\/\/arantv.az\/wp-content\/uploads\/2023\/11\/emxnc1un1bp54m1ugi8mw0rsqq28zmvq.jpg",620,413,false]},"rttpg_author":{"display_name":"V\u00fcsal Rafiqo\u011flu","author_link":"https:\/\/arantv.az\/?author=2"},"rttpg_comment":0,"rttpg_category":"<a href=\"https:\/\/arantv.az\/?cat=4\" rel=\"category\">Siyas\u0259t<\/a>","rttpg_excerpt":"Fransan\u0131n G\u00fcrc\u00fcstan vasit\u0259sil\u0259 Erm\u0259nistana silah g\u00f6nd\u0259rm\u0259si Parisin regionda s\u00fclh v\u0259 t\u0259hl\u00fck\u0259sizlikl\u0259 \u0259laq\u0259dar olan yana\u015fmas\u0131ndak\u0131 qeyri-s\u0259mimi tonu a\u015fkar \u015f\u0259kild\u0259 g\u00f6st\u0259rir. G\u00fcrc\u00fcstan Az\u0259rbaycan\u0131n strateji t\u0259r\u0259fda\u015f\u0131d\u0131r, onda sual olunur, n\u0259 ba\u015f verdi ki, r\u0259smi Tbilisi \u00f6lk\u0259 \u0259razisind\u0259n Erm\u0259nistana Fransa silahlar\u0131n\u0131n da\u015f\u0131nmas\u0131na raz\u0131l\u0131q verdi? G\u00fcrc\u00fcstan\u0131n bel\u0259 bir siyas\u0259t izl\u0259m\u0259si yax\u0131n tarixd\u0259 ba\u015f ver\u0259n bir proses\u0259 ba\u011fl\u0131 kimi g\u00f6r\u00fcn\u00fcr. Bel\u0259&hellip;","_links":{"self":[{"href":"https:\/\/arantv.az\/index.php?rest_route=\/wp\/v2\/posts\/656067"}],"collection":[{"href":"https:\/\/arantv.az\/index.php?rest_route=\/wp\/v2\/posts"}],"about":[{"href":"https:\/\/arantv.az\/index.php?rest_route=\/wp\/v2\/types\/post"}],"author":[{"embeddable":true,"href":"https:\/\/arantv.az\/index.php?rest_route=\/wp\/v2\/users\/2"}],"replies":[{"embeddable":true,"href":"https:\/\/arantv.az\/index.php?rest_route=%2Fwp%2Fv2%2Fcomments&post=656067"}],"version-history":[{"count":0,"href":"https:\/\/arantv.az\/index.php?rest_route=\/wp\/v2\/posts\/656067\/revisions"}],"wp:featuredmedia":[{"embeddable":true,"href":"https:\/\/arantv.az\/index.php?rest_route=\/wp\/v2\/media\/656068"}],"wp:attachment":[{"href":"https:\/\/arantv.az\/index.php?rest_route=%2Fwp%2Fv2%2Fmedia&parent=656067"}],"wp:term":[{"taxonomy":"category","embeddable":true,"href":"https:\/\/arantv.az\/index.php?rest_route=%2Fwp%2Fv2%2Fcategories&post=656067"},{"taxonomy":"post_tag","embeddable":true,"href":"https:\/\/arantv.az\/index.php?rest_route=%2Fwp%2Fv2%2Ftags&post=656067"}],"curies":[{"name":"wp","href":"https:\/\/api.w.org\/{rel}","templated":true}]}}