{"id":656070,"date":"2023-11-14T12:52:15","date_gmt":"2023-11-14T08:52:15","guid":{"rendered":"https:\/\/arantv.az\/?p=656070"},"modified":"2023-11-14T12:52:15","modified_gmt":"2023-11-14T08:52:15","slug":"boyuk-qayidisa-dair-m%c9%99sgulluq-m%c9%99s%c9%99l%c9%99l%c9%99ri-muzakir%c9%99-olunub-foto","status":"publish","type":"post","link":"https:\/\/arantv.az\/?p=656070","title":{"rendered":"B\u00f6y\u00fck Qay\u0131d\u0131\u015fa dair m\u0259\u015f\u011fulluq m\u0259s\u0259l\u0259l\u0259ri m\u00fczakir\u0259 olunub &#8211; FOTO"},"content":{"rendered":"<p>\u0130qtisadi \u0130slahatlar\u0131n T\u0259hlili v\u0259 Kommunikasiya M\u0259rk\u0259zind\u0259 (\u0130\u0130TKM) \u201cAz\u0259rbaycan Respublikas\u0131n\u0131n i\u015f\u011faldan azad edilmi\u015f \u0259razil\u0259rin\u0259 B\u00f6y\u00fck Qay\u0131d\u0131\u015fa dair I D\u00f6vl\u0259t Proqram\u0131\u201dnda \u0259ksini tapan m\u0259\u015f\u011fulluq m\u0259s\u0259l\u0259l\u0259ri il\u0259 ba\u011fl\u0131 m\u00fczakir\u0259 apar\u0131l\u0131b.<\/p>\n<p>M\u0259rk\u0259zd\u0259n veril\u0259n m\u0259lumata g\u00f6r\u0259, \u0130\u0130TKM-in icra\u00e7\u0131 direktoru V\u00fcsal Qas\u0131ml\u0131, \u0259m\u0259k v\u0259 \u0259halinin sosial m\u00fcdafi\u0259si nazirinin m\u00fcavini Anar \u018fliyev, nazirliyin tabeliyind\u0259ki D\u00f6vl\u0259t M\u0259\u015f\u011fulluq Agentliyinin s\u0259dri Mustafa Abbasb\u0259ylinin i\u015ftirak etdiyi g\u00f6r\u00fc\u015fd\u0259 Qaraba\u011f v\u0259 \u015e\u0259rqi Z\u0259ng\u0259zur iqtisadi rayonlar\u0131nda aktiv i\u015f\u00e7i q\u00fcvv\u0259si t\u0259l\u0259b ed\u0259n sah\u0259l\u0259r m\u00fczakir\u0259 olunub.<\/p>\n<p>Bu sah\u0259l\u0259r, \u0259sas\u0259n, d\u00f6vl\u0259t v\u0259 \u00f6z\u0259l olmaqla bir ne\u00e7\u0259 istiqam\u0259t \u00fczr\u0259 t\u0259snifatland\u0131r\u0131l\u0131b. Bundan ba\u015fqa, Qaraba\u011f v\u0259 \u015e\u0259rqi Z\u0259ng\u0259zur iqtisadi rayonlar\u0131nda \u201cB\u00f6y\u00fck Qay\u0131d\u0131\u015fa dair I D\u00f6vl\u0259t Proqram\u0131\u201d \u00e7\u0259r\u00e7iv\u0259sind\u0259 2024-c\u00fc ild\u0259 tikintisi planla\u015fd\u0131r\u0131lan obyektl\u0259r, k\u00f6\u00e7\u00fcr\u00fcl\u0259n \u0259halinin pe\u015f\u0259 haz\u0131rl\u0131\u011f\u0131, pilot layih\u0259l\u0259rin icras\u0131 v\u0259 s. dig\u0259r \u0259h\u0259miyy\u0259tli m\u0259s\u0259l\u0259l\u0259rd\u0259n dan\u0131\u015f\u0131l\u0131b.<\/p>\n<p>Fikir m\u00fcbadil\u0259sinin ard\u0131nca m\u00fczakir\u0259l\u0259rin davam etdirilm\u0259sin\u0259 q\u0259rar verilib. H\u0259m\u00e7inin, m\u00fczakir\u0259 m\u00f6vzusu olan b\u00f6lg\u0259y\u0259 birg\u0259 s\u0259f\u0259rl\u0259rin h\u0259yata ke\u00e7irilm\u0259si v\u0259 ara\u015fd\u0131rmalar\u0131n apar\u0131lmas\u0131 haqq\u0131nda raz\u0131l\u0131q \u0259ld\u0259 olunub.<\/p>\n<p>&nbsp;<\/p>\n<div class=\"gallery\">\n<div class=\"gallery-i\"><img src=\"https:\/\/cdn.oxu.az\/uploads\/W1siZiIsIjIwMjMvMTEvMTQvMTIvMjUvNTYvNGJkMzIzNzgtN2JkOS00MzQxLWE5ZTAtNmJiMjRlMjdkMDk4LzM5ZWMyMGZlY2Y4ZGQ5NTA5OWU3ODA1NC5qcGciXSxbInAiLCJlbmNvZGUiLCJqcGciLCItcXVhbGl0eSA4MCJdLFsicCIsInRodW1iIiwiNTkweDU5MFx1MDAzZSJdXQ?sha=118aa37a1991422b\" alt=\"\" \/><\/p>\n<div class=\"gallery-i-caption\"><\/div>\n<\/div>\n<div class=\"gallery-i\"><img src=\"https:\/\/cdn.oxu.az\/uploads\/W1siZiIsIjIwMjMvMTEvMTQvMTIvMjUvNTYvZDFlNThlNjktMTA1ZS00Y2U5LWJhZjUtOWZhMTZiZTUzMDcyLzM5ZWMyMGZlY2Y4ZGQ5NTA5OWU3MTYyMS5qcGciXSxbInAiLCJlbmNvZGUiLCJqcGciLCItcXVhbGl0eSA4MCJdLFsicCIsInRodW1iIiwiNTkweDU5MFx1MDAzZSJdXQ?sha=0aa2467ba1ae7aee\" alt=\"\" \/><\/p>\n<div class=\"gallery-i-caption\"><\/div>\n<\/div>\n<div class=\"gallery-i\"><img src=\"https:\/\/cdn.oxu.az\/uploads\/W1siZiIsIjIwMjMvMTEvMTQvMTIvMjUvNTYvNDdjMjAzZmEtNTU4Zi00MzE1LTgxODQtYjQyOTI3ODJhYjQ2LzM5ZWMyMGZlY2Y4ZGQ5NTA5OWU3NDA5OC5qcGciXSxbInAiLCJlbmNvZGUiLCJqcGciLCItcXVhbGl0eSA4MCJdLFsicCIsInRodW1iIiwiNTkweDU5MFx1MDAzZSJdXQ?sha=f83c8054a9efa174\" alt=\"\" \/><\/div>\n<\/div>\n","protected":false},"excerpt":{"rendered":"<p>\u0130qtisadi \u0130slahatlar\u0131n T\u0259hlili v\u0259 Kommunikasiya M\u0259rk\u0259zind\u0259 (\u0130\u0130TKM) \u201cAz\u0259rbaycan Respublikas\u0131n\u0131n i\u015f\u011faldan azad edilmi\u015f \u0259razil\u0259rin\u0259 B\u00f6y\u00fck Qay\u0131d\u0131\u015fa dair I D\u00f6vl\u0259t Proqram\u0131\u201dnda \u0259ksini tapan m\u0259\u015f\u011fulluq m\u0259s\u0259l\u0259l\u0259ri il\u0259 ba\u011fl\u0131 m\u00fczakir\u0259 apar\u0131l\u0131b. M\u0259rk\u0259zd\u0259n veril\u0259n m\u0259lumata g\u00f6r\u0259, \u0130\u0130TKM-in icra\u00e7\u0131 direktoru V\u00fcsal Qas\u0131ml\u0131, \u0259m\u0259k v\u0259 \u0259halinin sosial m\u00fcdafi\u0259si nazirinin m\u00fcavini Anar \u018fliyev, nazirliyin tabeliyind\u0259ki D\u00f6vl\u0259t M\u0259\u015f\u011fulluq Agentliyinin s\u0259dri Mustafa Abbasb\u0259ylinin i\u015ftirak etdiyi g\u00f6r\u00fc\u015fd\u0259 Qaraba\u011f v\u0259 \u015e\u0259rqi Z\u0259ng\u0259zur iqtisadi rayonlar\u0131nda aktiv i\u015f\u00e7i q\u00fcvv\u0259si t\u0259l\u0259b ed\u0259n sah\u0259l\u0259r m\u00fczakir\u0259 olunub. Bu sah\u0259l\u0259r, \u0259sas\u0259n, d\u00f6vl\u0259t v\u0259 \u00f6z\u0259l olmaqla bir ne\u00e7\u0259 istiqam\u0259t \u00fczr\u0259 t\u0259snifatland\u0131r\u0131l\u0131b. Bundan ba\u015fqa, Qaraba\u011f v\u0259 \u015e\u0259rqi Z\u0259ng\u0259zur iqtisadi rayonlar\u0131nda&hellip;<\/p>\n","protected":false},"author":2,"featured_media":656071,"comment_status":"closed","ping_status":"closed","sticky":false,"template":"","format":"standard","meta":{"om_disable_all_campaigns":false,"_monsterinsights_skip_tracking":false,"_monsterinsights_sitenote_active":false,"_monsterinsights_sitenote_note":"","_monsterinsights_sitenote_category":0},"categories":[19],"tags":[],"aioseo_notices":[],"gutentor_comment":0,"rttpg_featured_image_url":{"full":["https:\/\/arantv.az\/wp-content\/uploads\/2023\/11\/6c86b9c6818096a90e3791a30c64d4bc.jpg",620,413,false],"landscape":["https:\/\/arantv.az\/wp-content\/uploads\/2023\/11\/6c86b9c6818096a90e3791a30c64d4bc.jpg",620,413,false],"portraits":["https:\/\/arantv.az\/wp-content\/uploads\/2023\/11\/6c86b9c6818096a90e3791a30c64d4bc.jpg",620,413,false],"thumbnail":["https:\/\/arantv.az\/wp-content\/uploads\/2023\/11\/6c86b9c6818096a90e3791a30c64d4bc-500x280.jpg",500,280,true],"medium":["https:\/\/arantv.az\/wp-content\/uploads\/2023\/11\/6c86b9c6818096a90e3791a30c64d4bc-548x365.jpg",548,365,true],"large":["https:\/\/arantv.az\/wp-content\/uploads\/2023\/11\/6c86b9c6818096a90e3791a30c64d4bc.jpg",620,413,false],"1536x1536":["https:\/\/arantv.az\/wp-content\/uploads\/2023\/11\/6c86b9c6818096a90e3791a30c64d4bc.jpg",620,413,false],"2048x2048":["https:\/\/arantv.az\/wp-content\/uploads\/2023\/11\/6c86b9c6818096a90e3791a30c64d4bc.jpg",620,413,false],"post-thumbnail":["https:\/\/arantv.az\/wp-content\/uploads\/2023\/11\/6c86b9c6818096a90e3791a30c64d4bc-240x172.jpg",240,172,true],"advps-thumb-one":["https:\/\/arantv.az\/wp-content\/uploads\/2023\/11\/6c86b9c6818096a90e3791a30c64d4bc.jpg",620,413,false]},"rttpg_author":{"display_name":"V\u00fcsal Rafiqo\u011flu","author_link":"https:\/\/arantv.az\/?author=2"},"rttpg_comment":0,"rttpg_category":"<a href=\"https:\/\/arantv.az\/?cat=19\" rel=\"category\">G\u00fcnd\u0259m<\/a>","rttpg_excerpt":"\u0130qtisadi \u0130slahatlar\u0131n T\u0259hlili v\u0259 Kommunikasiya M\u0259rk\u0259zind\u0259 (\u0130\u0130TKM) \u201cAz\u0259rbaycan Respublikas\u0131n\u0131n i\u015f\u011faldan azad edilmi\u015f \u0259razil\u0259rin\u0259 B\u00f6y\u00fck Qay\u0131d\u0131\u015fa dair I D\u00f6vl\u0259t Proqram\u0131\u201dnda \u0259ksini tapan m\u0259\u015f\u011fulluq m\u0259s\u0259l\u0259l\u0259ri il\u0259 ba\u011fl\u0131 m\u00fczakir\u0259 apar\u0131l\u0131b. M\u0259rk\u0259zd\u0259n veril\u0259n m\u0259lumata g\u00f6r\u0259, \u0130\u0130TKM-in icra\u00e7\u0131 direktoru V\u00fcsal Qas\u0131ml\u0131, \u0259m\u0259k v\u0259 \u0259halinin sosial m\u00fcdafi\u0259si nazirinin m\u00fcavini Anar \u018fliyev, nazirliyin tabeliyind\u0259ki D\u00f6vl\u0259t M\u0259\u015f\u011fulluq Agentliyinin s\u0259dri Mustafa Abbasb\u0259ylinin i\u015ftirak etdiyi&hellip;","_links":{"self":[{"href":"https:\/\/arantv.az\/index.php?rest_route=\/wp\/v2\/posts\/656070"}],"collection":[{"href":"https:\/\/arantv.az\/index.php?rest_route=\/wp\/v2\/posts"}],"about":[{"href":"https:\/\/arantv.az\/index.php?rest_route=\/wp\/v2\/types\/post"}],"author":[{"embeddable":true,"href":"https:\/\/arantv.az\/index.php?rest_route=\/wp\/v2\/users\/2"}],"replies":[{"embeddable":true,"href":"https:\/\/arantv.az\/index.php?rest_route=%2Fwp%2Fv2%2Fcomments&post=656070"}],"version-history":[{"count":0,"href":"https:\/\/arantv.az\/index.php?rest_route=\/wp\/v2\/posts\/656070\/revisions"}],"wp:featuredmedia":[{"embeddable":true,"href":"https:\/\/arantv.az\/index.php?rest_route=\/wp\/v2\/media\/656071"}],"wp:attachment":[{"href":"https:\/\/arantv.az\/index.php?rest_route=%2Fwp%2Fv2%2Fmedia&parent=656070"}],"wp:term":[{"taxonomy":"category","embeddable":true,"href":"https:\/\/arantv.az\/index.php?rest_route=%2Fwp%2Fv2%2Fcategories&post=656070"},{"taxonomy":"post_tag","embeddable":true,"href":"https:\/\/arantv.az\/index.php?rest_route=%2Fwp%2Fv2%2Ftags&post=656070"}],"curies":[{"name":"wp","href":"https:\/\/api.w.org\/{rel}","templated":true}]}}