{"id":656083,"date":"2023-11-14T13:01:23","date_gmt":"2023-11-14T09:01:23","guid":{"rendered":"https:\/\/arantv.az\/?p=656083"},"modified":"2023-11-14T13:01:23","modified_gmt":"2023-11-14T09:01:23","slug":"pasinyan-lukasenkoya-q%c9%99rarini-bildirdi-getm%c9%99y%c9%99c%c9%99y%c9%99m","status":"publish","type":"post","link":"https:\/\/arantv.az\/?p=656083","title":{"rendered":"Pa\u015finyan Luka\u015fenkoya q\u0259rar\u0131n\u0131 bildirdi: \u201cGetm\u0259y\u0259c\u0259y\u0259m&#8230;\u201d"},"content":{"rendered":"<p>Erm\u0259nistan Ba\u015f naziri Nikol Pa\u015finyan Kollektiv T\u0259hl\u00fck\u0259sizlik M\u00fcqavil\u0259si T\u0259\u015fkilat\u0131n\u0131n (KTMT) noyabr\u0131n 23-d\u0259 Minskd\u0259 ke\u00e7iril\u0259c\u0259k sammitin\u0259 getm\u0259y\u0259c\u0259k.<\/p>\n<p>Bu bar\u0259d\u0259 Pa\u015finyan Belarus Prezidenti Aleksandr Luka\u015fenko il\u0259 telefon dan\u0131\u015f\u0131\u011f\u0131 zaman\u0131 deyib.<\/p>\n<p>\u201cPa\u015finyan Kollektiv T\u0259hl\u00fck\u0259sizlik \u015euras\u0131n\u0131n iclas\u0131nda i\u015ftirak ed\u0259 bilm\u0259y\u0259c\u0259yini bildirdi v\u0259 KTMT t\u0259r\u0259fda\u015flar\u0131n\u0131n bu q\u0259rara anlay\u0131\u015fla yana\u015faca\u011f\u0131na \u00fcmid etdiyini s\u00f6yl\u0259di\u201d, &#8211; dey\u0259 ba\u015f nazirin m\u0259tbuat katibi Nazeli Baqdasaryan qeyd edib.<\/p>\n<p>M\u0259nb\u0259: Erm\u0259ni K\u0130V<\/p>\n","protected":false},"excerpt":{"rendered":"<p>Erm\u0259nistan Ba\u015f naziri Nikol Pa\u015finyan Kollektiv T\u0259hl\u00fck\u0259sizlik M\u00fcqavil\u0259si T\u0259\u015fkilat\u0131n\u0131n (KTMT) noyabr\u0131n 23-d\u0259 Minskd\u0259 ke\u00e7iril\u0259c\u0259k sammitin\u0259 getm\u0259y\u0259c\u0259k. Bu bar\u0259d\u0259 Pa\u015finyan Belarus Prezidenti Aleksandr Luka\u015fenko il\u0259 telefon dan\u0131\u015f\u0131\u011f\u0131 zaman\u0131 deyib. \u201cPa\u015finyan Kollektiv T\u0259hl\u00fck\u0259sizlik \u015euras\u0131n\u0131n iclas\u0131nda i\u015ftirak ed\u0259 bilm\u0259y\u0259c\u0259yini bildirdi v\u0259 KTMT t\u0259r\u0259fda\u015flar\u0131n\u0131n bu q\u0259rara anlay\u0131\u015fla yana\u015faca\u011f\u0131na \u00fcmid etdiyini s\u00f6yl\u0259di\u201d, &#8211; dey\u0259 ba\u015f nazirin m\u0259tbuat katibi Nazeli Baqdasaryan qeyd edib. M\u0259nb\u0259: Erm\u0259ni K\u0130V<\/p>\n","protected":false},"author":2,"featured_media":656084,"comment_status":"closed","ping_status":"closed","sticky":false,"template":"","format":"standard","meta":{"om_disable_all_campaigns":false,"_monsterinsights_skip_tracking":false,"_monsterinsights_sitenote_active":false,"_monsterinsights_sitenote_note":"","_monsterinsights_sitenote_category":0},"categories":[7],"tags":[],"aioseo_notices":[],"gutentor_comment":0,"rttpg_featured_image_url":{"full":["https:\/\/arantv.az\/wp-content\/uploads\/2023\/11\/399195801_707838631230100_2261019595508895582_n.jpg",620,413,false],"landscape":["https:\/\/arantv.az\/wp-content\/uploads\/2023\/11\/399195801_707838631230100_2261019595508895582_n.jpg",620,413,false],"portraits":["https:\/\/arantv.az\/wp-content\/uploads\/2023\/11\/399195801_707838631230100_2261019595508895582_n.jpg",620,413,false],"thumbnail":["https:\/\/arantv.az\/wp-content\/uploads\/2023\/11\/399195801_707838631230100_2261019595508895582_n-500x280.jpg",500,280,true],"medium":["https:\/\/arantv.az\/wp-content\/uploads\/2023\/11\/399195801_707838631230100_2261019595508895582_n-548x365.jpg",548,365,true],"large":["https:\/\/arantv.az\/wp-content\/uploads\/2023\/11\/399195801_707838631230100_2261019595508895582_n.jpg",620,413,false],"1536x1536":["https:\/\/arantv.az\/wp-content\/uploads\/2023\/11\/399195801_707838631230100_2261019595508895582_n.jpg",620,413,false],"2048x2048":["https:\/\/arantv.az\/wp-content\/uploads\/2023\/11\/399195801_707838631230100_2261019595508895582_n.jpg",620,413,false],"post-thumbnail":["https:\/\/arantv.az\/wp-content\/uploads\/2023\/11\/399195801_707838631230100_2261019595508895582_n-240x172.jpg",240,172,true],"advps-thumb-one":["https:\/\/arantv.az\/wp-content\/uploads\/2023\/11\/399195801_707838631230100_2261019595508895582_n.jpg",620,413,false]},"rttpg_author":{"display_name":"V\u00fcsal Rafiqo\u011flu","author_link":"https:\/\/arantv.az\/?author=2"},"rttpg_comment":0,"rttpg_category":"<a href=\"https:\/\/arantv.az\/?cat=7\" rel=\"category\">D\u00fcnya<\/a>","rttpg_excerpt":"Erm\u0259nistan Ba\u015f naziri Nikol Pa\u015finyan Kollektiv T\u0259hl\u00fck\u0259sizlik M\u00fcqavil\u0259si T\u0259\u015fkilat\u0131n\u0131n (KTMT) noyabr\u0131n 23-d\u0259 Minskd\u0259 ke\u00e7iril\u0259c\u0259k sammitin\u0259 getm\u0259y\u0259c\u0259k. Bu bar\u0259d\u0259 Pa\u015finyan Belarus Prezidenti Aleksandr Luka\u015fenko il\u0259 telefon dan\u0131\u015f\u0131\u011f\u0131 zaman\u0131 deyib. \u201cPa\u015finyan Kollektiv T\u0259hl\u00fck\u0259sizlik \u015euras\u0131n\u0131n iclas\u0131nda i\u015ftirak ed\u0259 bilm\u0259y\u0259c\u0259yini bildirdi v\u0259 KTMT t\u0259r\u0259fda\u015flar\u0131n\u0131n bu q\u0259rara anlay\u0131\u015fla yana\u015faca\u011f\u0131na \u00fcmid etdiyini s\u00f6yl\u0259di\u201d, &#8211; dey\u0259 ba\u015f nazirin m\u0259tbuat katibi Nazeli Baqdasaryan&hellip;","_links":{"self":[{"href":"https:\/\/arantv.az\/index.php?rest_route=\/wp\/v2\/posts\/656083"}],"collection":[{"href":"https:\/\/arantv.az\/index.php?rest_route=\/wp\/v2\/posts"}],"about":[{"href":"https:\/\/arantv.az\/index.php?rest_route=\/wp\/v2\/types\/post"}],"author":[{"embeddable":true,"href":"https:\/\/arantv.az\/index.php?rest_route=\/wp\/v2\/users\/2"}],"replies":[{"embeddable":true,"href":"https:\/\/arantv.az\/index.php?rest_route=%2Fwp%2Fv2%2Fcomments&post=656083"}],"version-history":[{"count":0,"href":"https:\/\/arantv.az\/index.php?rest_route=\/wp\/v2\/posts\/656083\/revisions"}],"wp:featuredmedia":[{"embeddable":true,"href":"https:\/\/arantv.az\/index.php?rest_route=\/wp\/v2\/media\/656084"}],"wp:attachment":[{"href":"https:\/\/arantv.az\/index.php?rest_route=%2Fwp%2Fv2%2Fmedia&parent=656083"}],"wp:term":[{"taxonomy":"category","embeddable":true,"href":"https:\/\/arantv.az\/index.php?rest_route=%2Fwp%2Fv2%2Fcategories&post=656083"},{"taxonomy":"post_tag","embeddable":true,"href":"https:\/\/arantv.az\/index.php?rest_route=%2Fwp%2Fv2%2Ftags&post=656083"}],"curies":[{"name":"wp","href":"https:\/\/api.w.org\/{rel}","templated":true}]}}