{"id":656095,"date":"2023-11-14T13:26:46","date_gmt":"2023-11-14T09:26:46","guid":{"rendered":"https:\/\/arantv.az\/?p=656095"},"modified":"2023-11-14T13:26:46","modified_gmt":"2023-11-14T09:26:46","slug":"zaqatalada-yeniyetm%c9%99-qizin-intihari-il%c9%99-bagli-yeni-detallar-foto","status":"publish","type":"post","link":"https:\/\/arantv.az\/?p=656095","title":{"rendered":"Zaqatalada yeniyetm\u0259 q\u0131z\u0131n intihar\u0131 il\u0259 ba\u011fl\u0131 YEN\u0130 DETALLAR &#8211; FOTO"},"content":{"rendered":"<p>Zaqatala rayonunda intihar ed\u0259n\u00a0<a href=\"https:\/\/oxu.az\/society\/802275\" target=\"_blank\" rel=\"noopener\"><strong>yeniyetm\u0259<\/strong><\/a>\u00a0il\u0259 ba\u011fl\u0131 b\u0259zi detallar m\u0259lum olub.<\/p>\n<p>Oxu.Az-\u0131n m\u0259lumat\u0131na g\u00f6r\u0259, rayonun Mu\u011fanl\u0131 k\u0259nd sakini, 2007-ci il t\u0259v\u0259ll\u00fcdl\u00fc\u00a0S\u0259fiyy\u0259 \u018fhm\u0259dova ya\u015fad\u0131\u011f\u0131 evd\u0259 \u00f6z\u00fcn\u00fc as\u0131b.<\/p>\n<p>16 ya\u015fl\u0131 q\u0131z IX sinifd\u0259n m\u0259kt\u0259bi t\u0259rk edib.<\/p>\n<p>Onun intihar\u0131na s\u0259b\u0259b son g\u00fcnl\u0259r depressiyada olmas\u0131 bildirilir.<\/p>\n<p><img src=\"https:\/\/cdn.oxu.az\/uploads\/W1siZiIsIjIwMjMvMTEvMTQvMTIvMDUvNTMvOTdiMjBlOGEtODBhOC00MzUxLThmYjgtYTk4NzU5MTU2MGVkLzY1NTEyZTAxZGFiOTk2NTUxMmUwMWRhYjlhMTY5OTgxOTAwOTY1NTEyZTAxZGFiOTc2NTUxMmUwMWRhYjk4LmpwZyJdLFsicCIsImVuY29kZSIsImpwZyIsIi1xdWFsaXR5IDgwIl0sWyJwIiwidGh1bWIiLCI1OTB4NTkwXHUwMDNlIl1d?sha=113c00e4b64d575a\" alt=\"\" \/><\/p>\n<p>Hadis\u0259 ba\u015f ver\u0259n zaman evd\u0259 he\u00e7 kim olmay\u0131b. Ail\u0259si ev\u0259 g\u0259l\u0259nd\u0259 onun as\u0131lm\u0131\u015f meyitini a\u015fkar edib.<\/p>\n<p>S.\u018fhm\u0259dova u\u015faq ik\u0259n anas\u0131n\u0131 itirib.<\/p>\n","protected":false},"excerpt":{"rendered":"<p>Zaqatala rayonunda intihar ed\u0259n\u00a0yeniyetm\u0259\u00a0il\u0259 ba\u011fl\u0131 b\u0259zi detallar m\u0259lum olub. Oxu.Az-\u0131n m\u0259lumat\u0131na g\u00f6r\u0259, rayonun Mu\u011fanl\u0131 k\u0259nd sakini, 2007-ci il t\u0259v\u0259ll\u00fcdl\u00fc\u00a0S\u0259fiyy\u0259 \u018fhm\u0259dova ya\u015fad\u0131\u011f\u0131 evd\u0259 \u00f6z\u00fcn\u00fc as\u0131b. 16 ya\u015fl\u0131 q\u0131z IX sinifd\u0259n m\u0259kt\u0259bi t\u0259rk edib. Onun intihar\u0131na s\u0259b\u0259b son g\u00fcnl\u0259r depressiyada olmas\u0131 bildirilir. Hadis\u0259 ba\u015f ver\u0259n zaman evd\u0259 he\u00e7 kim olmay\u0131b. Ail\u0259si ev\u0259 g\u0259l\u0259nd\u0259 onun as\u0131lm\u0131\u015f meyitini a\u015fkar edib. S.\u018fhm\u0259dova u\u015faq ik\u0259n anas\u0131n\u0131 itirib.<\/p>\n","protected":false},"author":2,"featured_media":445329,"comment_status":"closed","ping_status":"closed","sticky":false,"template":"","format":"standard","meta":{"om_disable_all_campaigns":false,"_monsterinsights_skip_tracking":false,"_monsterinsights_sitenote_active":false,"_monsterinsights_sitenote_note":"","_monsterinsights_sitenote_category":0},"categories":[5],"tags":[],"aioseo_notices":[],"gutentor_comment":0,"rttpg_featured_image_url":{"full":["https:\/\/arantv.az\/wp-content\/uploads\/2022\/02\/intihar.jpg",637,400,false],"landscape":["https:\/\/arantv.az\/wp-content\/uploads\/2022\/02\/intihar.jpg",637,400,false],"portraits":["https:\/\/arantv.az\/wp-content\/uploads\/2022\/02\/intihar.jpg",637,400,false],"thumbnail":["https:\/\/arantv.az\/wp-content\/uploads\/2022\/02\/intihar-500x280.jpg",500,280,true],"medium":["https:\/\/arantv.az\/wp-content\/uploads\/2022\/02\/intihar-581x365.jpg",581,365,true],"large":["https:\/\/arantv.az\/wp-content\/uploads\/2022\/02\/intihar.jpg",637,400,false],"1536x1536":["https:\/\/arantv.az\/wp-content\/uploads\/2022\/02\/intihar.jpg",637,400,false],"2048x2048":["https:\/\/arantv.az\/wp-content\/uploads\/2022\/02\/intihar.jpg",637,400,false],"post-thumbnail":["https:\/\/arantv.az\/wp-content\/uploads\/2022\/02\/intihar-240x172.jpg",240,172,true],"advps-thumb-one":["https:\/\/arantv.az\/wp-content\/uploads\/2022\/02\/intihar.jpg",637,400,false]},"rttpg_author":{"display_name":"V\u00fcsal Rafiqo\u011flu","author_link":"https:\/\/arantv.az\/?author=2"},"rttpg_comment":0,"rttpg_category":"<a href=\"https:\/\/arantv.az\/?cat=5\" rel=\"category\">Hadis\u0259<\/a>","rttpg_excerpt":"Zaqatala rayonunda intihar ed\u0259n\u00a0yeniyetm\u0259\u00a0il\u0259 ba\u011fl\u0131 b\u0259zi detallar m\u0259lum olub. Oxu.Az-\u0131n m\u0259lumat\u0131na g\u00f6r\u0259, rayonun Mu\u011fanl\u0131 k\u0259nd sakini, 2007-ci il t\u0259v\u0259ll\u00fcdl\u00fc\u00a0S\u0259fiyy\u0259 \u018fhm\u0259dova ya\u015fad\u0131\u011f\u0131 evd\u0259 \u00f6z\u00fcn\u00fc as\u0131b. 16 ya\u015fl\u0131 q\u0131z IX sinifd\u0259n m\u0259kt\u0259bi t\u0259rk edib. Onun intihar\u0131na s\u0259b\u0259b son g\u00fcnl\u0259r depressiyada olmas\u0131 bildirilir. Hadis\u0259 ba\u015f ver\u0259n zaman evd\u0259 he\u00e7 kim olmay\u0131b. Ail\u0259si ev\u0259 g\u0259l\u0259nd\u0259 onun as\u0131lm\u0131\u015f meyitini a\u015fkar&hellip;","_links":{"self":[{"href":"https:\/\/arantv.az\/index.php?rest_route=\/wp\/v2\/posts\/656095"}],"collection":[{"href":"https:\/\/arantv.az\/index.php?rest_route=\/wp\/v2\/posts"}],"about":[{"href":"https:\/\/arantv.az\/index.php?rest_route=\/wp\/v2\/types\/post"}],"author":[{"embeddable":true,"href":"https:\/\/arantv.az\/index.php?rest_route=\/wp\/v2\/users\/2"}],"replies":[{"embeddable":true,"href":"https:\/\/arantv.az\/index.php?rest_route=%2Fwp%2Fv2%2Fcomments&post=656095"}],"version-history":[{"count":0,"href":"https:\/\/arantv.az\/index.php?rest_route=\/wp\/v2\/posts\/656095\/revisions"}],"wp:featuredmedia":[{"embeddable":true,"href":"https:\/\/arantv.az\/index.php?rest_route=\/wp\/v2\/media\/445329"}],"wp:attachment":[{"href":"https:\/\/arantv.az\/index.php?rest_route=%2Fwp%2Fv2%2Fmedia&parent=656095"}],"wp:term":[{"taxonomy":"category","embeddable":true,"href":"https:\/\/arantv.az\/index.php?rest_route=%2Fwp%2Fv2%2Fcategories&post=656095"},{"taxonomy":"post_tag","embeddable":true,"href":"https:\/\/arantv.az\/index.php?rest_route=%2Fwp%2Fv2%2Ftags&post=656095"}],"curies":[{"name":"wp","href":"https:\/\/api.w.org\/{rel}","templated":true}]}}