{"id":656223,"date":"2023-11-14T17:54:48","date_gmt":"2023-11-14T13:54:48","guid":{"rendered":"https:\/\/arantv.az\/?p=656223"},"modified":"2023-11-14T17:54:48","modified_gmt":"2023-11-14T13:54:48","slug":"az%c9%99rbaycanla-m%c9%99rakes-arasinda-memorandum-imzalanib-yenil%c9%99nib-foto","status":"publish","type":"post","link":"https:\/\/arantv.az\/?p=656223","title":{"rendered":"Az\u0259rbaycanla M\u0259rake\u015f aras\u0131nda memorandum imzalan\u0131b &#8211; YEN\u0130L\u018fN\u0130B + FOTO"},"content":{"rendered":"<p>M\u0259rake\u015f\u0259 r\u0259smi s\u0259f\u0259ri \u00e7\u0259r\u00e7iv\u0259sind\u0259 xarici i\u015fl\u0259r naziri Ceyhun Bayramov I Az\u0259rbaycan &#8211; M\u0259rake\u015f Biznes Forumunda \u00e7\u0131x\u0131\u015f edib.<\/p>\n<p><strong>ARANTV.AZ<\/strong>-\u0131n m\u0259lumat\u0131na g\u00f6r\u0259, bu bar\u0259d\u0259 X\u0130N r\u0259hb\u0259rinin \u201cX\u201d sosial \u015f\u0259b\u0259k\u0259 hesab\u0131nda bildirilib.<\/p>\n<p>Nazir Az\u0259rbaycan Ki\u00e7ik v\u0259 Orta Biznesin \u0130nki\u015faf\u0131 Agentliyi (KOB\u0130A), Az\u0259rbaycan Respublikas\u0131n\u0131n \u0130xrac\u0131n v\u0259 \u0130nvestisiyalar\u0131n T\u0259\u015fviqi Agentliyi (AZPROMO) v\u0259 Bak\u0131 Liman\u0131 t\u0259r\u0259find\u0259n m\u0259rake\u015fli h\u0259mkarlar\u0131 il\u0259 m\u00fcvafiq anla\u015fma memorandumlar\u0131n\u0131n imzalanmas\u0131n\u0131 alq\u0131\u015flay\u0131b.<\/p>\n<p>\u201cForum qar\u015f\u0131l\u0131ql\u0131 faydal\u0131 imkanlar\u0131n ara\u015fd\u0131r\u0131lmas\u0131nda m\u00fch\u00fcm m\u0259rh\u0259l\u0259 olacaq\u201d, &#8211; dey\u0259 nazir vur\u011fulay\u0131b.<\/p>\n<div>\n<div class=\"twitter-tweet twitter-tweet-rendered\"><iframe id=\"twitter-widget-0\" class=\"\" title=\"Twitter Tweet\" src=\"https:\/\/platform.twitter.com\/embed\/Tweet.html?creatorScreenName=oxuaz&amp;dnt=false&amp;embedId=twitter-widget-0&amp;features=eyJ0ZndfdGltZWxpbmVfbGlzdCI6eyJidWNrZXQiOltdLCJ2ZXJzaW9uIjpudWxsfSwidGZ3X2ZvbGxvd2VyX2NvdW50X3N1bnNldCI6eyJidWNrZXQiOnRydWUsInZlcnNpb24iOm51bGx9LCJ0ZndfdHdlZXRfZWRpdF9iYWNrZW5kIjp7ImJ1Y2tldCI6Im9uIiwidmVyc2lvbiI6bnVsbH0sInRmd19yZWZzcmNfc2Vzc2lvbiI6eyJidWNrZXQiOiJvbiIsInZlcnNpb24iOm51bGx9LCJ0ZndfZm9zbnJfc29mdF9pbnRlcnZlbnRpb25zX2VuYWJsZWQiOnsiYnVja2V0Ijoib24iLCJ2ZXJzaW9uIjpudWxsfSwidGZ3X21peGVkX21lZGlhXzE1ODk3Ijp7ImJ1Y2tldCI6InRyZWF0bWVudCIsInZlcnNpb24iOm51bGx9LCJ0ZndfZXhwZXJpbWVudHNfY29va2llX2V4cGlyYXRpb24iOnsiYnVja2V0IjoxMjA5NjAwLCJ2ZXJzaW9uIjpudWxsfSwidGZ3X3Nob3dfYmlyZHdhdGNoX3Bpdm90c19lbmFibGVkIjp7ImJ1Y2tldCI6Im9uIiwidmVyc2lvbiI6bnVsbH0sInRmd19kdXBsaWNhdGVfc2NyaWJlc190b19zZXR0aW5ncyI6eyJidWNrZXQiOiJvbiIsInZlcnNpb24iOm51bGx9LCJ0ZndfdXNlX3Byb2ZpbGVfaW1hZ2Vfc2hhcGVfZW5hYmxlZCI6eyJidWNrZXQiOiJvbiIsInZlcnNpb24iOm51bGx9LCJ0ZndfdmlkZW9faGxzX2R5bmFtaWNfbWFuaWZlc3RzXzE1MDgyIjp7ImJ1Y2tldCI6InRydWVfYml0cmF0ZSIsInZlcnNpb24iOm51bGx9LCJ0ZndfbGVnYWN5X3RpbWVsaW5lX3N1bnNldCI6eyJidWNrZXQiOnRydWUsInZlcnNpb24iOm51bGx9LCJ0ZndfdHdlZXRfZWRpdF9mcm9udGVuZCI6eyJidWNrZXQiOiJvbiIsInZlcnNpb24iOm51bGx9fQ%3D%3D&amp;frame=false&amp;hideCard=false&amp;hideThread=false&amp;id=1724416499756986832&amp;lang=en&amp;origin=https%3A%2F%2Foxu.az%2Fpolitics%2F803121&amp;sessionId=1823e16304fdbb0536f51cbabfbbb43304513909&amp;siteScreenName=oxuaz&amp;theme=light&amp;widgetsVersion=01917f4d1d4cb%3A1696883169554&amp;width=550px\" frameborder=\"0\" scrolling=\"no\" allowfullscreen=\"allowfullscreen\" data-tweet-id=\"1724416499756986832\" data-mce-fragment=\"1\"><\/iframe><\/div>\n<\/div>\n<p>&nbsp;<\/p>\n<p><strong>17:22<\/strong><\/p>\n<p>M\u0259rake\u015f\u0259 r\u0259smi s\u0259f\u0259ri \u00e7\u0259r\u00e7iv\u0259sind\u0259 xarici i\u015fl\u0259r naziri Ceyhun Bayramov Birinci Az\u0259rbaycan-M\u0259rake\u015f Biznes Forumunda \u00e7\u0131x\u0131\u015f edib.<\/p>\n<p>Bu bar\u0259d\u0259 Az\u0259rbaycan X\u0130N-in \u201cX\u201d\u00a0hesab\u0131nda payla\u015f\u0131m edilib.<\/p>\n<p>Bildirilib ki, forum h\u0259r iki \u00f6lk\u0259d\u0259 m\u00f6vcud biznes v\u0259 investisiya imkanlar\u0131 bar\u0259d\u0259 praktiki fikir m\u00fcbadil\u0259si aparmaq \u00fc\u00e7\u00fcn yax\u015f\u0131 f\u00fcrs\u0259t olub.<\/p>\n<div>\n<div class=\"twitter-tweet twitter-tweet-rendered\"><iframe id=\"twitter-widget-1\" class=\"\" title=\"Twitter Tweet\" src=\"https:\/\/platform.twitter.com\/embed\/Tweet.html?creatorScreenName=oxuaz&amp;dnt=false&amp;embedId=twitter-widget-1&amp;features=eyJ0ZndfdGltZWxpbmVfbGlzdCI6eyJidWNrZXQiOltdLCJ2ZXJzaW9uIjpudWxsfSwidGZ3X2ZvbGxvd2VyX2NvdW50X3N1bnNldCI6eyJidWNrZXQiOnRydWUsInZlcnNpb24iOm51bGx9LCJ0ZndfdHdlZXRfZWRpdF9iYWNrZW5kIjp7ImJ1Y2tldCI6Im9uIiwidmVyc2lvbiI6bnVsbH0sInRmd19yZWZzcmNfc2Vzc2lvbiI6eyJidWNrZXQiOiJvbiIsInZlcnNpb24iOm51bGx9LCJ0ZndfZm9zbnJfc29mdF9pbnRlcnZlbnRpb25zX2VuYWJsZWQiOnsiYnVja2V0Ijoib24iLCJ2ZXJzaW9uIjpudWxsfSwidGZ3X21peGVkX21lZGlhXzE1ODk3Ijp7ImJ1Y2tldCI6InRyZWF0bWVudCIsInZlcnNpb24iOm51bGx9LCJ0ZndfZXhwZXJpbWVudHNfY29va2llX2V4cGlyYXRpb24iOnsiYnVja2V0IjoxMjA5NjAwLCJ2ZXJzaW9uIjpudWxsfSwidGZ3X3Nob3dfYmlyZHdhdGNoX3Bpdm90c19lbmFibGVkIjp7ImJ1Y2tldCI6Im9uIiwidmVyc2lvbiI6bnVsbH0sInRmd19kdXBsaWNhdGVfc2NyaWJlc190b19zZXR0aW5ncyI6eyJidWNrZXQiOiJvbiIsInZlcnNpb24iOm51bGx9LCJ0ZndfdXNlX3Byb2ZpbGVfaW1hZ2Vfc2hhcGVfZW5hYmxlZCI6eyJidWNrZXQiOiJvbiIsInZlcnNpb24iOm51bGx9LCJ0ZndfdmlkZW9faGxzX2R5bmFtaWNfbWFuaWZlc3RzXzE1MDgyIjp7ImJ1Y2tldCI6InRydWVfYml0cmF0ZSIsInZlcnNpb24iOm51bGx9LCJ0ZndfbGVnYWN5X3RpbWVsaW5lX3N1bnNldCI6eyJidWNrZXQiOnRydWUsInZlcnNpb24iOm51bGx9LCJ0ZndfdHdlZXRfZWRpdF9mcm9udGVuZCI6eyJidWNrZXQiOiJvbiIsInZlcnNpb24iOm51bGx9fQ%3D%3D&amp;frame=false&amp;hideCard=false&amp;hideThread=false&amp;id=1724414475866870211&amp;lang=en&amp;origin=https%3A%2F%2Foxu.az%2Fpolitics%2F803121&amp;sessionId=1823e16304fdbb0536f51cbabfbbb43304513909&amp;siteScreenName=oxuaz&amp;theme=light&amp;widgetsVersion=01917f4d1d4cb%3A1696883169554&amp;width=550px\" frameborder=\"0\" scrolling=\"no\" allowfullscreen=\"allowfullscreen\" data-tweet-id=\"1724414475866870211\" data-mce-fragment=\"1\"><\/iframe><\/div>\n<\/div>\n<p>&nbsp;<\/p>\n","protected":false},"excerpt":{"rendered":"<p>M\u0259rake\u015f\u0259 r\u0259smi s\u0259f\u0259ri \u00e7\u0259r\u00e7iv\u0259sind\u0259 xarici i\u015fl\u0259r naziri Ceyhun Bayramov I Az\u0259rbaycan &#8211; M\u0259rake\u015f Biznes Forumunda \u00e7\u0131x\u0131\u015f edib. ARANTV.AZ-\u0131n m\u0259lumat\u0131na g\u00f6r\u0259, bu bar\u0259d\u0259 X\u0130N r\u0259hb\u0259rinin \u201cX\u201d sosial \u015f\u0259b\u0259k\u0259 hesab\u0131nda bildirilib. Nazir Az\u0259rbaycan Ki\u00e7ik v\u0259 Orta Biznesin \u0130nki\u015faf\u0131 Agentliyi (KOB\u0130A), Az\u0259rbaycan Respublikas\u0131n\u0131n \u0130xrac\u0131n v\u0259 \u0130nvestisiyalar\u0131n T\u0259\u015fviqi Agentliyi (AZPROMO) v\u0259 Bak\u0131 Liman\u0131 t\u0259r\u0259find\u0259n m\u0259rake\u015fli h\u0259mkarlar\u0131 il\u0259 m\u00fcvafiq anla\u015fma memorandumlar\u0131n\u0131n imzalanmas\u0131n\u0131 alq\u0131\u015flay\u0131b. \u201cForum qar\u015f\u0131l\u0131ql\u0131 faydal\u0131 imkanlar\u0131n ara\u015fd\u0131r\u0131lmas\u0131nda m\u00fch\u00fcm m\u0259rh\u0259l\u0259 olacaq\u201d, &#8211; dey\u0259 nazir vur\u011fulay\u0131b. &nbsp; 17:22 M\u0259rake\u015f\u0259 r\u0259smi s\u0259f\u0259ri \u00e7\u0259r\u00e7iv\u0259sind\u0259 xarici i\u015fl\u0259r naziri Ceyhun Bayramov Birinci Az\u0259rbaycan-M\u0259rake\u015f Biznes Forumunda \u00e7\u0131x\u0131\u015f edib. Bu bar\u0259d\u0259 Az\u0259rbaycan&hellip;<\/p>\n","protected":false},"author":2,"featured_media":656227,"comment_status":"closed","ping_status":"closed","sticky":false,"template":"","format":"standard","meta":{"om_disable_all_campaigns":false,"_monsterinsights_skip_tracking":false,"_monsterinsights_sitenote_active":false,"_monsterinsights_sitenote_note":"","_monsterinsights_sitenote_category":0},"categories":[4],"tags":[],"aioseo_notices":[],"gutentor_comment":0,"rttpg_featured_image_url":{"full":["https:\/\/arantv.az\/wp-content\/uploads\/2023\/11\/F-5bpN3XYAEfqPz.jpg",620,413,false],"landscape":["https:\/\/arantv.az\/wp-content\/uploads\/2023\/11\/F-5bpN3XYAEfqPz.jpg",620,413,false],"portraits":["https:\/\/arantv.az\/wp-content\/uploads\/2023\/11\/F-5bpN3XYAEfqPz.jpg",620,413,false],"thumbnail":["https:\/\/arantv.az\/wp-content\/uploads\/2023\/11\/F-5bpN3XYAEfqPz-500x280.jpg",500,280,true],"medium":["https:\/\/arantv.az\/wp-content\/uploads\/2023\/11\/F-5bpN3XYAEfqPz-548x365.jpg",548,365,true],"large":["https:\/\/arantv.az\/wp-content\/uploads\/2023\/11\/F-5bpN3XYAEfqPz.jpg",620,413,false],"1536x1536":["https:\/\/arantv.az\/wp-content\/uploads\/2023\/11\/F-5bpN3XYAEfqPz.jpg",620,413,false],"2048x2048":["https:\/\/arantv.az\/wp-content\/uploads\/2023\/11\/F-5bpN3XYAEfqPz.jpg",620,413,false],"post-thumbnail":["https:\/\/arantv.az\/wp-content\/uploads\/2023\/11\/F-5bpN3XYAEfqPz-240x172.jpg",240,172,true],"advps-thumb-one":["https:\/\/arantv.az\/wp-content\/uploads\/2023\/11\/F-5bpN3XYAEfqPz.jpg",620,413,false]},"rttpg_author":{"display_name":"V\u00fcsal Rafiqo\u011flu","author_link":"https:\/\/arantv.az\/?author=2"},"rttpg_comment":0,"rttpg_category":"<a href=\"https:\/\/arantv.az\/?cat=4\" rel=\"category\">Siyas\u0259t<\/a>","rttpg_excerpt":"M\u0259rake\u015f\u0259 r\u0259smi s\u0259f\u0259ri \u00e7\u0259r\u00e7iv\u0259sind\u0259 xarici i\u015fl\u0259r naziri Ceyhun Bayramov I Az\u0259rbaycan &#8211; M\u0259rake\u015f Biznes Forumunda \u00e7\u0131x\u0131\u015f edib. ARANTV.AZ-\u0131n m\u0259lumat\u0131na g\u00f6r\u0259, bu bar\u0259d\u0259 X\u0130N r\u0259hb\u0259rinin \u201cX\u201d sosial \u015f\u0259b\u0259k\u0259 hesab\u0131nda bildirilib. Nazir Az\u0259rbaycan Ki\u00e7ik v\u0259 Orta Biznesin \u0130nki\u015faf\u0131 Agentliyi (KOB\u0130A), Az\u0259rbaycan Respublikas\u0131n\u0131n \u0130xrac\u0131n v\u0259 \u0130nvestisiyalar\u0131n T\u0259\u015fviqi Agentliyi (AZPROMO) v\u0259 Bak\u0131 Liman\u0131 t\u0259r\u0259find\u0259n m\u0259rake\u015fli h\u0259mkarlar\u0131 il\u0259 m\u00fcvafiq anla\u015fma&hellip;","_links":{"self":[{"href":"https:\/\/arantv.az\/index.php?rest_route=\/wp\/v2\/posts\/656223"}],"collection":[{"href":"https:\/\/arantv.az\/index.php?rest_route=\/wp\/v2\/posts"}],"about":[{"href":"https:\/\/arantv.az\/index.php?rest_route=\/wp\/v2\/types\/post"}],"author":[{"embeddable":true,"href":"https:\/\/arantv.az\/index.php?rest_route=\/wp\/v2\/users\/2"}],"replies":[{"embeddable":true,"href":"https:\/\/arantv.az\/index.php?rest_route=%2Fwp%2Fv2%2Fcomments&post=656223"}],"version-history":[{"count":0,"href":"https:\/\/arantv.az\/index.php?rest_route=\/wp\/v2\/posts\/656223\/revisions"}],"wp:featuredmedia":[{"embeddable":true,"href":"https:\/\/arantv.az\/index.php?rest_route=\/wp\/v2\/media\/656227"}],"wp:attachment":[{"href":"https:\/\/arantv.az\/index.php?rest_route=%2Fwp%2Fv2%2Fmedia&parent=656223"}],"wp:term":[{"taxonomy":"category","embeddable":true,"href":"https:\/\/arantv.az\/index.php?rest_route=%2Fwp%2Fv2%2Fcategories&post=656223"},{"taxonomy":"post_tag","embeddable":true,"href":"https:\/\/arantv.az\/index.php?rest_route=%2Fwp%2Fv2%2Ftags&post=656223"}],"curies":[{"name":"wp","href":"https:\/\/api.w.org\/{rel}","templated":true}]}}