{"id":656226,"date":"2023-11-14T17:55:21","date_gmt":"2023-11-14T13:55:21","guid":{"rendered":"https:\/\/arantv.az\/?p=656226"},"modified":"2023-11-14T17:55:22","modified_gmt":"2023-11-14T13:55:22","slug":"izia-da-turkiy%c9%99li-mut%c9%99x%c9%99ssisl%c9%99rl%c9%99-gorus-kecirilib-foto","status":"publish","type":"post","link":"https:\/\/arantv.az\/?p=656226","title":{"rendered":"\u0130Z\u0130A-da t\u00fcrkiy\u0259li m\u00fct\u0259x\u0259ssisl\u0259rl\u0259 g\u00f6r\u00fc\u015f ke\u00e7irilib &#8211; FOTO"},"content":{"rendered":"<p>T\u00fcrkiy\u0259nin Xarici \u0130qtisadi \u018flaq\u0259l\u0259r \u015euras\u0131n\u0131n (DE\u0130K) T\u00fcrkiy\u0259-Az\u0259rbaycan \u018fm\u0259kda\u015fl\u0131q \u015euras\u0131n\u0131n \u0130craiyy\u0259 Komit\u0259sinin s\u0259dri Kemal Kolo\u011flunun r\u0259hb\u0259rlik etdiyi n\u00fcmay\u0259nd\u0259 hey\u0259ti il\u0259 noyabr\u0131n 14-d\u0259 \u0130qtisadi Zonalar\u0131n \u0130nki\u015faf\u0131 Agentliyind\u0259 (\u0130Z\u0130A) g\u00f6r\u00fc\u015f ke\u00e7irilib.<\/p>\n<p>\u0130Z\u0130A-dan veril\u0259n m\u0259lumata g\u00f6r\u0259, \u0130qtisadi Zonalar\u0131n \u0130nki\u015faf\u0131 Agentliyinin \u0130dar\u0259 Hey\u0259ti s\u0259drinin m\u00fcavini Seymur Ad\u0131g\u00f6z\u0259lov n\u00fcmay\u0259nd\u0259 hey\u0259tin\u0259 \u00f6lk\u0259mizd\u0259 m\u00f6vcud s\u0259naye zonalar\u0131, burada i\u015f adamlar\u0131 \u00fc\u00e7\u00fcn yarad\u0131lan investisiya imkanlar\u0131 bar\u0259d\u0259 m\u0259lumat verib, s\u0259naye zonalar\u0131n\u0131n t\u0259qdimat\u0131 n\u00fcmayi\u015f etdirilib.<\/p>\n<p>Kemal Kolo\u011flu Az\u0259rbaycanda f\u0259aliyy\u0259t g\u00f6st\u0259r\u0259n s\u0259naye zonalar\u0131nda, \u0259sas\u0259n d\u0259, i\u015f\u011faldan azad edilmi\u015f \u0259razil\u0259rd\u0259 m\u00f6vcud s\u0259naye parklar\u0131nda h\u0259yata ke\u00e7iril\u0259n biznes layih\u0259l\u0259rind\u0259 i\u015ftirak etm\u0259kd\u0259 v\u0259 m\u00fcvafiq sah\u0259l\u0259rd\u0259 t\u0259cr\u00fcb\u0259l\u0259rini b\u00f6l\u00fc\u015fm\u0259kd\u0259 maraql\u0131 olduqlar\u0131n\u0131 diqq\u0259t\u0259 \u00e7atd\u0131r\u0131b.<\/p>\n<p>G\u00f6r\u00fc\u015f \u00e7\u0259r\u00e7iv\u0259sind\u0259 t\u00fcrk i\u015f adamlar\u0131 s\u0259naye zonalar\u0131nda yarad\u0131lan \u0259lveri\u015fli biznes imkanlar\u0131ndan yararlanma\u011fa d\u0259v\u0259t edilibl\u0259r.<\/p>\n<p><img src=\"https:\/\/cdn.oxu.az\/uploads\/W1siZiIsIjIwMjMvMTEvMTQvMTYvMDMvMDAvYThlNTcxMWYtOWJiMi00YTg3LThkN2ItOTdjOGVjNWMzZTVjLzQuSlBHIl0sWyJwIiwiZW5jb2RlIiwianBnIiwiLXF1YWxpdHkgODAiXSxbInAiLCJ0aHVtYiIsIjU5MHg1OTBcdTAwM2UiXV0?sha=7b6339b0027e517d\" alt=\"\" \/><\/p>\n","protected":false},"excerpt":{"rendered":"<p>T\u00fcrkiy\u0259nin Xarici \u0130qtisadi \u018flaq\u0259l\u0259r \u015euras\u0131n\u0131n (DE\u0130K) T\u00fcrkiy\u0259-Az\u0259rbaycan \u018fm\u0259kda\u015fl\u0131q \u015euras\u0131n\u0131n \u0130craiyy\u0259 Komit\u0259sinin s\u0259dri Kemal Kolo\u011flunun r\u0259hb\u0259rlik etdiyi n\u00fcmay\u0259nd\u0259 hey\u0259ti il\u0259 noyabr\u0131n 14-d\u0259 \u0130qtisadi Zonalar\u0131n \u0130nki\u015faf\u0131 Agentliyind\u0259 (\u0130Z\u0130A) g\u00f6r\u00fc\u015f ke\u00e7irilib. \u0130Z\u0130A-dan veril\u0259n m\u0259lumata g\u00f6r\u0259, \u0130qtisadi Zonalar\u0131n \u0130nki\u015faf\u0131 Agentliyinin \u0130dar\u0259 Hey\u0259ti s\u0259drinin m\u00fcavini Seymur Ad\u0131g\u00f6z\u0259lov n\u00fcmay\u0259nd\u0259 hey\u0259tin\u0259 \u00f6lk\u0259mizd\u0259 m\u00f6vcud s\u0259naye zonalar\u0131, burada i\u015f adamlar\u0131 \u00fc\u00e7\u00fcn yarad\u0131lan investisiya imkanlar\u0131 bar\u0259d\u0259 m\u0259lumat verib, s\u0259naye zonalar\u0131n\u0131n t\u0259qdimat\u0131 n\u00fcmayi\u015f etdirilib. Kemal Kolo\u011flu Az\u0259rbaycanda f\u0259aliyy\u0259t g\u00f6st\u0259r\u0259n s\u0259naye zonalar\u0131nda, \u0259sas\u0259n d\u0259, i\u015f\u011faldan azad edilmi\u015f \u0259razil\u0259rd\u0259 m\u00f6vcud s\u0259naye parklar\u0131nda h\u0259yata ke\u00e7iril\u0259n biznes layih\u0259l\u0259rind\u0259 i\u015ftirak etm\u0259kd\u0259 v\u0259 m\u00fcvafiq sah\u0259l\u0259rd\u0259 t\u0259cr\u00fcb\u0259l\u0259rini b\u00f6l\u00fc\u015fm\u0259kd\u0259&hellip;<\/p>\n","protected":false},"author":2,"featured_media":656229,"comment_status":"closed","ping_status":"closed","sticky":false,"template":"","format":"standard","meta":{"om_disable_all_campaigns":false,"_monsterinsights_skip_tracking":false,"_monsterinsights_sitenote_active":false,"_monsterinsights_sitenote_note":"","_monsterinsights_sitenote_category":0},"categories":[19],"tags":[],"aioseo_notices":[],"gutentor_comment":0,"rttpg_featured_image_url":{"full":["https:\/\/arantv.az\/wp-content\/uploads\/2023\/11\/2-2.jpg",620,413,false],"landscape":["https:\/\/arantv.az\/wp-content\/uploads\/2023\/11\/2-2.jpg",620,413,false],"portraits":["https:\/\/arantv.az\/wp-content\/uploads\/2023\/11\/2-2.jpg",620,413,false],"thumbnail":["https:\/\/arantv.az\/wp-content\/uploads\/2023\/11\/2-2-500x280.jpg",500,280,true],"medium":["https:\/\/arantv.az\/wp-content\/uploads\/2023\/11\/2-2-548x365.jpg",548,365,true],"large":["https:\/\/arantv.az\/wp-content\/uploads\/2023\/11\/2-2.jpg",620,413,false],"1536x1536":["https:\/\/arantv.az\/wp-content\/uploads\/2023\/11\/2-2.jpg",620,413,false],"2048x2048":["https:\/\/arantv.az\/wp-content\/uploads\/2023\/11\/2-2.jpg",620,413,false],"post-thumbnail":["https:\/\/arantv.az\/wp-content\/uploads\/2023\/11\/2-2-240x172.jpg",240,172,true],"advps-thumb-one":["https:\/\/arantv.az\/wp-content\/uploads\/2023\/11\/2-2.jpg",620,413,false]},"rttpg_author":{"display_name":"V\u00fcsal Rafiqo\u011flu","author_link":"https:\/\/arantv.az\/?author=2"},"rttpg_comment":0,"rttpg_category":"<a href=\"https:\/\/arantv.az\/?cat=19\" rel=\"category\">G\u00fcnd\u0259m<\/a>","rttpg_excerpt":"T\u00fcrkiy\u0259nin Xarici \u0130qtisadi \u018flaq\u0259l\u0259r \u015euras\u0131n\u0131n (DE\u0130K) T\u00fcrkiy\u0259-Az\u0259rbaycan \u018fm\u0259kda\u015fl\u0131q \u015euras\u0131n\u0131n \u0130craiyy\u0259 Komit\u0259sinin s\u0259dri Kemal Kolo\u011flunun r\u0259hb\u0259rlik etdiyi n\u00fcmay\u0259nd\u0259 hey\u0259ti il\u0259 noyabr\u0131n 14-d\u0259 \u0130qtisadi Zonalar\u0131n \u0130nki\u015faf\u0131 Agentliyind\u0259 (\u0130Z\u0130A) g\u00f6r\u00fc\u015f ke\u00e7irilib. \u0130Z\u0130A-dan veril\u0259n m\u0259lumata g\u00f6r\u0259, \u0130qtisadi Zonalar\u0131n \u0130nki\u015faf\u0131 Agentliyinin \u0130dar\u0259 Hey\u0259ti s\u0259drinin m\u00fcavini Seymur Ad\u0131g\u00f6z\u0259lov n\u00fcmay\u0259nd\u0259 hey\u0259tin\u0259 \u00f6lk\u0259mizd\u0259 m\u00f6vcud s\u0259naye zonalar\u0131, burada i\u015f adamlar\u0131 \u00fc\u00e7\u00fcn yarad\u0131lan investisiya imkanlar\u0131&hellip;","_links":{"self":[{"href":"https:\/\/arantv.az\/index.php?rest_route=\/wp\/v2\/posts\/656226"}],"collection":[{"href":"https:\/\/arantv.az\/index.php?rest_route=\/wp\/v2\/posts"}],"about":[{"href":"https:\/\/arantv.az\/index.php?rest_route=\/wp\/v2\/types\/post"}],"author":[{"embeddable":true,"href":"https:\/\/arantv.az\/index.php?rest_route=\/wp\/v2\/users\/2"}],"replies":[{"embeddable":true,"href":"https:\/\/arantv.az\/index.php?rest_route=%2Fwp%2Fv2%2Fcomments&post=656226"}],"version-history":[{"count":0,"href":"https:\/\/arantv.az\/index.php?rest_route=\/wp\/v2\/posts\/656226\/revisions"}],"wp:featuredmedia":[{"embeddable":true,"href":"https:\/\/arantv.az\/index.php?rest_route=\/wp\/v2\/media\/656229"}],"wp:attachment":[{"href":"https:\/\/arantv.az\/index.php?rest_route=%2Fwp%2Fv2%2Fmedia&parent=656226"}],"wp:term":[{"taxonomy":"category","embeddable":true,"href":"https:\/\/arantv.az\/index.php?rest_route=%2Fwp%2Fv2%2Fcategories&post=656226"},{"taxonomy":"post_tag","embeddable":true,"href":"https:\/\/arantv.az\/index.php?rest_route=%2Fwp%2Fv2%2Ftags&post=656226"}],"curies":[{"name":"wp","href":"https:\/\/api.w.org\/{rel}","templated":true}]}}