{"id":656230,"date":"2023-11-14T17:55:46","date_gmt":"2023-11-14T13:55:46","guid":{"rendered":"https:\/\/arantv.az\/?p=656230"},"modified":"2023-11-14T17:55:46","modified_gmt":"2023-11-14T13:55:46","slug":"iki-ildir-vakant-olan-v%c9%99zif%c9%99-il%c9%99-bagli-%c9%99mr-imzalandi","status":"publish","type":"post","link":"https:\/\/arantv.az\/?p=656230","title":{"rendered":"\u0130ki ildir vakant olan v\u0259zif\u0259 il\u0259 ba\u011fl\u0131 \u0259mr imzaland\u0131"},"content":{"rendered":"<p>Bak\u0131 A\u011f\u0131r Cinay\u0259tl\u0259r M\u0259hk\u0259m\u0259sinin \u0130cra \u015e\u00f6b\u0259sin\u0259 r\u0259is v\u0259zif\u0259si il\u0259 ba\u011fl\u0131 \u0259mr imzalan\u0131b.<\/p>\n<p>\u201cQafqazinfo\u201d x\u0259b\u0259r verir ki, \u0259dliyy\u0259 naziri Fikr\u0259t M\u0259mm\u0259dovun imzalad\u0131\u011f\u0131 \u0259mrl\u0259 \u0130cra \u015e\u00f6b\u0259sinin r\u0259isi v\u0259zif\u0259sinin m\u00fcv\u0259qq\u0259ti icras\u0131 ki\u00e7ik \u0259dliyy\u0259 m\u00fc\u015faviri Ziya \u0130smay\u0131lzad\u0259y\u0259 h\u0259val\u0259 edilib.<\/p>\n<p>Qeyd ed\u0259k ki, Z.\u0130smay\u0131lzad\u0259 bu t\u0259yinata q\u0259d\u0259r Sabun\u00e7u Rayon \u0130cra \u015e\u00f6b\u0259sinin r\u0259is m\u00fcavini idi. Onun haz\u0131rda t\u0259yin edildiyi v\u0259zif\u0259 iki il idi, vakant idi.<\/p>\n","protected":false},"excerpt":{"rendered":"<p>Bak\u0131 A\u011f\u0131r Cinay\u0259tl\u0259r M\u0259hk\u0259m\u0259sinin \u0130cra \u015e\u00f6b\u0259sin\u0259 r\u0259is v\u0259zif\u0259si il\u0259 ba\u011fl\u0131 \u0259mr imzalan\u0131b. \u201cQafqazinfo\u201d x\u0259b\u0259r verir ki, \u0259dliyy\u0259 naziri Fikr\u0259t M\u0259mm\u0259dovun imzalad\u0131\u011f\u0131 \u0259mrl\u0259 \u0130cra \u015e\u00f6b\u0259sinin r\u0259isi v\u0259zif\u0259sinin m\u00fcv\u0259qq\u0259ti icras\u0131 ki\u00e7ik \u0259dliyy\u0259 m\u00fc\u015faviri Ziya \u0130smay\u0131lzad\u0259y\u0259 h\u0259val\u0259 edilib. Qeyd ed\u0259k ki, Z.\u0130smay\u0131lzad\u0259 bu t\u0259yinata q\u0259d\u0259r Sabun\u00e7u Rayon \u0130cra \u015e\u00f6b\u0259sinin r\u0259is m\u00fcavini idi. Onun haz\u0131rda t\u0259yin edildiyi v\u0259zif\u0259 iki il idi, vakant idi.<\/p>\n","protected":false},"author":2,"featured_media":656233,"comment_status":"closed","ping_status":"closed","sticky":false,"template":"","format":"standard","meta":{"om_disable_all_campaigns":false,"_monsterinsights_skip_tracking":false,"_monsterinsights_sitenote_active":false,"_monsterinsights_sitenote_note":"","_monsterinsights_sitenote_category":0},"categories":[1],"tags":[],"aioseo_notices":[],"gutentor_comment":0,"rttpg_featured_image_url":{"full":["https:\/\/arantv.az\/wp-content\/uploads\/2023\/11\/icraedluyeye.jpg",620,413,false],"landscape":["https:\/\/arantv.az\/wp-content\/uploads\/2023\/11\/icraedluyeye.jpg",620,413,false],"portraits":["https:\/\/arantv.az\/wp-content\/uploads\/2023\/11\/icraedluyeye.jpg",620,413,false],"thumbnail":["https:\/\/arantv.az\/wp-content\/uploads\/2023\/11\/icraedluyeye-500x280.jpg",500,280,true],"medium":["https:\/\/arantv.az\/wp-content\/uploads\/2023\/11\/icraedluyeye-548x365.jpg",548,365,true],"large":["https:\/\/arantv.az\/wp-content\/uploads\/2023\/11\/icraedluyeye.jpg",620,413,false],"1536x1536":["https:\/\/arantv.az\/wp-content\/uploads\/2023\/11\/icraedluyeye.jpg",620,413,false],"2048x2048":["https:\/\/arantv.az\/wp-content\/uploads\/2023\/11\/icraedluyeye.jpg",620,413,false],"post-thumbnail":["https:\/\/arantv.az\/wp-content\/uploads\/2023\/11\/icraedluyeye-240x172.jpg",240,172,true],"advps-thumb-one":["https:\/\/arantv.az\/wp-content\/uploads\/2023\/11\/icraedluyeye.jpg",620,413,false]},"rttpg_author":{"display_name":"V\u00fcsal Rafiqo\u011flu","author_link":"https:\/\/arantv.az\/?author=2"},"rttpg_comment":0,"rttpg_category":"<a href=\"https:\/\/arantv.az\/?cat=1\" rel=\"category\">C\u0259miyy\u0259t<\/a>","rttpg_excerpt":"Bak\u0131 A\u011f\u0131r Cinay\u0259tl\u0259r M\u0259hk\u0259m\u0259sinin \u0130cra \u015e\u00f6b\u0259sin\u0259 r\u0259is v\u0259zif\u0259si il\u0259 ba\u011fl\u0131 \u0259mr imzalan\u0131b. \u201cQafqazinfo\u201d x\u0259b\u0259r verir ki, \u0259dliyy\u0259 naziri Fikr\u0259t M\u0259mm\u0259dovun imzalad\u0131\u011f\u0131 \u0259mrl\u0259 \u0130cra \u015e\u00f6b\u0259sinin r\u0259isi v\u0259zif\u0259sinin m\u00fcv\u0259qq\u0259ti icras\u0131 ki\u00e7ik \u0259dliyy\u0259 m\u00fc\u015faviri Ziya \u0130smay\u0131lzad\u0259y\u0259 h\u0259val\u0259 edilib. Qeyd ed\u0259k ki, Z.\u0130smay\u0131lzad\u0259 bu t\u0259yinata q\u0259d\u0259r Sabun\u00e7u Rayon \u0130cra \u015e\u00f6b\u0259sinin r\u0259is m\u00fcavini idi. Onun haz\u0131rda t\u0259yin edildiyi v\u0259zif\u0259 iki&hellip;","_links":{"self":[{"href":"https:\/\/arantv.az\/index.php?rest_route=\/wp\/v2\/posts\/656230"}],"collection":[{"href":"https:\/\/arantv.az\/index.php?rest_route=\/wp\/v2\/posts"}],"about":[{"href":"https:\/\/arantv.az\/index.php?rest_route=\/wp\/v2\/types\/post"}],"author":[{"embeddable":true,"href":"https:\/\/arantv.az\/index.php?rest_route=\/wp\/v2\/users\/2"}],"replies":[{"embeddable":true,"href":"https:\/\/arantv.az\/index.php?rest_route=%2Fwp%2Fv2%2Fcomments&post=656230"}],"version-history":[{"count":0,"href":"https:\/\/arantv.az\/index.php?rest_route=\/wp\/v2\/posts\/656230\/revisions"}],"wp:featuredmedia":[{"embeddable":true,"href":"https:\/\/arantv.az\/index.php?rest_route=\/wp\/v2\/media\/656233"}],"wp:attachment":[{"href":"https:\/\/arantv.az\/index.php?rest_route=%2Fwp%2Fv2%2Fmedia&parent=656230"}],"wp:term":[{"taxonomy":"category","embeddable":true,"href":"https:\/\/arantv.az\/index.php?rest_route=%2Fwp%2Fv2%2Fcategories&post=656230"},{"taxonomy":"post_tag","embeddable":true,"href":"https:\/\/arantv.az\/index.php?rest_route=%2Fwp%2Fv2%2Ftags&post=656230"}],"curies":[{"name":"wp","href":"https:\/\/api.w.org\/{rel}","templated":true}]}}