{"id":656595,"date":"2023-11-15T13:55:06","date_gmt":"2023-11-15T09:55:06","guid":{"rendered":"https:\/\/arantv.az\/?p=656595"},"modified":"2023-11-15T13:55:06","modified_gmt":"2023-11-15T09:55:06","slug":"at%c9%99t-pa-ir%c9%99vanda-toplasir-az%c9%99rbaycana-qarsi-hazirliq","status":"publish","type":"post","link":"https:\/\/arantv.az\/?p=656595","title":{"rendered":"AT\u018fT PA \u0130r\u0259vanda topla\u015f\u0131r &#8211; Az\u0259rbaycana qar\u015f\u0131 haz\u0131rl\u0131q"},"content":{"rendered":"<p><strong>Pa\u015finyan komandas\u0131 sessiyan\u0131n Erm\u0259nistanda ke\u00e7irilm\u0259sini u\u011fur kimi t\u0259bli\u011f edir, erm\u0259ni m\u00fcxalif\u0259ti anti-Rusiya m\u00f6vqeyin\u0259 yuvarlanm\u0131\u015f iqtidara Avropan\u0131n \u201cl\u00fctf n\u00fcmayi\u015fi\u201d say\u0131r<\/strong><\/p>\n<p>Noyabr\u0131n 18-20-d\u0259 \u0130r\u0259vanda AT\u018fT Parlament Assambleyas\u0131n\u0131n pay\u0131z sessiyas\u0131 ke\u00e7iril\u0259c\u0259k. \u201cYeni M\u00fcsavat\u201d qeyd edir ki, toplant\u0131 S\u0259m\u0259rq\u0259ndd\u0259 ke\u00e7irilm\u0259li idi, lakin 2023-c\u00fc ilin fevral\u0131nda \u00d6zb\u0259kistan h\u00f6kum\u0259ti bundan imtina etdi. Erm\u0259nistan\u0131n AT\u018fT-d\u0259ki n\u00fcmay\u0259nd\u0259 hey\u0259tinin r\u0259hb\u0259ri Sarkis Xandanyan\u0131n is\u0259 sessiyan\u0131n \u0130r\u0259vana k\u00f6\u00e7\u00fcr\u00fclm\u0259si t\u0259klifi q\u0259bul edildi. Erm\u0259nistan Milli Assambleyas\u0131n\u0131n m\u0259lumat\u0131na g\u00f6r\u0259, 50-y\u0259 yax\u0131n \u00f6lk\u0259d\u0259n 300 n\u00fcmay\u0259nd\u0259 g\u0259l\u0259c\u0259k. Erm\u0259nistan h\u00f6kum\u0259ti pay\u0131z sessiyas\u0131 \u00fc\u00e7\u00fcn 120 milyon dram (t\u0259xmin\u0259n 300 min dollar) ay\u0131r\u0131b.<\/p>\n<p><strong>Pa\u015finyan hakimiyy\u0259ti bu q\u0259rar\u0131n verilm\u0259sini Erm\u0259nistan\u0131n ciddi u\u011furu kimi t\u0259bli\u011f etm\u0259y\u0259 \u00e7al\u0131\u015fsa da, \u0259ks\u0259riyy\u0259t he\u00e7 d\u0259 bel\u0259 d\u00fc\u015f\u00fcnm\u00fcr. Erm\u0259ni medias\u0131 yaz\u0131r ki, AT\u018fT Parlament Assambleyas\u0131 t\u0259msil\u00e7i bir qurumdur, q\u0259rarlar\u0131n\u0131n \u0259h\u0259miyy\u0259ti azd\u0131r. Praktik bax\u0131mdan he\u00e7 n\u0259yi h\u0259ll etmir. Erm\u0259ni m\u00fcxalif\u0259ti is\u0259 iddia edir ki, t\u0259dbirin \u0130r\u0259vanda ke\u00e7irilm\u0259si q\u0259rar\u0131 anti-Rusiya m\u00f6vqeyin\u0259 yuvarlanm\u0131\u015f Pa\u015finyan hakimiyy\u0259tin\u0259 Avropan\u0131n \u201cm\u00fckafat v\u0259 l\u00fctf n\u00fcmayi\u015fidir\u201d.<\/strong><\/p>\n<p>\u201cT\u0259bii ki, \u0130r\u0259vanda sessiya Nikol Pa\u015finyan\u0131n xarici siyas\u0259td\u0259ki k\u0259skin d\u0259yi\u015fikliyinin m\u00fckafat\u0131d\u0131r. Ukrayna hadis\u0259l\u0259ri fonunda Pa\u015finyan\u0131n getdikc\u0259 artan q\u0259rbp\u0259r\u0259st siyas\u0259ti, s\u00fclh dan\u0131\u015f\u0131qlar \u00fc\u00e7\u00fcn Amerika v\u0259 Avropa platformalar\u0131na \u00fcst\u00fcnl\u00fck verm\u0259si, Z\u0259ng\u0259zur d\u0259hlizin\u0259 n\u0259zar\u0259ti Rusiya Federasiyas\u0131na verm\u0259kd\u0259n imtinas\u0131n\u0131n m\u00fcqabilind\u0259 \u0130r\u0259vana jest edilib. Erm\u0259nistana 57 d\u00f6vl\u0259tin n\u00fcmay\u0259nd\u0259si u\u00e7acaq. Beyn\u0259lxalq siyasi h\u0259yat\u0131n k\u0259nar\u0131nda olan bir \u00f6lk\u0259 \u00fc\u00e7\u00fcn bu, b\u00f6y\u00fck hadis\u0259dir v\u0259 Nikola b\u00f6y\u00fck d\u0259st\u0259kdir\u201d, &#8211; dey\u0259 erm\u0259ni medias\u0131nda ged\u0259n yaz\u0131lar\u0131n birind\u0259 deyilir. Sessiyada demokratiya, insan h\u00fcquqlar\u0131 v\u0259 humanitar, siyasi v\u0259 t\u0259hl\u00fck\u0259sizlik m\u0259s\u0259l\u0259l\u0259ri m\u00fczakir\u0259 edil\u0259c\u0259k. Ayd\u0131nd\u0131r ki, Erm\u0259nistan n\u00fcmay\u0259nd\u0259 hey\u0259ti bu tribunadan yen\u0259 d\u0259 Az\u0259rbaycan \u0259leyhin\u0259 istifad\u0259 etm\u0259y\u0259 \u00e7al\u0131\u015facaq. Onu da dey\u0259k ki, AT\u018fT PA prezidenti xan\u0131m Pia Kauman noyabr\u0131n 12-d\u0259 Az\u0259rbaycana g\u0259lib. Kauma Az\u0259rbaycandan G\u00fcrc\u00fcstana ged\u0259c\u0259k v\u0259 orada \u00f6lk\u0259 prezidenti Salome Zurabi\u015fvili, parlamentin spikeri, bir ne\u00e7\u0259 nazir, \u00f6lk\u0259nin AT\u018fT-d\u0259ki n\u00fcmay\u0259nd\u0259 hey\u0259ti, h\u00f6kum\u0259t v\u0259 m\u00fcxalif\u0259t partiyalar\u0131n\u0131n n\u00fcmay\u0259nd\u0259l\u0259ril\u0259 g\u00f6r\u00fc\u015f\u0259c\u0259k. O, Erm\u0259nistanda ba\u015f nazir Nikol Pa\u015finyan, parlamentin spikeri v\u0259 xarici i\u015fl\u0259r naziri il\u0259 d\u0259 g\u00f6r\u00fc\u015f\u0259c\u0259k. Kauman\u0131n Qaraba\u011fdan k\u00f6n\u00fcll\u00fc k\u00f6\u00e7m\u00fc\u015f erm\u0259nil\u0259rl\u0259 d\u0259 g\u00f6r\u00fc\u015f\u00fc planla\u015fd\u0131r\u0131l\u0131r. Sonra o, noyabr\u0131n 18-20-d\u0259 AT\u018fT PA-n\u0131n \u0130r\u0259vanda Ba\u015f Assambleyas\u0131na s\u0259drlik ed\u0259c\u0259k.<\/p>\n<p>Prezident \u0130lham \u018fliyev is\u0259 noyabr\u0131n 13-d\u0259 Pia Kauman\u0131 q\u0259bul edib. D\u00f6vl\u0259t ba\u015f\u00e7\u0131s\u0131 vur\u011fulay\u0131b ki, art\u0131q bu m\u0259s\u0259l\u0259l\u0259r ke\u00e7mi\u015fd\u0259 qal\u0131b. Haz\u0131rda regionun s\u00fclh g\u00fcnd\u0259liyi \u00fc\u00e7\u00fcn \u00e7ox yax\u015f\u0131 imkanlar var. \u0130.\u018fliyev vur\u011fulay\u0131b ki, 44 g\u00fcnl\u00fck V\u0259t\u0259n m\u00fcharib\u0259sind\u0259n sonra s\u00fclh m\u00fcqavil\u0259si v\u0259 onun \u0259sas\u0131n\u0131 t\u0259\u015fkil ed\u0259n prinsipl\u0259r t\u0259\u015f\u0259bb\u00fcs\u00fc il\u0259 d\u0259 m\u0259hz Az\u0259rbaycan \u00e7\u0131x\u0131\u015f edib, Erm\u0259nistanla m\u00fcnasib\u0259tl\u0259rin normalla\u015fd\u0131r\u0131lmas\u0131n\u0131 v\u0259 s\u00fclh m\u00fcqavil\u0259sinin imzalanmas\u0131n\u0131 d\u0259st\u0259kl\u0259yir. Prezident bildirib ki, Az\u0259rbaycan haz\u0131rda birg\u0259ya\u015fay\u0131\u015f v\u0259 geriqay\u0131tma h\u00fcququ il\u0259 \u0259laq\u0259dar ayd\u0131n v\u0259 \u015f\u0259ffaf proqram\u0131 t\u0259qdim ets\u0259 d\u0259, az\u0259rbaycanl\u0131lar\u0131n Erm\u0259nistana geri qay\u0131d\u0131\u015f\u0131 il\u0259 ba\u011fl\u0131 geriqay\u0131tma h\u00fcququnu Erm\u0259nistan inkar edir v\u0259 bununla \u0259laq\u0259dar olaraq h\u0259r hans\u0131 bir bax\u0131\u015f ortaya qoymay\u0131b. G\u00f6r\u00fc\u015fd\u0259 qeyd olunub ki, AT\u018fT Parlament Assambleyas\u0131 Erm\u0259nistan v\u0259 Az\u0259rbaycan n\u00fcmay\u0259nd\u0259 hey\u0259tl\u0259ri aras\u0131nda etimad\u0131n qurulmas\u0131 bax\u0131m\u0131ndan s\u0259m\u0259r\u0259li platforma ola bil\u0259r.<\/p>\n<p>Bel\u0259likl\u0259, AT\u018fT PA Erm\u0259nistan\u0131n m\u00fch\u00fcm anti-Az\u0259rbaycan tribunas\u0131, erm\u0259nip\u0259r\u0259stlik al\u0259tidir. Qurum \u00f6z\u00fcn\u00fcn pay\u0131z sessiyas\u0131n\u0131 Erm\u0259nistanda ke\u00e7irm\u0259k q\u0259rar\u0131 il\u0259 beyn\u0259lxalq ictimaiyy\u0259tin diqq\u0259tini C\u0259nubi Qafqaza y\u00f6n\u0259ltm\u0259k m\u0259qs\u0259di g\u00fcd\u00fcr. M\u0259qs\u0259d diqq\u0259ti bilavasit\u0259 Erm\u0259nistan \u0259traf\u0131nda c\u0259ml\u0259\u015fdirm\u0259kdir. \u00d6lk\u0259nin m\u0259zlum obraz\u0131n\u0131 canland\u0131rmaq ba\u015fl\u0131ca x\u0259tti t\u0259\u015fkil edir. Guya \u00f6lk\u0259 C\u0259nubi Qafqazda demokratiya qalas\u0131d\u0131r v\u0259 \u0259g\u0259r d\u00fcnya h\u0259mr\u0259ylik g\u00f6st\u0259rm\u0259s\u0259, bu qala yad q\u00fcvv\u0259l\u0259r t\u0259r\u0259find\u0259n da\u011f\u0131d\u0131lacaq. AT\u018fT PA-n\u0131n \u0130r\u0259vanda sessiya ke\u00e7irm\u0259k m\u0259ntiqi eyni zamanda Erm\u0259nistan\u0131n anti-Rusiya siyas\u0259tinin t\u0259zah\u00fcr formas\u0131d\u0131r. \u015e\u00fcbh\u0259siz ki, qurumun pay\u0131z g\u00fcnd\u0259liyind\u0259 Bak\u0131 il\u0259 yana\u015f\u0131 Moskva da t\u0259hl\u00fck\u0259 m\u0259nb\u0259yi kimi g\u00f6st\u0259ril\u0259c\u0259k. Faktiki olaraq \u0130r\u0259van \u00f6z\u00fcn\u00fcn a\u00e7\u0131q tekstl\u0259 Rusiya \u0259leyhin\u0259 s\u00f6yl\u0259m\u0259y\u0259 c\u0259sar\u0259t etm\u0259dikl\u0259rini AT\u018fT-in deputatlar\u0131n\u0131n dili il\u0259 g\u00fcnd\u0259m\u0259 g\u0259tir\u0259c\u0259k. Tam m\u00fcmk\u00fcnd\u00fcr ki, orada Az\u0259rbaycan \u0259leyhin\u0259 q\u0259tnam\u0259 d\u0259 q\u0259bul edilsin. Ax\u0131 d\u00fcnya Erm\u0259nistana q\u0259tnam\u0259 d\u0259st\u0259yini \u0259sirg\u0259mir. Ola bil\u0259r, indid\u0259n s\u0259n\u0259di yaz\u0131b haz\u0131r saxlay\u0131blar da. AT\u018fT PA-dan, \u00fcmum\u0259n AT\u018fT-d\u0259n n\u0259 des\u0259n g\u00f6zl\u0259m\u0259k olar.<\/p>\n<p><img src=\"https:\/\/millet.az\/uploads\/img\/posts\/2022\/01\/21\/Arzuxan_Alizadejpg-1642765010.jpg\" alt=\"Az\u0259rbaycan Milli \u0130stiqlal Partiyas\u0131n\u0131n s\u0259dri Arzuxan \u018flizad\u0259\" \/><\/p>\n<p><strong>Arzuxan \u018flizad\u0259<\/strong><\/p>\n<p><strong>AM\u0130P s\u0259dri Arzuxan \u018flizad\u0259 \u201cYeni M\u00fcsavat\u201da a\u00e7\u0131qlad\u0131 ki, bu sessiyan\u0131n harada ke\u00e7irilm\u0259sind\u0259n as\u0131l\u0131 olmayaraq, Az\u0259rbaycan \u0259leyhin\u0259 q\u0259rar q\u0259bul edil\u0259c\u0259yini g\u00f6zl\u0259mir. Partiya s\u0259dri qeyd etdi ki, Az\u0259rbaycan da AT\u018fT PA-da t\u0259msil olunur: \u201cH\u0259tta bu yax\u0131nlarda qurumun xan\u0131m r\u0259hb\u0259ri Bak\u0131da oldu, biziml\u0259 d\u0259 g\u00f6r\u00fc\u015fl\u0259r ke\u00e7irdi. D\u00fc\u015f\u00fcn\u00fcr\u0259m ki, Erm\u0259nistan t\u0259dbiri anti-Az\u0259rbaycan tribunas\u0131na \u00e7evir\u0259 bilm\u0259y\u0259c\u0259k. Pa\u015finyan komandas\u0131 t\u0259dbirl\u0259rin \u0130r\u0259vanda ke\u00e7irilm\u0259sini u\u011fur kimi t\u0259qdim ed\u0259 bil\u0259r, amma n\u00f6vb\u0259ti t\u0259dbirl\u0259rd\u0259n biridir, x\u00fcsusi \u0259h\u0259miyy\u0259t k\u0259sb etmir\u201d. AM\u0130P s\u0259dri bildirdi ki, orada \u0259leyhimiz\u0259 \u00e7\u0131x\u0131\u015flara c\u0259hd olunaca\u011f\u0131 istisna deyil:<\/strong>\u00a0\u201cAmma hans\u0131sa q\u0259tnam\u0259 q\u0259bul edilm\u0259sini g\u00f6zl\u0259mir\u0259m. Az\u0259rbaycan n\u00fcmay\u0259nd\u0259 hey\u0259ti orada i\u015ftirak etm\u0259y\u0259c\u0259k, bunu da n\u0259z\u0259r\u0259 almaq laz\u0131md\u0131r. Sad\u0259c\u0259, bu add\u0131mlar Pa\u015finyan administrasiyas\u0131n\u0131n q\u0259rby\u00f6n\u00fcml\u00fc siyas\u0259tinin t\u0259rkib hiss\u0259si kimi d\u0259y\u0259rl\u0259ndiril\u0259 bil\u0259r. Ona g\u00f6r\u0259 d\u0259 erm\u0259ni m\u00fcxalif\u0259ti d\u0259rk edir ki, bu t\u0259dbirl\u0259r Rusiyaya qar\u015f\u0131 a\u00e7\u0131lan platformalard\u0131r. Q\u0259rb t\u0259sisatlar\u0131n\u0131n Erm\u0259nistana ayaq a\u00e7mas\u0131, avropal\u0131 r\u0259smil\u0259rin \u0130r\u0259vana intensiv s\u0259f\u0259rl\u0259ri bunu dem\u0259y\u0259 \u0259sas verir\u201d.<\/p>\n<p><img src=\"https:\/\/cdn.musavat.com\/news\/thumbnails\/d5da1679d817be273d10ac5470b64614.jpg\" alt=\"Partiya s\u0259dri prezidentin \u00e7a\u011f\u0131r\u0131\u015f\u0131na qo\u015fuldu -Fuad \u018fliyev qeydiyyatdan ke\u00e7di\" \/><\/p>\n<p><strong>Fuad \u018fliyev<\/strong><\/p>\n<p><strong>Siyasi \u015f\u0259rh\u00e7i Fuad \u018fliyev is\u0259 xat\u0131rlad\u0131r ki, Prezident \u0130lham \u018fliyev AT\u018fT Parlament Assambleyas\u0131n\u0131n Prezidenti Pia Kauman\u0131 q\u0259bul ed\u0259rk\u0259n m\u00fch\u00fcm m\u0259s\u0259l\u0259ni onun n\u0259z\u0259rin\u0259 \u00e7atd\u0131r\u0131b:<\/strong>\u00a0\u201cD\u00f6vl\u0259t ba\u015f\u00e7\u0131s\u0131 dedi ki, Az\u0259rbaycan birg\u0259ya\u015fay\u0131\u015f v\u0259 geriqay\u0131tma h\u00fcququ il\u0259 \u0259laq\u0259dar ayd\u0131n v\u0259 \u015f\u0259ffaf proqram\u0131 t\u0259qdim ets\u0259 d\u0259, az\u0259rbaycanl\u0131lar\u0131n Erm\u0259nistana geri qay\u0131d\u0131\u015f\u0131 il\u0259 ba\u011fl\u0131 geriqay\u0131tma h\u00fcququnu Erm\u0259nistan inkar edir v\u0259 bununla \u0259laq\u0259dar olaraq h\u0259r hans\u0131 bir bax\u0131\u015f ortaya qoymay\u0131b. Y\u0259ni \u0130r\u0259vanda ke\u00e7iril\u0259c\u0259k sessiyada bu m\u0259s\u0259l\u0259ni m\u00fczakir\u0259 etm\u0259y\u0259 ba\u015flasalar, xan\u0131m Kauman \u00f6z\u00fc Bak\u0131n\u0131n r\u0259yini orada yada salmal\u0131d\u0131r. Erm\u0259nistan Qaraba\u011f erm\u0259nil\u0259rinin qay\u0131d\u0131\u015f\u0131 m\u0259s\u0259l\u0259sini iclasda m\u00fczakir\u0259y\u0259 \u00e7\u0131xarma\u011fa c\u0259hd ed\u0259 bil\u0259r, amma AT\u018fT-in parlament iclas\u0131nda bu bar\u0259d\u0259 dan\u0131\u015f\u0131lmas\u0131 he\u00e7 n\u0259yi h\u0259ll etmir. Sad\u0259c\u0259, \u0130r\u0259van g\u00f6st\u0259rir ki, Bi\u015fkek\u0259 getmir, MDB v\u0259 KTMT t\u0259dbirl\u0259rin\u0259 qo\u015fulmur, amma Paris S\u00fclh Konfrans\u0131nda i\u015ftirak edir, Ukrayna konfrans\u0131na qo\u015fulur, AT\u018fT PA-n\u0131n \u0130r\u0259vanda iclaslar\u0131n\u0131n ke\u00e7irilm\u0259sini ist\u0259yir&#8230; B\u00fct\u00fcn bu add\u0131mlar\u0131 guya Kreml\u0259 g\u00f6rk \u00fc\u00e7\u00fcn edir. Amma Pa\u015finyan ba\u015f\u0131na g\u0259l\u0259c\u0259kl\u0259ri t\u0259s\u0259vv\u00fcr bel\u0259 etmir v\u0259 h\u0259l\u0259 d\u0259 Makrona, Bayden\u0259 g\u00fcv\u0259nir. Onlara g\u00fcv\u0259n\u0259nl\u0259rin ya\u015fad\u0131qlar\u0131 is\u0259 g\u00f6z qaba\u011f\u0131ndad\u0131r &#8211; Ukrayna alov i\u00e7ind\u0259, Saaka\u015fvili z\u0259lil g\u00fcn\u00fcnd\u0259&#8230;\u201d<\/p>\n<p>Erm\u0259nistan\u0131n AT\u018fT-d\u0259ki n\u00fcmay\u0259nd\u0259 hey\u0259tinin r\u0259hb\u0259ri Sarkis Xandanyan deyib ki, Az\u0259rbaycan, T\u00fcrkiy\u0259\u00a0 v\u0259 Rusiya n\u00fcmay\u0259nd\u0259l\u0259ri \u0130r\u0259vandak\u0131 toplant\u0131nda i\u015ftiraklar\u0131n\u0131 t\u0259sdiql\u0259m\u0259yibl\u0259r.<\/p>\n","protected":false},"excerpt":{"rendered":"<p>Pa\u015finyan komandas\u0131 sessiyan\u0131n Erm\u0259nistanda ke\u00e7irilm\u0259sini u\u011fur kimi t\u0259bli\u011f edir, erm\u0259ni m\u00fcxalif\u0259ti anti-Rusiya m\u00f6vqeyin\u0259 yuvarlanm\u0131\u015f iqtidara Avropan\u0131n \u201cl\u00fctf n\u00fcmayi\u015fi\u201d say\u0131r Noyabr\u0131n 18-20-d\u0259 \u0130r\u0259vanda AT\u018fT Parlament Assambleyas\u0131n\u0131n pay\u0131z sessiyas\u0131 ke\u00e7iril\u0259c\u0259k. \u201cYeni M\u00fcsavat\u201d qeyd edir ki, toplant\u0131 S\u0259m\u0259rq\u0259ndd\u0259 ke\u00e7irilm\u0259li idi, lakin 2023-c\u00fc ilin fevral\u0131nda \u00d6zb\u0259kistan h\u00f6kum\u0259ti bundan imtina etdi. Erm\u0259nistan\u0131n AT\u018fT-d\u0259ki n\u00fcmay\u0259nd\u0259 hey\u0259tinin r\u0259hb\u0259ri Sarkis Xandanyan\u0131n is\u0259 sessiyan\u0131n \u0130r\u0259vana k\u00f6\u00e7\u00fcr\u00fclm\u0259si t\u0259klifi q\u0259bul edildi. Erm\u0259nistan Milli Assambleyas\u0131n\u0131n m\u0259lumat\u0131na g\u00f6r\u0259, 50-y\u0259 yax\u0131n \u00f6lk\u0259d\u0259n 300 n\u00fcmay\u0259nd\u0259 g\u0259l\u0259c\u0259k. Erm\u0259nistan h\u00f6kum\u0259ti pay\u0131z sessiyas\u0131 \u00fc\u00e7\u00fcn 120 milyon dram (t\u0259xmin\u0259n 300 min dollar) ay\u0131r\u0131b. Pa\u015finyan hakimiyy\u0259ti bu q\u0259rar\u0131n verilm\u0259sini Erm\u0259nistan\u0131n&hellip;<\/p>\n","protected":false},"author":2,"featured_media":656599,"comment_status":"closed","ping_status":"closed","sticky":false,"template":"","format":"standard","meta":{"om_disable_all_campaigns":false,"_monsterinsights_skip_tracking":false,"_monsterinsights_sitenote_active":false,"_monsterinsights_sitenote_note":"","_monsterinsights_sitenote_category":0},"categories":[4],"tags":[],"aioseo_notices":[],"gutentor_comment":0,"rttpg_featured_image_url":{"full":["https:\/\/arantv.az\/wp-content\/uploads\/2023\/11\/2c4a42e6fc6f833581c98fc0c4501f91.jpg",545,361,false],"landscape":["https:\/\/arantv.az\/wp-content\/uploads\/2023\/11\/2c4a42e6fc6f833581c98fc0c4501f91.jpg",545,361,false],"portraits":["https:\/\/arantv.az\/wp-content\/uploads\/2023\/11\/2c4a42e6fc6f833581c98fc0c4501f91.jpg",545,361,false],"thumbnail":["https:\/\/arantv.az\/wp-content\/uploads\/2023\/11\/2c4a42e6fc6f833581c98fc0c4501f91-500x280.jpg",500,280,true],"medium":["https:\/\/arantv.az\/wp-content\/uploads\/2023\/11\/2c4a42e6fc6f833581c98fc0c4501f91.jpg",545,361,false],"large":["https:\/\/arantv.az\/wp-content\/uploads\/2023\/11\/2c4a42e6fc6f833581c98fc0c4501f91.jpg",545,361,false],"1536x1536":["https:\/\/arantv.az\/wp-content\/uploads\/2023\/11\/2c4a42e6fc6f833581c98fc0c4501f91.jpg",545,361,false],"2048x2048":["https:\/\/arantv.az\/wp-content\/uploads\/2023\/11\/2c4a42e6fc6f833581c98fc0c4501f91.jpg",545,361,false],"post-thumbnail":["https:\/\/arantv.az\/wp-content\/uploads\/2023\/11\/2c4a42e6fc6f833581c98fc0c4501f91-240x172.jpg",240,172,true],"advps-thumb-one":["https:\/\/arantv.az\/wp-content\/uploads\/2023\/11\/2c4a42e6fc6f833581c98fc0c4501f91.jpg",545,361,false]},"rttpg_author":{"display_name":"V\u00fcsal Rafiqo\u011flu","author_link":"https:\/\/arantv.az\/?author=2"},"rttpg_comment":0,"rttpg_category":"<a href=\"https:\/\/arantv.az\/?cat=4\" rel=\"category\">Siyas\u0259t<\/a>","rttpg_excerpt":"Pa\u015finyan komandas\u0131 sessiyan\u0131n Erm\u0259nistanda ke\u00e7irilm\u0259sini u\u011fur kimi t\u0259bli\u011f edir, erm\u0259ni m\u00fcxalif\u0259ti anti-Rusiya m\u00f6vqeyin\u0259 yuvarlanm\u0131\u015f iqtidara Avropan\u0131n \u201cl\u00fctf n\u00fcmayi\u015fi\u201d say\u0131r Noyabr\u0131n 18-20-d\u0259 \u0130r\u0259vanda AT\u018fT Parlament Assambleyas\u0131n\u0131n pay\u0131z sessiyas\u0131 ke\u00e7iril\u0259c\u0259k. \u201cYeni M\u00fcsavat\u201d qeyd edir ki, toplant\u0131 S\u0259m\u0259rq\u0259ndd\u0259 ke\u00e7irilm\u0259li idi, lakin 2023-c\u00fc ilin fevral\u0131nda \u00d6zb\u0259kistan h\u00f6kum\u0259ti bundan imtina etdi. Erm\u0259nistan\u0131n AT\u018fT-d\u0259ki n\u00fcmay\u0259nd\u0259 hey\u0259tinin r\u0259hb\u0259ri Sarkis Xandanyan\u0131n is\u0259 sessiyan\u0131n&hellip;","_links":{"self":[{"href":"https:\/\/arantv.az\/index.php?rest_route=\/wp\/v2\/posts\/656595"}],"collection":[{"href":"https:\/\/arantv.az\/index.php?rest_route=\/wp\/v2\/posts"}],"about":[{"href":"https:\/\/arantv.az\/index.php?rest_route=\/wp\/v2\/types\/post"}],"author":[{"embeddable":true,"href":"https:\/\/arantv.az\/index.php?rest_route=\/wp\/v2\/users\/2"}],"replies":[{"embeddable":true,"href":"https:\/\/arantv.az\/index.php?rest_route=%2Fwp%2Fv2%2Fcomments&post=656595"}],"version-history":[{"count":0,"href":"https:\/\/arantv.az\/index.php?rest_route=\/wp\/v2\/posts\/656595\/revisions"}],"wp:featuredmedia":[{"embeddable":true,"href":"https:\/\/arantv.az\/index.php?rest_route=\/wp\/v2\/media\/656599"}],"wp:attachment":[{"href":"https:\/\/arantv.az\/index.php?rest_route=%2Fwp%2Fv2%2Fmedia&parent=656595"}],"wp:term":[{"taxonomy":"category","embeddable":true,"href":"https:\/\/arantv.az\/index.php?rest_route=%2Fwp%2Fv2%2Fcategories&post=656595"},{"taxonomy":"post_tag","embeddable":true,"href":"https:\/\/arantv.az\/index.php?rest_route=%2Fwp%2Fv2%2Ftags&post=656595"}],"curies":[{"name":"wp","href":"https:\/\/api.w.org\/{rel}","templated":true}]}}