{"id":656601,"date":"2023-11-15T13:56:12","date_gmt":"2023-11-15T09:56:12","guid":{"rendered":"https:\/\/arantv.az\/?p=656601"},"modified":"2023-11-15T13:56:12","modified_gmt":"2023-11-15T09:56:12","slug":"erm%c9%99nistanin-xarici-isl%c9%99r-naziri-brussel%c9%99-gedib","status":"publish","type":"post","link":"https:\/\/arantv.az\/?p=656601","title":{"rendered":"Erm\u0259nistan\u0131n xarici i\u015fl\u0259r naziri Br\u00fcssel\u0259 gedib"},"content":{"rendered":"<p>Erm\u0259nistan\u0131n xarici i\u015fl\u0259r naziri Ararat Mirzoyan Br\u00fcssel\u0259 i\u015fg\u00fczar s\u0259f\u0259r\u0259 gedib.<\/p>\n<p>Bu bar\u0259d\u0259 Erm\u0259nistan\u0131n Xarici \u0130\u015fl\u0259r Nazirliyi m\u0259lumat yay\u0131b.<\/p>\n<p>Bildirilir ki, Ararat Mirzoyan \u015e\u0259rq T\u0259r\u0259fda\u015fl\u0131\u011f\u0131 V\u0259t\u0259nda\u015f C\u0259miyy\u0259ti Forumunun 15-ci illik assambleyas\u0131nda i\u015ftirak ed\u0259c\u0259k.<\/p>\n<p>S\u0259f\u0259r zaman\u0131 dig\u0259r g\u00f6r\u00fc\u015fl\u0259rin d\u0259 ke\u00e7irilm\u0259si planla\u015fd\u0131r\u0131l\u0131r.<\/p>\n","protected":false},"excerpt":{"rendered":"<p>Erm\u0259nistan\u0131n xarici i\u015fl\u0259r naziri Ararat Mirzoyan Br\u00fcssel\u0259 i\u015fg\u00fczar s\u0259f\u0259r\u0259 gedib. Bu bar\u0259d\u0259 Erm\u0259nistan\u0131n Xarici \u0130\u015fl\u0259r Nazirliyi m\u0259lumat yay\u0131b. Bildirilir ki, Ararat Mirzoyan \u015e\u0259rq T\u0259r\u0259fda\u015fl\u0131\u011f\u0131 V\u0259t\u0259nda\u015f C\u0259miyy\u0259ti Forumunun 15-ci illik assambleyas\u0131nda i\u015ftirak ed\u0259c\u0259k. S\u0259f\u0259r zaman\u0131 dig\u0259r g\u00f6r\u00fc\u015fl\u0259rin d\u0259 ke\u00e7irilm\u0259si planla\u015fd\u0131r\u0131l\u0131r.<\/p>\n","protected":false},"author":2,"featured_media":656602,"comment_status":"closed","ping_status":"closed","sticky":false,"template":"","format":"standard","meta":{"om_disable_all_campaigns":false,"_monsterinsights_skip_tracking":false,"_monsterinsights_sitenote_active":false,"_monsterinsights_sitenote_note":"","_monsterinsights_sitenote_category":0},"categories":[7],"tags":[],"aioseo_notices":[],"gutentor_comment":0,"rttpg_featured_image_url":{"full":["https:\/\/arantv.az\/wp-content\/uploads\/2023\/11\/mirzoyan6.jpg",620,413,false],"landscape":["https:\/\/arantv.az\/wp-content\/uploads\/2023\/11\/mirzoyan6.jpg",620,413,false],"portraits":["https:\/\/arantv.az\/wp-content\/uploads\/2023\/11\/mirzoyan6.jpg",620,413,false],"thumbnail":["https:\/\/arantv.az\/wp-content\/uploads\/2023\/11\/mirzoyan6-500x280.jpg",500,280,true],"medium":["https:\/\/arantv.az\/wp-content\/uploads\/2023\/11\/mirzoyan6-548x365.jpg",548,365,true],"large":["https:\/\/arantv.az\/wp-content\/uploads\/2023\/11\/mirzoyan6.jpg",620,413,false],"1536x1536":["https:\/\/arantv.az\/wp-content\/uploads\/2023\/11\/mirzoyan6.jpg",620,413,false],"2048x2048":["https:\/\/arantv.az\/wp-content\/uploads\/2023\/11\/mirzoyan6.jpg",620,413,false],"post-thumbnail":["https:\/\/arantv.az\/wp-content\/uploads\/2023\/11\/mirzoyan6-240x172.jpg",240,172,true],"advps-thumb-one":["https:\/\/arantv.az\/wp-content\/uploads\/2023\/11\/mirzoyan6.jpg",620,413,false]},"rttpg_author":{"display_name":"V\u00fcsal Rafiqo\u011flu","author_link":"https:\/\/arantv.az\/?author=2"},"rttpg_comment":0,"rttpg_category":"<a href=\"https:\/\/arantv.az\/?cat=7\" rel=\"category\">D\u00fcnya<\/a>","rttpg_excerpt":"Erm\u0259nistan\u0131n xarici i\u015fl\u0259r naziri Ararat Mirzoyan Br\u00fcssel\u0259 i\u015fg\u00fczar s\u0259f\u0259r\u0259 gedib. Bu bar\u0259d\u0259 Erm\u0259nistan\u0131n Xarici \u0130\u015fl\u0259r Nazirliyi m\u0259lumat yay\u0131b. Bildirilir ki, Ararat Mirzoyan \u015e\u0259rq T\u0259r\u0259fda\u015fl\u0131\u011f\u0131 V\u0259t\u0259nda\u015f C\u0259miyy\u0259ti Forumunun 15-ci illik assambleyas\u0131nda i\u015ftirak ed\u0259c\u0259k. S\u0259f\u0259r zaman\u0131 dig\u0259r g\u00f6r\u00fc\u015fl\u0259rin d\u0259 ke\u00e7irilm\u0259si planla\u015fd\u0131r\u0131l\u0131r.","_links":{"self":[{"href":"https:\/\/arantv.az\/index.php?rest_route=\/wp\/v2\/posts\/656601"}],"collection":[{"href":"https:\/\/arantv.az\/index.php?rest_route=\/wp\/v2\/posts"}],"about":[{"href":"https:\/\/arantv.az\/index.php?rest_route=\/wp\/v2\/types\/post"}],"author":[{"embeddable":true,"href":"https:\/\/arantv.az\/index.php?rest_route=\/wp\/v2\/users\/2"}],"replies":[{"embeddable":true,"href":"https:\/\/arantv.az\/index.php?rest_route=%2Fwp%2Fv2%2Fcomments&post=656601"}],"version-history":[{"count":0,"href":"https:\/\/arantv.az\/index.php?rest_route=\/wp\/v2\/posts\/656601\/revisions"}],"wp:featuredmedia":[{"embeddable":true,"href":"https:\/\/arantv.az\/index.php?rest_route=\/wp\/v2\/media\/656602"}],"wp:attachment":[{"href":"https:\/\/arantv.az\/index.php?rest_route=%2Fwp%2Fv2%2Fmedia&parent=656601"}],"wp:term":[{"taxonomy":"category","embeddable":true,"href":"https:\/\/arantv.az\/index.php?rest_route=%2Fwp%2Fv2%2Fcategories&post=656601"},{"taxonomy":"post_tag","embeddable":true,"href":"https:\/\/arantv.az\/index.php?rest_route=%2Fwp%2Fv2%2Ftags&post=656601"}],"curies":[{"name":"wp","href":"https:\/\/api.w.org\/{rel}","templated":true}]}}