{"id":656625,"date":"2023-11-15T14:45:15","date_gmt":"2023-11-15T10:45:15","guid":{"rendered":"https:\/\/arantv.az\/?p=656625"},"modified":"2023-11-15T14:45:15","modified_gmt":"2023-11-15T10:45:15","slug":"ankarada-susa-m%c9%99d%c9%99niyy%c9%99t-gunl%c9%99ri-layih%c9%99si-basa-catib-foto","status":"publish","type":"post","link":"https:\/\/arantv.az\/?p=656625","title":{"rendered":"\u201cAnkarada \u015eu\u015fa m\u0259d\u0259niyy\u0259t g\u00fcnl\u0259ri\u201d layih\u0259si ba\u015fa \u00e7at\u0131b &#8211; FOTO"},"content":{"rendered":"<p>\u0130ki g\u00fcn davam ed\u0259n \u201cAnkarada \u015eu\u015fa m\u0259d\u0259niyy\u0259t g\u00fcnl\u0259ri\u201d layih\u0259si konsert proqram\u0131 il\u0259 ba\u015fa \u00e7at\u0131b.<\/p>\n<p>Ankaran\u0131n CSO \u201cTarih salonu\u201dnda ba\u015f tutan t\u0259dbird\u0259 Az\u0259rbaycan v\u0259 T\u00fcrkiy\u0259 t\u0259r\u0259find\u0259n r\u0259smi \u015f\u0259xsl\u0259r d\u0259 daxil olmaqla, \u00fcmumilikd\u0259 800-\u0259 yax\u0131n qonaq i\u015ftirak edib.<\/p>\n<p>Az\u0259rbaycan Respublikas\u0131 Prezidentinin \u015eu\u015fa rayonunda x\u00fcsusi n\u00fcmay\u0259nd\u0259si Ayd\u0131n K\u0259rimov salamlama nitqind\u0259 bu gec\u0259nin \u00e7ox b\u00f6y\u00fck \u0259h\u0259miyy\u0259t da\u015f\u0131d\u0131\u011f\u0131n\u0131, 13-14 noyabr tarixind\u0259 Ankarada ger\u00e7\u0259kl\u0259\u015fdiril\u0259n \u015eu\u015fa m\u0259d\u0259niyy\u0259ti g\u00fcnl\u0259rind\u0259 \u015eu\u015fan\u0131n ruhunun bu \u015f\u0259h\u0259rd\u0259 dola\u015fd\u0131\u011f\u0131n\u0131 s\u00f6yl\u0259yib.<\/p>\n<p>Daha sonra \u015eu\u015fada g\u00f6r\u00fclm\u0259kd\u0259 olan i\u015fl\u0259rl\u0259 ba\u011fl\u0131 video \u00e7arx n\u00fcmayi\u015f olunub.<\/p>\n<p>Az\u0259rbaycan\u0131n yarad\u0131c\u0131 hey\u0259tinin ifas\u0131nda Qaraba\u011f ab-havas\u0131n\u0131 \u00f6z\u00fcnd\u0259 ya\u015fadan geni\u015f musiqi proqram\u0131 t\u0259qdim edilib, Qaraba\u011f milli geyiml\u0259rind\u0259n ibar\u0259t kolleksiya v\u0259 \u015fu\u015fal\u0131 r\u0259ssamlar\u0131n r\u0259sml\u0259ri s\u0259rgil\u0259nib.<\/p>\n<p>&nbsp;<\/p>\n<div class=\"gallery\">\n<div class=\"gallery-i\"><img src=\"https:\/\/cdn.oxu.az\/uploads\/W1siZiIsIjIwMjMvMTEvMTUvMTMvMTYvMzUvNWMwZTIwMDctYWM3MC00YzNmLWE2MWEtMjhkMDJkYTRmOTAxL1JPTUEzNjA5LkpQRyJdLFsicCIsImVuY29kZSIsImpwZyIsIi1xdWFsaXR5IDgwIl0sWyJwIiwidGh1bWIiLCI1OTB4NTkwXHUwMDNlIl1d?sha=12d38a38326ee6dc\" alt=\"\" \/><\/p>\n<div class=\"gallery-i-caption\"><\/div>\n<\/div>\n<div class=\"gallery-i\"><img src=\"https:\/\/cdn.oxu.az\/uploads\/W1siZiIsIjIwMjMvMTEvMTUvMTMvMTYvMzUvZGRkZDkwNDYtMjIyZC00OGE5LTkwN2QtYjhjOTIyYTBjODM5L1JPTUEzNTkwLkpQRyJdLFsicCIsImVuY29kZSIsImpwZyIsIi1xdWFsaXR5IDgwIl0sWyJwIiwidGh1bWIiLCI1OTB4NTkwXHUwMDNlIl1d?sha=6cf6e544455bbc05\" alt=\"\" \/><\/p>\n<div class=\"gallery-i-caption\"><\/div>\n<\/div>\n<div class=\"gallery-i\"><img src=\"https:\/\/cdn.oxu.az\/uploads\/W1siZiIsIjIwMjMvMTEvMTUvMTMvMTYvNDUvN2Q3MDc3OTgtNzlmYS00NDE2LWFkZjUtNThiMmI3M2Q0ZTk3L1JPTUEzNzEyLkpQRyJdLFsicCIsImVuY29kZSIsImpwZyIsIi1xdWFsaXR5IDgwIl0sWyJwIiwidGh1bWIiLCI1OTB4NTkwXHUwMDNlIl1d?sha=761868dd09a5c29f\" alt=\"\" \/><\/p>\n<div class=\"gallery-i-caption\"><\/div>\n<\/div>\n<div class=\"gallery-i\"><img src=\"https:\/\/cdn.oxu.az\/uploads\/W1siZiIsIjIwMjMvMTEvMTUvMTMvMTYvNDUvMDEwNzMyOGMtMWM5OC00MzI0LTg4YzEtNWY0Njk0NTBiNjRkL1JPTUEzOTY2LkpQRyJdLFsicCIsImVuY29kZSIsImpwZyIsIi1xdWFsaXR5IDgwIl0sWyJwIiwidGh1bWIiLCI1OTB4NTkwXHUwMDNlIl1d?sha=88e2ae823f6ca4b8\" alt=\"\" \/><\/p>\n<div class=\"gallery-i-caption\"><\/div>\n<\/div>\n<div class=\"gallery-i\"><img src=\"https:\/\/cdn.oxu.az\/uploads\/W1siZiIsIjIwMjMvMTEvMTUvMTMvMTcvMDQvYzhmNzBhNzAtMzE5MC00ZWRlLWEzNzYtODAyOWU0ZGFkZGFhL1JPTUEzOTk3LkpQRyJdLFsicCIsImVuY29kZSIsImpwZyIsIi1xdWFsaXR5IDgwIl0sWyJwIiwidGh1bWIiLCI1OTB4NTkwXHUwMDNlIl1d?sha=16476855ac92b264\" alt=\"\" \/><\/p>\n<div class=\"gallery-i-caption\"><\/div>\n<\/div>\n<div class=\"gallery-i\"><img src=\"https:\/\/cdn.oxu.az\/uploads\/W1siZiIsIjIwMjMvMTEvMTUvMTMvMTcvMDQvMTM0N2JlZWQtMGY0Zi00YjViLWIxYjEtNDQyMjFiMThjY2QxL1JPTUE0MDMyLkpQRyJdLFsicCIsImVuY29kZSIsImpwZyIsIi1xdWFsaXR5IDgwIl0sWyJwIiwidGh1bWIiLCI1OTB4NTkwXHUwMDNlIl1d?sha=bb4121cc03f6f6a0\" alt=\"\" \/><\/p>\n<div class=\"gallery-i-caption\"><\/div>\n<\/div>\n<div class=\"gallery-i\"><img src=\"https:\/\/cdn.oxu.az\/uploads\/W1siZiIsIjIwMjMvMTEvMTUvMTMvMTcvMTkvMTQ4MDdmMmYtNGJkZi00NjFjLThjNDItYmUyNjJkZWZiYjY5L1JPTUE0MDg0LkpQRyJdLFsicCIsImVuY29kZSIsImpwZyIsIi1xdWFsaXR5IDgwIl0sWyJwIiwidGh1bWIiLCI1OTB4NTkwXHUwMDNlIl1d?sha=916541b2bef1b8a4\" alt=\"\" \/><\/p>\n<div class=\"gallery-i-caption\"><\/div>\n<\/div>\n<div class=\"gallery-i\"><img src=\"https:\/\/cdn.oxu.az\/uploads\/W1siZiIsIjIwMjMvMTEvMTUvMTMvMTcvMjAvMDY2YTBjMmUtYjExOS00ZGZhLWE4NDUtYWZiOGJkZmNmM2RlL1JPTUE0MTA4LkpQRyJdLFsicCIsImVuY29kZSIsImpwZyIsIi1xdWFsaXR5IDgwIl0sWyJwIiwidGh1bWIiLCI1OTB4NTkwXHUwMDNlIl1d?sha=5aedc3eca5af28da\" alt=\"\" \/><\/div>\n<\/div>\n","protected":false},"excerpt":{"rendered":"<p>\u0130ki g\u00fcn davam ed\u0259n \u201cAnkarada \u015eu\u015fa m\u0259d\u0259niyy\u0259t g\u00fcnl\u0259ri\u201d layih\u0259si konsert proqram\u0131 il\u0259 ba\u015fa \u00e7at\u0131b. Ankaran\u0131n CSO \u201cTarih salonu\u201dnda ba\u015f tutan t\u0259dbird\u0259 Az\u0259rbaycan v\u0259 T\u00fcrkiy\u0259 t\u0259r\u0259find\u0259n r\u0259smi \u015f\u0259xsl\u0259r d\u0259 daxil olmaqla, \u00fcmumilikd\u0259 800-\u0259 yax\u0131n qonaq i\u015ftirak edib. Az\u0259rbaycan Respublikas\u0131 Prezidentinin \u015eu\u015fa rayonunda x\u00fcsusi n\u00fcmay\u0259nd\u0259si Ayd\u0131n K\u0259rimov salamlama nitqind\u0259 bu gec\u0259nin \u00e7ox b\u00f6y\u00fck \u0259h\u0259miyy\u0259t da\u015f\u0131d\u0131\u011f\u0131n\u0131, 13-14 noyabr tarixind\u0259 Ankarada ger\u00e7\u0259kl\u0259\u015fdiril\u0259n \u015eu\u015fa m\u0259d\u0259niyy\u0259ti g\u00fcnl\u0259rind\u0259 \u015eu\u015fan\u0131n ruhunun bu \u015f\u0259h\u0259rd\u0259 dola\u015fd\u0131\u011f\u0131n\u0131 s\u00f6yl\u0259yib. Daha sonra \u015eu\u015fada g\u00f6r\u00fclm\u0259kd\u0259 olan i\u015fl\u0259rl\u0259 ba\u011fl\u0131 video \u00e7arx n\u00fcmayi\u015f olunub. Az\u0259rbaycan\u0131n yarad\u0131c\u0131 hey\u0259tinin ifas\u0131nda Qaraba\u011f ab-havas\u0131n\u0131 \u00f6z\u00fcnd\u0259 ya\u015fadan geni\u015f musiqi proqram\u0131 t\u0259qdim&hellip;<\/p>\n","protected":false},"author":2,"featured_media":656629,"comment_status":"closed","ping_status":"closed","sticky":false,"template":"","format":"standard","meta":{"om_disable_all_campaigns":false,"_monsterinsights_skip_tracking":false,"_monsterinsights_sitenote_active":false,"_monsterinsights_sitenote_note":"","_monsterinsights_sitenote_category":0},"categories":[1],"tags":[],"aioseo_notices":[],"gutentor_comment":0,"rttpg_featured_image_url":{"full":["https:\/\/arantv.az\/wp-content\/uploads\/2023\/11\/ROMA4119.jpg",620,413,false],"landscape":["https:\/\/arantv.az\/wp-content\/uploads\/2023\/11\/ROMA4119.jpg",620,413,false],"portraits":["https:\/\/arantv.az\/wp-content\/uploads\/2023\/11\/ROMA4119.jpg",620,413,false],"thumbnail":["https:\/\/arantv.az\/wp-content\/uploads\/2023\/11\/ROMA4119-500x280.jpg",500,280,true],"medium":["https:\/\/arantv.az\/wp-content\/uploads\/2023\/11\/ROMA4119-548x365.jpg",548,365,true],"large":["https:\/\/arantv.az\/wp-content\/uploads\/2023\/11\/ROMA4119.jpg",620,413,false],"1536x1536":["https:\/\/arantv.az\/wp-content\/uploads\/2023\/11\/ROMA4119.jpg",620,413,false],"2048x2048":["https:\/\/arantv.az\/wp-content\/uploads\/2023\/11\/ROMA4119.jpg",620,413,false],"post-thumbnail":["https:\/\/arantv.az\/wp-content\/uploads\/2023\/11\/ROMA4119-240x172.jpg",240,172,true],"advps-thumb-one":["https:\/\/arantv.az\/wp-content\/uploads\/2023\/11\/ROMA4119.jpg",620,413,false]},"rttpg_author":{"display_name":"V\u00fcsal Rafiqo\u011flu","author_link":"https:\/\/arantv.az\/?author=2"},"rttpg_comment":0,"rttpg_category":"<a href=\"https:\/\/arantv.az\/?cat=1\" rel=\"category\">C\u0259miyy\u0259t<\/a>","rttpg_excerpt":"\u0130ki g\u00fcn davam ed\u0259n \u201cAnkarada \u015eu\u015fa m\u0259d\u0259niyy\u0259t g\u00fcnl\u0259ri\u201d layih\u0259si konsert proqram\u0131 il\u0259 ba\u015fa \u00e7at\u0131b. Ankaran\u0131n CSO \u201cTarih salonu\u201dnda ba\u015f tutan t\u0259dbird\u0259 Az\u0259rbaycan v\u0259 T\u00fcrkiy\u0259 t\u0259r\u0259find\u0259n r\u0259smi \u015f\u0259xsl\u0259r d\u0259 daxil olmaqla, \u00fcmumilikd\u0259 800-\u0259 yax\u0131n qonaq i\u015ftirak edib. Az\u0259rbaycan Respublikas\u0131 Prezidentinin \u015eu\u015fa rayonunda x\u00fcsusi n\u00fcmay\u0259nd\u0259si Ayd\u0131n K\u0259rimov salamlama nitqind\u0259 bu gec\u0259nin \u00e7ox b\u00f6y\u00fck \u0259h\u0259miyy\u0259t da\u015f\u0131d\u0131\u011f\u0131n\u0131, 13-14 noyabr&hellip;","_links":{"self":[{"href":"https:\/\/arantv.az\/index.php?rest_route=\/wp\/v2\/posts\/656625"}],"collection":[{"href":"https:\/\/arantv.az\/index.php?rest_route=\/wp\/v2\/posts"}],"about":[{"href":"https:\/\/arantv.az\/index.php?rest_route=\/wp\/v2\/types\/post"}],"author":[{"embeddable":true,"href":"https:\/\/arantv.az\/index.php?rest_route=\/wp\/v2\/users\/2"}],"replies":[{"embeddable":true,"href":"https:\/\/arantv.az\/index.php?rest_route=%2Fwp%2Fv2%2Fcomments&post=656625"}],"version-history":[{"count":0,"href":"https:\/\/arantv.az\/index.php?rest_route=\/wp\/v2\/posts\/656625\/revisions"}],"wp:featuredmedia":[{"embeddable":true,"href":"https:\/\/arantv.az\/index.php?rest_route=\/wp\/v2\/media\/656629"}],"wp:attachment":[{"href":"https:\/\/arantv.az\/index.php?rest_route=%2Fwp%2Fv2%2Fmedia&parent=656625"}],"wp:term":[{"taxonomy":"category","embeddable":true,"href":"https:\/\/arantv.az\/index.php?rest_route=%2Fwp%2Fv2%2Fcategories&post=656625"},{"taxonomy":"post_tag","embeddable":true,"href":"https:\/\/arantv.az\/index.php?rest_route=%2Fwp%2Fv2%2Ftags&post=656625"}],"curies":[{"name":"wp","href":"https:\/\/api.w.org\/{rel}","templated":true}]}}