{"id":656675,"date":"2023-11-15T16:20:39","date_gmt":"2023-11-15T12:20:39","guid":{"rendered":"https:\/\/arantv.az\/?p=656675"},"modified":"2023-11-15T16:20:39","modified_gmt":"2023-11-15T12:20:39","slug":"demoqrafik-bohranla-uzl%c9%99s%c9%99n-erm%c9%99nistan-%c9%99halisinin-sayi-artmayan-olk%c9%99-s%c9%99rh-foto","status":"publish","type":"post","link":"https:\/\/arantv.az\/?p=656675","title":{"rendered":"Demoqrafik b\u00f6hranla \u00fczl\u0259\u015f\u0259n Erm\u0259nistan: \u018fhalisinin say\u0131 artmayan \u00f6lk\u0259 &#8211; \u015e\u018fRH + FOTO"},"content":{"rendered":"<p>Ba\u015fqas\u0131n\u0131n g\u00f6st\u0259ri\u015fi, tap\u015f\u0131r\u0131\u011f\u0131 il\u0259 f\u0259aliyy\u0259t g\u00f6st\u0259rm\u0259kd\u0259 davam ets\u0259, Erm\u0259nistan\u0131n ba\u015f\u0131 \u00e7ox a\u011fr\u0131yacaq. Ordusu Az\u0259rbaycan torpaqlar\u0131ndan qovulandan sonra bu \u00f6lk\u0259nin r\u0259hb\u0259rliyi yen\u0259 \u00f6z d\u00f6vl\u0259tinin v\u0259 \u0259halisinin (bu \u00f6lk\u0259 erm\u0259nil\u0259rd\u0259n ibar\u0259tdir &#8211; red.) t\u0259hl\u00fck\u0259sizliyin\u0259, g\u0259l\u0259c\u0259yin\u0259, inki\u015faf\u0131na, habel\u0259 regional \u0259m\u0259kda\u015fl\u0131\u011fa \u00fcst\u00fcnl\u00fck verm\u0259kd\u0259ns\u0259, g\u00f6z\u00fc yen\u0259 ba\u015fqa \u0259ll\u0259rd\u0259 qal\u0131b.<\/p>\n<p>Bu \u0259l\u0259bax\u0131ml\u0131q is\u0259 b\u00fct\u00fcn sah\u0259l\u0259rd\u0259 oldu\u011fu kimi demoqrafiyaya da m\u0259nfi t\u0259sir g\u00f6st\u0259rir. \u00d6lk\u0259 \u0259halisi ba\u015f ver\u0259nl\u0259rd\u0259n, hikk\u0259li, T\u00fcrkiy\u0259 v\u0259 Az\u0259rbaycana qar\u015f\u0131 d\u00fc\u015fm\u0259nlik yayan \u201cideoloqlardan\u201d, Az\u0259rbaycana torpaq iddias\u0131ndan, sabaha \u00fcmidsizlikd\u0259n, perspektivsizlikd\u0259n bezib.<\/p>\n<p>44 g\u00fcnl\u00fck m\u00fcharib\u0259d\u0259n sonra 2021-ci il iyunun 20-d\u0259 Erm\u0259nistanda ke\u00e7iril\u0259n n\u00f6vb\u0259d\u0259nk\u0259nar parlament se\u00e7kil\u0259rind\u0259 revan\u015fistl\u0259rin, m\u00fcharib\u0259 t\u0259r\u0259fdarlar\u0131n\u0131n m\u0259\u011flub olmas\u0131 s\u00fcbut etdi ki, erm\u0259ni \u0259halisi populistlikd\u0259n v\u0259 x\u00fclyalardan yorulub. Onlar sabitlik v\u0259 t\u0259hl\u00fck\u0259siz \u015f\u0259raitd\u0259 ya\u015famaq ist\u0259yirl\u0259r. Daim d\u00fc\u015fm\u0259n\u00e7ilik hissl\u0259ri il\u0259 ya\u015famaq Erm\u0259nistan c\u0259miyy\u0259tinin psixoloji v\u0259ziyy\u0259tin\u0259 k\u00fctl\u0259vi olaraq m\u0259nfi t\u0259sir g\u00f6st\u0259rir.<\/p>\n<p>El\u0259 erm\u0259nistanl\u0131 m\u00fct\u0259x\u0259ssisl\u0259rinin fikrinc\u0259, \u00f6lk\u0259 \u0259halisi aras\u0131nda d\u0259rin \u00fcmumi ruh d\u00fc\u015fk\u00fcnl\u00fcy\u00fc, laqeydlik m\u00fc\u015fahid\u0259 olunur.<\/p>\n<p><img src=\"https:\/\/cdn.oxu.az\/uploads\/W1siZiIsIjIwMjMvMTEvMTUvMTQvMjgvMzUvNGNkZmZjZTYtNGE4NC00MTE1LTgwMGUtNjIzOGRiMTAzNGQ3L0ZvdG9KZXQgKDQyKS5qcGciXSxbInAiLCJlbmNvZGUiLCJqcGciLCItcXVhbGl0eSA4MCJdLFsicCIsInRodW1iIiwiNTkweDU5MFx1MDAzZSJdXQ?sha=89548ad205b85189\" alt=\"\" \/><\/p>\n<p>Ara\u015fd\u0131rmalara \u0259sas\u0259n, sakinl\u0259r m\u00f6vcud reall\u0131qdan qa\u00e7ma\u011fa c\u0259hd g\u00f6st\u0259rirl\u0259r.<\/p>\n<p>Bildirilir ki, Erm\u0259nistan c\u0259miyy\u0259ti d\u0259v\u0259qu\u015fu m\u00f6vqeyind\u0259dir. Onlar ba\u015flar\u0131n\u0131 \u00f6z i\u015fl\u0259rin\u0259 m\u0259\u015f\u011ful etm\u0259kl\u0259 \u0259trafdak\u0131 hadis\u0259l\u0259rd\u0259n, reall\u0131qdan t\u0259crid olma\u011fa \u00e7al\u0131\u015f\u0131rlar.<\/p>\n<p>\u00d6lk\u0259d\u0259 ba\u015flar\u0131n\u0131 \u00f6z i\u015fl\u0259rin\u0259 qata bilm\u0259y\u0259nl\u0259r is\u0259 m\u00fchacir\u0259t\u0259 \u00fcz tutur. Erm\u0259nistan \u0259halisinin say\u0131 30 il\u0259 yax\u0131nd\u0131r artm\u0131r. Bu \u00f6lk\u0259d\u0259 \u0259n y\u00fcks\u0259k demoqrafik g\u00f6st\u0259rici 2000-ci ild\u0259 olub. H\u0259min zaman Erm\u0259nistan\u0131n \u0259halisi 3 milyon 169 min t\u0259\u015fkil edib. 2023-c\u00fc il iyulun 1-\u0259 olan m\u0259lumata \u0259sas\u0259n, \u00f6lk\u0259 \u0259halisi 2 milyon 961 min 900 n\u0259f\u0259r olub.<\/p>\n<p>Yerli m\u00fct\u0259x\u0259ssisl\u0259rin q\u0259na\u0259tinc\u0259, 2023-c\u00fc ild\u0259 Erm\u0259nistan\u0131n \u0259halisi 5,5 milyon n\u0259f\u0259r t\u0259\u015fkil etm\u0259li imi\u015f. Ancaq apar\u0131lan qeydiyyata \u0259sas\u0259n, \u00f6lk\u0259d\u0259 2 milyon 900 min n\u0259f\u0259r qal\u0131b. Onlar\u0131n fikrinc\u0259, real \u0259halinin say\u0131 bundan da azd\u0131r.<\/p>\n<p>Erm\u0259nistan demoqrafik sah\u0259d\u0259 yaranan b\u00f6hran\u0131 xarici \u00f6lk\u0259l\u0259rd\u0259n k\u00f6\u00e7\u0259nl\u0259rin hesab\u0131na aradan qald\u0131rma\u011fa s\u0259y g\u00f6st\u0259rir. Livan, Suriya, \u0130ran, \u00c7in v\u0259 ba\u015fqa \u00f6lk\u0259l\u0259rd\u0259n k\u00f6\u00e7\u0259nl\u0259r is\u0259 bir qayda olaraq yeni probleml\u0259r yarad\u0131r.<\/p>\n<p>Erm\u0259ni sakinl\u0259r \u00e7\u0131x\u0131\u015f yolunu m\u00fchacir\u0259td\u0259 g\u00f6r\u00fcrl\u0259r. Ad\u0259t\u0259n miqrantlar geri d\u00f6nm\u00fcrl\u0259r.<\/p>\n<p>Erm\u0259nistanda ordu s\u0131ralar\u0131nda xidm\u0259t ed\u0259nl\u0259rin say\u0131nda da k\u0259skin azalma m\u00fc\u015fahid\u0259 olunur. Buna da \u0259sas s\u0259b\u0259b olaraq m\u00fchacir\u0259t g\u00f6st\u0259rilir. Erm\u0259nistan parlamentinin deputat\u0131 Hayk Sarqsyan bildirib ki, son 9 ild\u0259 h\u0259rbi xidm\u0259t\u0259 \u00e7a\u011f\u0131r\u0131\u015f\u00e7\u0131lar\u0131n say\u0131 44 faiz azal\u0131b.<\/p>\n<p><img src=\"https:\/\/cdn.oxu.az\/uploads\/W1siZiIsIjIwMjMvMTEvMTUvMTQvMjcvNDQvOTk1NjA1NGMtODlkYi00YjY4LWE4OWItMjU4NjY2ZDA0NzhmLzVhOGUyNjgyLTRmMDUtMzViYS04NTA4LTk4YmQ3MWU3ZjY4ZS5qcGciXSxbInAiLCJlbmNvZGUiLCJqcGciLCItcXVhbGl0eSA4MCJdLFsicCIsInRodW1iIiwiNTkweDU5MFx1MDAzZSJdXQ?sha=33aad6bfedad573a\" alt=\"\" \/><\/p>\n<p>Onun s\u00f6zl\u0259rin\u0259 g\u00f6r\u0259, son 15 ild\u0259 \u00e7a\u011f\u0131r\u0131\u015f\u00e7\u0131lar\u0131n say\u0131 \u00f6t\u0259n ilki g\u00f6st\u0259rici il\u0259 m\u00fcqayis\u0259d\u0259 azal\u0131b: \u201cBu sah\u0259 h\u0259l\u0259 t\u0259nziml\u0259nmir. Orduda xidm\u0259t etm\u0259k ist\u0259m\u0259y\u0259n v\u0259t\u0259nda\u015flar \u00f6lk\u0259ni t\u0259rk edir, v\u0259t\u0259nda\u015fl\u0131qdan \u00e7\u0131x\u0131rlar\u201d.<\/p>\n<p>Hayk Sarkisyan bildirib ki, 2010-cu ild\u0259 Erm\u0259nistanda 44 mind\u0259n \u00e7ox \u00e7a\u011f\u0131r\u0131\u015f\u00e7\u0131 olub: \u201cSonrak\u0131 9 ild\u0259 bu r\u0259q\u0259m 44 faiz azalaraq 24 min\u0259 enib\u201d.<\/p>\n<p>Bundan ba\u015fqa, Erm\u0259nistan m\u0259tbuat\u0131n\u0131n m\u0259lumat\u0131na \u0259sas\u0259n, h\u0259tta Qaraba\u011fdan k\u00f6n\u00fcll\u00fc olaraq Erm\u0259nistana k\u00f6\u00e7 ed\u0259n erm\u0259nil\u0259rin 10 mini bu d\u00f6z\u00fclm\u0259z \u015f\u0259rait s\u0259b\u0259bind\u0259n q\u0131sa zamandan sonra \u00f6lk\u0259ni t\u0259rk edib.<\/p>\n<p><img src=\"https:\/\/cdn.oxu.az\/uploads\/W1siZiIsIjIwMjMvMTEvMTUvMTQvMjcvNDQvMDViMDFlOTItMzQwMC00MTk4LWFlOWItNjQyNmMxNDhhYmY5LzllNjcxMmIzLWJmNjMtM2M3Ni1hNjAxLWNlNjA2YjBkYWMxYS5qcGciXSxbInAiLCJlbmNvZGUiLCJqcGciLCItcXVhbGl0eSA4MCJdLFsicCIsInRodW1iIiwiNTkweDU5MFx1MDAzZSJdXQ?sha=3b1122a8acc3358e\" alt=\"\" \/><\/p>\n<p>2022-ci ilin yekunlar\u0131na \u0259sas\u0259n, \u00f6lk\u0259d\u0259 do\u011fum hallar\u0131 da azal\u0131b. \u00d6t\u0259n il 36 623 k\u00f6rp\u0259 d\u00fcnyaya g\u0259lib. Bu 2021-ci ill\u0259 m\u00fcqayis\u0259d\u0259 270 k\u00f6rp\u0259 azd\u0131r.<\/p>\n<p>\u018fhalinin say\u0131n\u0131n sabit qalmas\u0131, yaxud azalmas\u0131 ist\u0259nil\u0259n \u00f6lk\u0259 demoqrafiyas\u0131 \u00fc\u00e7\u00fcn m\u0259nfi kimi q\u0259bul edilir. B\u00fct\u00fcn istiqam\u0259tl\u0259rd\u0259 inki\u015faf ed\u0259n b\u0259zi \u00f6lk\u0259l\u0259rd\u0259 d\u0259 bu hal m\u00fc\u015fahid\u0259 olunur. Amma h\u0259min d\u00f6vl\u0259tl\u0259rd\u0259 bu, \u0259sas\u0259n, do\u011fum v\u0259 nikah say\u0131n\u0131n azalmas\u0131ndan ba\u015f verir. Erm\u0259nistan is\u0259 \u00e7\u0259tin sosial-iqtisadi \u015f\u0259raitd\u0259n, \u0259halinin m\u00fcharib\u0259d\u0259n bezm\u0259sind\u0259n, m\u00fchacir\u0259tin artmas\u0131 s\u0259b\u0259bind\u0259n demoqrafik b\u00f6hranla \u00fczl\u0259\u015fib.<\/p>\n<p>Qon\u015fular\u0131 il\u0259 m\u00fcnasib\u0259tl\u0259ri normalla\u015fmay\u0131nca Erm\u0259nistan\u0131n bel\u0259 bir b\u00f6hrandan \u00e7\u0131xaca\u011f\u0131 is\u0259 inand\u0131r\u0131c\u0131 g\u00f6r\u00fcnm\u00fcr.<\/p>\n<p><strong>\u201cReport\u201d \u0130nformasiya Agentliyi<\/strong><\/p>\n","protected":false},"excerpt":{"rendered":"<p>Ba\u015fqas\u0131n\u0131n g\u00f6st\u0259ri\u015fi, tap\u015f\u0131r\u0131\u011f\u0131 il\u0259 f\u0259aliyy\u0259t g\u00f6st\u0259rm\u0259kd\u0259 davam ets\u0259, Erm\u0259nistan\u0131n ba\u015f\u0131 \u00e7ox a\u011fr\u0131yacaq. Ordusu Az\u0259rbaycan torpaqlar\u0131ndan qovulandan sonra bu \u00f6lk\u0259nin r\u0259hb\u0259rliyi yen\u0259 \u00f6z d\u00f6vl\u0259tinin v\u0259 \u0259halisinin (bu \u00f6lk\u0259 erm\u0259nil\u0259rd\u0259n ibar\u0259tdir &#8211; red.) t\u0259hl\u00fck\u0259sizliyin\u0259, g\u0259l\u0259c\u0259yin\u0259, inki\u015faf\u0131na, habel\u0259 regional \u0259m\u0259kda\u015fl\u0131\u011fa \u00fcst\u00fcnl\u00fck verm\u0259kd\u0259ns\u0259, g\u00f6z\u00fc yen\u0259 ba\u015fqa \u0259ll\u0259rd\u0259 qal\u0131b. Bu \u0259l\u0259bax\u0131ml\u0131q is\u0259 b\u00fct\u00fcn sah\u0259l\u0259rd\u0259 oldu\u011fu kimi demoqrafiyaya da m\u0259nfi t\u0259sir g\u00f6st\u0259rir. \u00d6lk\u0259 \u0259halisi ba\u015f ver\u0259nl\u0259rd\u0259n, hikk\u0259li, T\u00fcrkiy\u0259 v\u0259 Az\u0259rbaycana qar\u015f\u0131 d\u00fc\u015fm\u0259nlik yayan \u201cideoloqlardan\u201d, Az\u0259rbaycana torpaq iddias\u0131ndan, sabaha \u00fcmidsizlikd\u0259n, perspektivsizlikd\u0259n bezib. 44 g\u00fcnl\u00fck m\u00fcharib\u0259d\u0259n sonra 2021-ci il iyunun 20-d\u0259 Erm\u0259nistanda ke\u00e7iril\u0259n n\u00f6vb\u0259d\u0259nk\u0259nar parlament se\u00e7kil\u0259rind\u0259 revan\u015fistl\u0259rin, m\u00fcharib\u0259&hellip;<\/p>\n","protected":false},"author":2,"featured_media":656677,"comment_status":"closed","ping_status":"closed","sticky":false,"template":"","format":"standard","meta":{"om_disable_all_campaigns":false,"_monsterinsights_skip_tracking":false,"_monsterinsights_sitenote_active":false,"_monsterinsights_sitenote_note":"","_monsterinsights_sitenote_category":0},"categories":[4],"tags":[],"aioseo_notices":[],"gutentor_comment":0,"rttpg_featured_image_url":{"full":["https:\/\/arantv.az\/wp-content\/uploads\/2023\/11\/051ce064-e4cc-39be-8d52-231586e59ee9_850.jpg",620,413,false],"landscape":["https:\/\/arantv.az\/wp-content\/uploads\/2023\/11\/051ce064-e4cc-39be-8d52-231586e59ee9_850.jpg",620,413,false],"portraits":["https:\/\/arantv.az\/wp-content\/uploads\/2023\/11\/051ce064-e4cc-39be-8d52-231586e59ee9_850.jpg",620,413,false],"thumbnail":["https:\/\/arantv.az\/wp-content\/uploads\/2023\/11\/051ce064-e4cc-39be-8d52-231586e59ee9_850-500x280.jpg",500,280,true],"medium":["https:\/\/arantv.az\/wp-content\/uploads\/2023\/11\/051ce064-e4cc-39be-8d52-231586e59ee9_850-548x365.jpg",548,365,true],"large":["https:\/\/arantv.az\/wp-content\/uploads\/2023\/11\/051ce064-e4cc-39be-8d52-231586e59ee9_850.jpg",620,413,false],"1536x1536":["https:\/\/arantv.az\/wp-content\/uploads\/2023\/11\/051ce064-e4cc-39be-8d52-231586e59ee9_850.jpg",620,413,false],"2048x2048":["https:\/\/arantv.az\/wp-content\/uploads\/2023\/11\/051ce064-e4cc-39be-8d52-231586e59ee9_850.jpg",620,413,false],"post-thumbnail":["https:\/\/arantv.az\/wp-content\/uploads\/2023\/11\/051ce064-e4cc-39be-8d52-231586e59ee9_850-240x172.jpg",240,172,true],"advps-thumb-one":["https:\/\/arantv.az\/wp-content\/uploads\/2023\/11\/051ce064-e4cc-39be-8d52-231586e59ee9_850.jpg",620,413,false]},"rttpg_author":{"display_name":"V\u00fcsal Rafiqo\u011flu","author_link":"https:\/\/arantv.az\/?author=2"},"rttpg_comment":0,"rttpg_category":"<a href=\"https:\/\/arantv.az\/?cat=4\" rel=\"category\">Siyas\u0259t<\/a>","rttpg_excerpt":"Ba\u015fqas\u0131n\u0131n g\u00f6st\u0259ri\u015fi, tap\u015f\u0131r\u0131\u011f\u0131 il\u0259 f\u0259aliyy\u0259t g\u00f6st\u0259rm\u0259kd\u0259 davam ets\u0259, Erm\u0259nistan\u0131n ba\u015f\u0131 \u00e7ox a\u011fr\u0131yacaq. Ordusu Az\u0259rbaycan torpaqlar\u0131ndan qovulandan sonra bu \u00f6lk\u0259nin r\u0259hb\u0259rliyi yen\u0259 \u00f6z d\u00f6vl\u0259tinin v\u0259 \u0259halisinin (bu \u00f6lk\u0259 erm\u0259nil\u0259rd\u0259n ibar\u0259tdir &#8211; red.) t\u0259hl\u00fck\u0259sizliyin\u0259, g\u0259l\u0259c\u0259yin\u0259, inki\u015faf\u0131na, habel\u0259 regional \u0259m\u0259kda\u015fl\u0131\u011fa \u00fcst\u00fcnl\u00fck verm\u0259kd\u0259ns\u0259, g\u00f6z\u00fc yen\u0259 ba\u015fqa \u0259ll\u0259rd\u0259 qal\u0131b. Bu \u0259l\u0259bax\u0131ml\u0131q is\u0259 b\u00fct\u00fcn sah\u0259l\u0259rd\u0259 oldu\u011fu kimi demoqrafiyaya da m\u0259nfi t\u0259sir&hellip;","_links":{"self":[{"href":"https:\/\/arantv.az\/index.php?rest_route=\/wp\/v2\/posts\/656675"}],"collection":[{"href":"https:\/\/arantv.az\/index.php?rest_route=\/wp\/v2\/posts"}],"about":[{"href":"https:\/\/arantv.az\/index.php?rest_route=\/wp\/v2\/types\/post"}],"author":[{"embeddable":true,"href":"https:\/\/arantv.az\/index.php?rest_route=\/wp\/v2\/users\/2"}],"replies":[{"embeddable":true,"href":"https:\/\/arantv.az\/index.php?rest_route=%2Fwp%2Fv2%2Fcomments&post=656675"}],"version-history":[{"count":0,"href":"https:\/\/arantv.az\/index.php?rest_route=\/wp\/v2\/posts\/656675\/revisions"}],"wp:featuredmedia":[{"embeddable":true,"href":"https:\/\/arantv.az\/index.php?rest_route=\/wp\/v2\/media\/656677"}],"wp:attachment":[{"href":"https:\/\/arantv.az\/index.php?rest_route=%2Fwp%2Fv2%2Fmedia&parent=656675"}],"wp:term":[{"taxonomy":"category","embeddable":true,"href":"https:\/\/arantv.az\/index.php?rest_route=%2Fwp%2Fv2%2Fcategories&post=656675"},{"taxonomy":"post_tag","embeddable":true,"href":"https:\/\/arantv.az\/index.php?rest_route=%2Fwp%2Fv2%2Ftags&post=656675"}],"curies":[{"name":"wp","href":"https:\/\/api.w.org\/{rel}","templated":true}]}}