{"id":656692,"date":"2023-11-15T19:58:24","date_gmt":"2023-11-15T15:58:24","guid":{"rendered":"https:\/\/arantv.az\/?p=656692"},"modified":"2023-11-15T19:58:24","modified_gmt":"2023-11-15T15:58:24","slug":"moldovali-is-adamlari-s%c9%99naye-zonalarina-investisiya-yatirmaga-d%c9%99v%c9%99t-edilibl%c9%99r-foto","status":"publish","type":"post","link":"https:\/\/arantv.az\/?p=656692","title":{"rendered":"Moldoval\u0131 i\u015f adamlar\u0131 s\u0259naye zonalar\u0131na investisiya yat\u0131rma\u011fa d\u0259v\u0259t edilibl\u0259r &#8211; FOTO"},"content":{"rendered":"<p>Noyabr\u0131n 15-d\u0259 Moldova Respublikas\u0131n\u0131n Sahibkarl\u0131\u011f\u0131n \u0130nki\u015faf\u0131 T\u0259\u015fkilat\u0131n\u0131n (ODA) direktoru Dumitru Pintean\u0131n ba\u015f\u00e7\u0131l\u0131q etdiyi n\u00fcmay\u0259nd\u0259 hey\u0259ti il\u0259 Sumqay\u0131t Kimya S\u0259naye Park\u0131nda g\u00f6r\u00fc\u015f ke\u00e7irilib.<\/p>\n<p>\u0130qtisadi Zonalar\u0131n \u0130nki\u015faf\u0131 Agentliyind\u0259n (\u0130Z\u0130A) veril\u0259n m\u0259lumata g\u00f6r\u0259, Moldovan\u0131n Az\u0259rbaycandak\u0131 s\u0259firi Aleksandr Yesaulenkonun da i\u015ftirak etdiyi g\u00f6r\u00fc\u015fd\u0259 \u0130Z\u0130A \u0130dar\u0259 Hey\u0259ti s\u0259drinin m\u00fcavini Seymur Ad\u0131g\u00f6z\u0259lov qonaqlara \u00f6lk\u0259mizd\u0259 f\u0259aliyy\u0259t g\u00f6st\u0259r\u0259n s\u0259naye zonalar\u0131, burada sahibkarlar \u00fc\u00e7\u00fcn m\u00f6vcud biznes imkanlar\u0131, investisiya m\u00fchiti bar\u0259d\u0259 m\u0259lumat verib, s\u0259naye zonalar\u0131n\u0131n t\u0259qdimat\u0131 g\u00f6st\u0259rilib.<\/p>\n<p>G\u00f6r\u00fc\u015f \u00e7\u0259r\u00e7iv\u0259sind\u0259 ODA il\u0259 \u0130Z\u0130A aras\u0131nda \u0259m\u0259kda\u015fl\u0131q \u0259laq\u0259l\u0259rinin qurulmas\u0131, birg\u0259 biznes layih\u0259l\u0259rinin realla\u015fd\u0131r\u0131lmas\u0131, h\u0259r iki \u00f6lk\u0259nin s\u0259naye zonalar\u0131nda f\u0259aliyy\u0259t g\u00f6st\u0259r\u0259n sahibkarl\u0131q subyektl\u0259ri aras\u0131nda qar\u015f\u0131l\u0131ql\u0131 t\u0259cr\u00fcb\u0259 m\u00fcbadil\u0259sinin apar\u0131lmas\u0131 imkanlar\u0131 m\u00fczakir\u0259 edilib. Moldoval\u0131 i\u015f adamlar\u0131 s\u0259naye zonalar\u0131nda, x\u00fcsusil\u0259 d\u0259 i\u015f\u011faldan azad edilmi\u015f \u0259razil\u0259rd\u0259 yarad\u0131lan s\u0259naye parklar\u0131nda m\u00f6vcud \u0259lveri\u015fli investisiya imkanlar\u0131ndan yararlanma\u011fa d\u0259v\u0259t edilibl\u0259r.<\/p>\n<p>Sonda qonaqlar Sumqay\u0131t Kimya S\u0259naye Park\u0131nda g\u00f6r\u00fclm\u00fc\u015f i\u015fl\u0259rl\u0259 tan\u0131\u015f olublar.<\/p>\n<p><img src=\"https:\/\/cdn.oxu.az\/uploads\/W1siZiIsIjIwMjMvMTEvMTUvMTcvMzkvNTgvMGNhYWExNzktNmEzZS00YjI5LWFlNWUtYjg3OWE3ODA1ZmM1LzMuSlBHIl0sWyJwIiwiZW5jb2RlIiwianBnIiwiLXF1YWxpdHkgODAiXSxbInAiLCJ0aHVtYiIsIjU5MHg1OTBcdTAwM2UiXV0?sha=d0c0f9916261d9db\" alt=\"\" \/><\/p>\n","protected":false},"excerpt":{"rendered":"<p>Noyabr\u0131n 15-d\u0259 Moldova Respublikas\u0131n\u0131n Sahibkarl\u0131\u011f\u0131n \u0130nki\u015faf\u0131 T\u0259\u015fkilat\u0131n\u0131n (ODA) direktoru Dumitru Pintean\u0131n ba\u015f\u00e7\u0131l\u0131q etdiyi n\u00fcmay\u0259nd\u0259 hey\u0259ti il\u0259 Sumqay\u0131t Kimya S\u0259naye Park\u0131nda g\u00f6r\u00fc\u015f ke\u00e7irilib. \u0130qtisadi Zonalar\u0131n \u0130nki\u015faf\u0131 Agentliyind\u0259n (\u0130Z\u0130A) veril\u0259n m\u0259lumata g\u00f6r\u0259, Moldovan\u0131n Az\u0259rbaycandak\u0131 s\u0259firi Aleksandr Yesaulenkonun da i\u015ftirak etdiyi g\u00f6r\u00fc\u015fd\u0259 \u0130Z\u0130A \u0130dar\u0259 Hey\u0259ti s\u0259drinin m\u00fcavini Seymur Ad\u0131g\u00f6z\u0259lov qonaqlara \u00f6lk\u0259mizd\u0259 f\u0259aliyy\u0259t g\u00f6st\u0259r\u0259n s\u0259naye zonalar\u0131, burada sahibkarlar \u00fc\u00e7\u00fcn m\u00f6vcud biznes imkanlar\u0131, investisiya m\u00fchiti bar\u0259d\u0259 m\u0259lumat verib, s\u0259naye zonalar\u0131n\u0131n t\u0259qdimat\u0131 g\u00f6st\u0259rilib. G\u00f6r\u00fc\u015f \u00e7\u0259r\u00e7iv\u0259sind\u0259 ODA il\u0259 \u0130Z\u0130A aras\u0131nda \u0259m\u0259kda\u015fl\u0131q \u0259laq\u0259l\u0259rinin qurulmas\u0131, birg\u0259 biznes layih\u0259l\u0259rinin realla\u015fd\u0131r\u0131lmas\u0131, h\u0259r iki \u00f6lk\u0259nin s\u0259naye zonalar\u0131nda f\u0259aliyy\u0259t g\u00f6st\u0259r\u0259n sahibkarl\u0131q subyektl\u0259ri aras\u0131nda&hellip;<\/p>\n","protected":false},"author":2,"featured_media":656694,"comment_status":"closed","ping_status":"closed","sticky":false,"template":"","format":"standard","meta":{"om_disable_all_campaigns":false,"_monsterinsights_skip_tracking":false,"_monsterinsights_sitenote_active":false,"_monsterinsights_sitenote_note":"","_monsterinsights_sitenote_category":0},"categories":[19],"tags":[],"aioseo_notices":[],"gutentor_comment":0,"rttpg_featured_image_url":{"full":["https:\/\/arantv.az\/wp-content\/uploads\/2023\/11\/2-3.jpg",620,413,false],"landscape":["https:\/\/arantv.az\/wp-content\/uploads\/2023\/11\/2-3.jpg",620,413,false],"portraits":["https:\/\/arantv.az\/wp-content\/uploads\/2023\/11\/2-3.jpg",620,413,false],"thumbnail":["https:\/\/arantv.az\/wp-content\/uploads\/2023\/11\/2-3-500x280.jpg",500,280,true],"medium":["https:\/\/arantv.az\/wp-content\/uploads\/2023\/11\/2-3-548x365.jpg",548,365,true],"large":["https:\/\/arantv.az\/wp-content\/uploads\/2023\/11\/2-3.jpg",620,413,false],"1536x1536":["https:\/\/arantv.az\/wp-content\/uploads\/2023\/11\/2-3.jpg",620,413,false],"2048x2048":["https:\/\/arantv.az\/wp-content\/uploads\/2023\/11\/2-3.jpg",620,413,false],"post-thumbnail":["https:\/\/arantv.az\/wp-content\/uploads\/2023\/11\/2-3-240x172.jpg",240,172,true],"advps-thumb-one":["https:\/\/arantv.az\/wp-content\/uploads\/2023\/11\/2-3.jpg",620,413,false]},"rttpg_author":{"display_name":"V\u00fcsal Rafiqo\u011flu","author_link":"https:\/\/arantv.az\/?author=2"},"rttpg_comment":0,"rttpg_category":"<a href=\"https:\/\/arantv.az\/?cat=19\" rel=\"category\">G\u00fcnd\u0259m<\/a>","rttpg_excerpt":"Noyabr\u0131n 15-d\u0259 Moldova Respublikas\u0131n\u0131n Sahibkarl\u0131\u011f\u0131n \u0130nki\u015faf\u0131 T\u0259\u015fkilat\u0131n\u0131n (ODA) direktoru Dumitru Pintean\u0131n ba\u015f\u00e7\u0131l\u0131q etdiyi n\u00fcmay\u0259nd\u0259 hey\u0259ti il\u0259 Sumqay\u0131t Kimya S\u0259naye Park\u0131nda g\u00f6r\u00fc\u015f ke\u00e7irilib. \u0130qtisadi Zonalar\u0131n \u0130nki\u015faf\u0131 Agentliyind\u0259n (\u0130Z\u0130A) veril\u0259n m\u0259lumata g\u00f6r\u0259, Moldovan\u0131n Az\u0259rbaycandak\u0131 s\u0259firi Aleksandr Yesaulenkonun da i\u015ftirak etdiyi g\u00f6r\u00fc\u015fd\u0259 \u0130Z\u0130A \u0130dar\u0259 Hey\u0259ti s\u0259drinin m\u00fcavini Seymur Ad\u0131g\u00f6z\u0259lov qonaqlara \u00f6lk\u0259mizd\u0259 f\u0259aliyy\u0259t g\u00f6st\u0259r\u0259n s\u0259naye zonalar\u0131, burada sahibkarlar \u00fc\u00e7\u00fcn&hellip;","_links":{"self":[{"href":"https:\/\/arantv.az\/index.php?rest_route=\/wp\/v2\/posts\/656692"}],"collection":[{"href":"https:\/\/arantv.az\/index.php?rest_route=\/wp\/v2\/posts"}],"about":[{"href":"https:\/\/arantv.az\/index.php?rest_route=\/wp\/v2\/types\/post"}],"author":[{"embeddable":true,"href":"https:\/\/arantv.az\/index.php?rest_route=\/wp\/v2\/users\/2"}],"replies":[{"embeddable":true,"href":"https:\/\/arantv.az\/index.php?rest_route=%2Fwp%2Fv2%2Fcomments&post=656692"}],"version-history":[{"count":0,"href":"https:\/\/arantv.az\/index.php?rest_route=\/wp\/v2\/posts\/656692\/revisions"}],"wp:featuredmedia":[{"embeddable":true,"href":"https:\/\/arantv.az\/index.php?rest_route=\/wp\/v2\/media\/656694"}],"wp:attachment":[{"href":"https:\/\/arantv.az\/index.php?rest_route=%2Fwp%2Fv2%2Fmedia&parent=656692"}],"wp:term":[{"taxonomy":"category","embeddable":true,"href":"https:\/\/arantv.az\/index.php?rest_route=%2Fwp%2Fv2%2Fcategories&post=656692"},{"taxonomy":"post_tag","embeddable":true,"href":"https:\/\/arantv.az\/index.php?rest_route=%2Fwp%2Fv2%2Ftags&post=656692"}],"curies":[{"name":"wp","href":"https:\/\/api.w.org\/{rel}","templated":true}]}}