{"id":656696,"date":"2023-11-15T19:59:40","date_gmt":"2023-11-15T15:59:40","guid":{"rendered":"https:\/\/arantv.az\/?p=656696"},"modified":"2023-11-15T19:59:40","modified_gmt":"2023-11-15T15:59:40","slug":"az%c9%99rbaycan-bvf-il%c9%99-yeni-%c9%99m%c9%99kdasliq-istiqam%c9%99tl%c9%99rini-muzakir%c9%99-edib-foto","status":"publish","type":"post","link":"https:\/\/arantv.az\/?p=656696","title":{"rendered":"Az\u0259rbaycan BVF il\u0259 yeni \u0259m\u0259kda\u015fl\u0131q istiqam\u0259tl\u0259rini m\u00fczakir\u0259 edib &#8211; FOTO"},"content":{"rendered":"<p>Az\u0259rbaycanla Beyn\u0259lxalq Valyuta Fondu (BVF) aras\u0131nda qlobal tendensiyalar\u0131n iqtisadi prosesl\u0259r\u0259 t\u0259siri, Az\u0259rbaycan iqtisadiyyat\u0131n\u0131n inki\u015faf g\u00f6st\u0259ricil\u0259ri v\u0259 h\u0259d\u0259fl\u0259ri, \u0259m\u0259kda\u015fl\u0131\u011f\u0131n yeni istiqam\u0259tl\u0259ri v\u0259 dig\u0259r m\u0259s\u0259l\u0259l\u0259r haqq\u0131nda m\u00fczakir\u0259l\u0259r apar\u0131l\u0131b.<\/p>\n<p>Bu bar\u0259d\u0259 \u0130qtisadiyyat Nazirliyind\u0259n m\u0259lumat verilib.<\/p>\n<p>Bildirilib ki, bu m\u00fczakir\u0259l\u0259r iqtisadiyyat naziri Mikay\u0131l Cabbarovun Valyuta Fondunun Az\u0259rbaycan \u00fczr\u0259 missiya r\u0259hb\u0259ri Anna Bordon il\u0259 ke\u00e7iril\u0259n g\u00f6r\u00fc\u015fd\u0259 apar\u0131l\u0131b.<\/p>\n<p>G\u00f6r\u00fc\u015fd\u0259 Az\u0259rbaycan\u0131n beyn\u0259lxalq maliyy\u0259 institutlar\u0131 il\u0259 \u00e7ox\u015fax\u0259li v\u0259 s\u0259m\u0259r\u0259li t\u0259r\u0259fda\u015fl\u0131\u011f\u0131, \u00f6lk\u0259d\u0259 innovasiyalar\u0131n geni\u015f t\u0259tbiqi bax\u0131m\u0131ndan \u0259laq\u0259l\u0259rin inki\u015faf etdirilm\u0259sinin \u00f6n\u0259mi vur\u011fulan\u0131b. H\u0259m\u00e7inin, \u00f6lk\u0259nin makroiqtisadi g\u00f6st\u0259ricil\u0259ri v\u0259 proqnozlar, energetika sektorunun inki\u015faf perspektivl\u0259ri, vergi islahatlar\u0131 v\u0259 bu sah\u0259d\u0259 n\u0259z\u0259rd\u0259 tutulan t\u0259dbirl\u0259r bar\u0259d\u0259 m\u0259lumat verilib.<\/p>\n<p>&nbsp;<\/p>\n<div class=\"gallery\">\n<div class=\"gallery-i\"><img src=\"https:\/\/cdn.oxu.az\/uploads\/W1siZiIsIjIwMjMvMTEvMTUvMTkvMTkvMzYvMjdiZmY2NmEtOWI4Ny00MTU0LWIzYmMtMGIwOTdiNmEzNGFiLzcxODZhNGNkLTI5Y2QtMzU4My04Mjg0LWEyM2FjNTkxNjljYS5qcGciXSxbInAiLCJlbmNvZGUiLCJqcGciLCItcXVhbGl0eSA4MCJdLFsicCIsInRodW1iIiwiNTkweDU5MFx1MDAzZSJdXQ?sha=21e44b439707027c\" alt=\"\" \/><\/p>\n<div class=\"gallery-i-caption\"><\/div>\n<\/div>\n<div class=\"gallery-i\"><img src=\"https:\/\/cdn.oxu.az\/uploads\/W1siZiIsIjIwMjMvMTEvMTUvMTkvMTkvMzYvOWQ3ZDBlNGEtMDY3Yy00ODZmLWE2N2EtMzk2NGViNjc5ODYyL2QwYmM4Y2EwLTljMTgtMzkzNi05YzNlLTA1ODRlODUzY2MzMC5qcGciXSxbInAiLCJlbmNvZGUiLCJqcGciLCItcXVhbGl0eSA4MCJdLFsicCIsInRodW1iIiwiNTkweDU5MFx1MDAzZSJdXQ?sha=bc15e99146520d64\" alt=\"\" \/><\/p>\n<div class=\"gallery-i-caption\"><\/div>\n<\/div>\n<div class=\"gallery-i\"><img src=\"https:\/\/cdn.oxu.az\/uploads\/W1siZiIsIjIwMjMvMTEvMTUvMTkvMTkvMzYvN2Q1ODNiMWYtNGM5Ny00NWQ3LWFkNjQtNGNhZDUwMjMyYzVkLzMzZWU4MWZiLWY0OWQtMzRlNy04MjNiLWMzMWUzNTM0YjZiYi5qcGciXSxbInAiLCJlbmNvZGUiLCJqcGciLCItcXVhbGl0eSA4MCJdLFsicCIsInRodW1iIiwiNTkweDU5MFx1MDAzZSJdXQ?sha=753b8655f18ea523\" alt=\"\" \/><\/div>\n<\/div>\n","protected":false},"excerpt":{"rendered":"<p>Az\u0259rbaycanla Beyn\u0259lxalq Valyuta Fondu (BVF) aras\u0131nda qlobal tendensiyalar\u0131n iqtisadi prosesl\u0259r\u0259 t\u0259siri, Az\u0259rbaycan iqtisadiyyat\u0131n\u0131n inki\u015faf g\u00f6st\u0259ricil\u0259ri v\u0259 h\u0259d\u0259fl\u0259ri, \u0259m\u0259kda\u015fl\u0131\u011f\u0131n yeni istiqam\u0259tl\u0259ri v\u0259 dig\u0259r m\u0259s\u0259l\u0259l\u0259r haqq\u0131nda m\u00fczakir\u0259l\u0259r apar\u0131l\u0131b. Bu bar\u0259d\u0259 \u0130qtisadiyyat Nazirliyind\u0259n m\u0259lumat verilib. Bildirilib ki, bu m\u00fczakir\u0259l\u0259r iqtisadiyyat naziri Mikay\u0131l Cabbarovun Valyuta Fondunun Az\u0259rbaycan \u00fczr\u0259 missiya r\u0259hb\u0259ri Anna Bordon il\u0259 ke\u00e7iril\u0259n g\u00f6r\u00fc\u015fd\u0259 apar\u0131l\u0131b. G\u00f6r\u00fc\u015fd\u0259 Az\u0259rbaycan\u0131n beyn\u0259lxalq maliyy\u0259 institutlar\u0131 il\u0259 \u00e7ox\u015fax\u0259li v\u0259 s\u0259m\u0259r\u0259li t\u0259r\u0259fda\u015fl\u0131\u011f\u0131, \u00f6lk\u0259d\u0259 innovasiyalar\u0131n geni\u015f t\u0259tbiqi bax\u0131m\u0131ndan \u0259laq\u0259l\u0259rin inki\u015faf etdirilm\u0259sinin \u00f6n\u0259mi vur\u011fulan\u0131b. H\u0259m\u00e7inin, \u00f6lk\u0259nin makroiqtisadi g\u00f6st\u0259ricil\u0259ri v\u0259 proqnozlar, energetika sektorunun inki\u015faf perspektivl\u0259ri, vergi islahatlar\u0131 v\u0259 bu sah\u0259d\u0259 n\u0259z\u0259rd\u0259 tutulan t\u0259dbirl\u0259r&hellip;<\/p>\n","protected":false},"author":2,"featured_media":656700,"comment_status":"closed","ping_status":"closed","sticky":false,"template":"","format":"standard","meta":{"om_disable_all_campaigns":false,"_monsterinsights_skip_tracking":false,"_monsterinsights_sitenote_active":false,"_monsterinsights_sitenote_note":"","_monsterinsights_sitenote_category":0},"categories":[19],"tags":[],"aioseo_notices":[],"gutentor_comment":0,"rttpg_featured_image_url":{"full":["https:\/\/arantv.az\/wp-content\/uploads\/2023\/11\/09d8c51a-c7a6-3769-a18e-bf4c21f4fe79_850.jpg",620,413,false],"landscape":["https:\/\/arantv.az\/wp-content\/uploads\/2023\/11\/09d8c51a-c7a6-3769-a18e-bf4c21f4fe79_850.jpg",620,413,false],"portraits":["https:\/\/arantv.az\/wp-content\/uploads\/2023\/11\/09d8c51a-c7a6-3769-a18e-bf4c21f4fe79_850.jpg",620,413,false],"thumbnail":["https:\/\/arantv.az\/wp-content\/uploads\/2023\/11\/09d8c51a-c7a6-3769-a18e-bf4c21f4fe79_850-500x280.jpg",500,280,true],"medium":["https:\/\/arantv.az\/wp-content\/uploads\/2023\/11\/09d8c51a-c7a6-3769-a18e-bf4c21f4fe79_850-548x365.jpg",548,365,true],"large":["https:\/\/arantv.az\/wp-content\/uploads\/2023\/11\/09d8c51a-c7a6-3769-a18e-bf4c21f4fe79_850.jpg",620,413,false],"1536x1536":["https:\/\/arantv.az\/wp-content\/uploads\/2023\/11\/09d8c51a-c7a6-3769-a18e-bf4c21f4fe79_850.jpg",620,413,false],"2048x2048":["https:\/\/arantv.az\/wp-content\/uploads\/2023\/11\/09d8c51a-c7a6-3769-a18e-bf4c21f4fe79_850.jpg",620,413,false],"post-thumbnail":["https:\/\/arantv.az\/wp-content\/uploads\/2023\/11\/09d8c51a-c7a6-3769-a18e-bf4c21f4fe79_850-240x172.jpg",240,172,true],"advps-thumb-one":["https:\/\/arantv.az\/wp-content\/uploads\/2023\/11\/09d8c51a-c7a6-3769-a18e-bf4c21f4fe79_850.jpg",620,413,false]},"rttpg_author":{"display_name":"V\u00fcsal Rafiqo\u011flu","author_link":"https:\/\/arantv.az\/?author=2"},"rttpg_comment":0,"rttpg_category":"<a href=\"https:\/\/arantv.az\/?cat=19\" rel=\"category\">G\u00fcnd\u0259m<\/a>","rttpg_excerpt":"Az\u0259rbaycanla Beyn\u0259lxalq Valyuta Fondu (BVF) aras\u0131nda qlobal tendensiyalar\u0131n iqtisadi prosesl\u0259r\u0259 t\u0259siri, Az\u0259rbaycan iqtisadiyyat\u0131n\u0131n inki\u015faf g\u00f6st\u0259ricil\u0259ri v\u0259 h\u0259d\u0259fl\u0259ri, \u0259m\u0259kda\u015fl\u0131\u011f\u0131n yeni istiqam\u0259tl\u0259ri v\u0259 dig\u0259r m\u0259s\u0259l\u0259l\u0259r haqq\u0131nda m\u00fczakir\u0259l\u0259r apar\u0131l\u0131b. Bu bar\u0259d\u0259 \u0130qtisadiyyat Nazirliyind\u0259n m\u0259lumat verilib. Bildirilib ki, bu m\u00fczakir\u0259l\u0259r iqtisadiyyat naziri Mikay\u0131l Cabbarovun Valyuta Fondunun Az\u0259rbaycan \u00fczr\u0259 missiya r\u0259hb\u0259ri Anna Bordon il\u0259 ke\u00e7iril\u0259n g\u00f6r\u00fc\u015fd\u0259 apar\u0131l\u0131b. G\u00f6r\u00fc\u015fd\u0259 Az\u0259rbaycan\u0131n beyn\u0259lxalq&hellip;","_links":{"self":[{"href":"https:\/\/arantv.az\/index.php?rest_route=\/wp\/v2\/posts\/656696"}],"collection":[{"href":"https:\/\/arantv.az\/index.php?rest_route=\/wp\/v2\/posts"}],"about":[{"href":"https:\/\/arantv.az\/index.php?rest_route=\/wp\/v2\/types\/post"}],"author":[{"embeddable":true,"href":"https:\/\/arantv.az\/index.php?rest_route=\/wp\/v2\/users\/2"}],"replies":[{"embeddable":true,"href":"https:\/\/arantv.az\/index.php?rest_route=%2Fwp%2Fv2%2Fcomments&post=656696"}],"version-history":[{"count":0,"href":"https:\/\/arantv.az\/index.php?rest_route=\/wp\/v2\/posts\/656696\/revisions"}],"wp:featuredmedia":[{"embeddable":true,"href":"https:\/\/arantv.az\/index.php?rest_route=\/wp\/v2\/media\/656700"}],"wp:attachment":[{"href":"https:\/\/arantv.az\/index.php?rest_route=%2Fwp%2Fv2%2Fmedia&parent=656696"}],"wp:term":[{"taxonomy":"category","embeddable":true,"href":"https:\/\/arantv.az\/index.php?rest_route=%2Fwp%2Fv2%2Fcategories&post=656696"},{"taxonomy":"post_tag","embeddable":true,"href":"https:\/\/arantv.az\/index.php?rest_route=%2Fwp%2Fv2%2Ftags&post=656696"}],"curies":[{"name":"wp","href":"https:\/\/api.w.org\/{rel}","templated":true}]}}