{"id":656702,"date":"2023-11-15T20:00:44","date_gmt":"2023-11-15T16:00:44","guid":{"rendered":"https:\/\/arantv.az\/?p=656702"},"modified":"2023-11-15T20:00:44","modified_gmt":"2023-11-15T16:00:44","slug":"pasinyan-ktmt-erm%c9%99nistanda-oz-m%c9%99suliyy%c9%99t-sah%c9%99sini-mu%c9%99yy%c9%99nl%c9%99sdirm%c9%99kd%c9%99n-imtina-edir","status":"publish","type":"post","link":"https:\/\/arantv.az\/?p=656702","title":{"rendered":"Pa\u015finyan: \u201cKTMT Erm\u0259nistanda \u00f6z m\u0259suliyy\u0259t sah\u0259sini m\u00fc\u0259yy\u0259nl\u0259\u015fdirm\u0259kd\u0259n imtina edir\u201d"},"content":{"rendered":"<p>\u201c\u0130r\u0259van KTMT t\u0259dbirl\u0259rind\u0259 i\u015ftirak etm\u0259m\u0259kl\u0259 qurumdan \u00e7\u0131xmaq \u00fc\u00e7\u00fcn z\u0259min haz\u0131rlam\u0131r\u201d.<\/p>\n<p>Bu s\u00f6zl\u0259ri Erm\u0259nistan\u0131n ba\u015f naziri Nikol Pa\u015finyan parlamentd\u0259 h\u00f6kum\u0259t saat\u0131nda deyib.<\/p>\n<p>\u201cBiz m\u00fcxt\u0259lif s\u0259b\u0259bl\u0259rd\u0259n Kollektiv T\u0259hl\u00fck\u0259sizlik M\u00fcqavil\u0259si T\u0259\u015fkilat\u0131n\u0131n (KTMT) bu t\u0259dbirl\u0259rind\u0259 i\u015ftirak etm\u0259m\u0259k q\u0259rar\u0131na g\u0259ldik. M\u0259n he\u00e7 n\u0259y\u0259 z\u0259min haz\u0131rlam\u0131ram, bu z\u0259min ya var, ya da yoxdur\u201d, &#8211; o, m\u00fcxalif\u0259t\u00e7i deputat\u0131n KTMT-d\u0259n \u00e7\u0131xma\u011fa m\u00fcmk\u00fcn haz\u0131rl\u0131qlarla ba\u011fl\u0131 sual\u0131n\u0131 cavabland\u0131r\u0131b.<\/p>\n<p>Erm\u0259nistan Nazirl\u0259r Kabinetinin r\u0259hb\u0259rinin s\u00f6zl\u0259rin\u0259 g\u00f6r\u0259, \u0130r\u0259van \u0259sas problemi \u201cKTMT-nin respublikada \u00f6z m\u0259suliyy\u0259t sah\u0259sini m\u00fc\u0259yy\u0259n etm\u0259kd\u0259n imtina etm\u0259si\u201d hesab edir.<\/p>\n<p>M\u0259nb\u0259: TASS<\/p>\n","protected":false},"excerpt":{"rendered":"<p>\u201c\u0130r\u0259van KTMT t\u0259dbirl\u0259rind\u0259 i\u015ftirak etm\u0259m\u0259kl\u0259 qurumdan \u00e7\u0131xmaq \u00fc\u00e7\u00fcn z\u0259min haz\u0131rlam\u0131r\u201d. Bu s\u00f6zl\u0259ri Erm\u0259nistan\u0131n ba\u015f naziri Nikol Pa\u015finyan parlamentd\u0259 h\u00f6kum\u0259t saat\u0131nda deyib. \u201cBiz m\u00fcxt\u0259lif s\u0259b\u0259bl\u0259rd\u0259n Kollektiv T\u0259hl\u00fck\u0259sizlik M\u00fcqavil\u0259si T\u0259\u015fkilat\u0131n\u0131n (KTMT) bu t\u0259dbirl\u0259rind\u0259 i\u015ftirak etm\u0259m\u0259k q\u0259rar\u0131na g\u0259ldik. M\u0259n he\u00e7 n\u0259y\u0259 z\u0259min haz\u0131rlam\u0131ram, bu z\u0259min ya var, ya da yoxdur\u201d, &#8211; o, m\u00fcxalif\u0259t\u00e7i deputat\u0131n KTMT-d\u0259n \u00e7\u0131xma\u011fa m\u00fcmk\u00fcn haz\u0131rl\u0131qlarla ba\u011fl\u0131 sual\u0131n\u0131 cavabland\u0131r\u0131b. Erm\u0259nistan Nazirl\u0259r Kabinetinin r\u0259hb\u0259rinin s\u00f6zl\u0259rin\u0259 g\u00f6r\u0259, \u0130r\u0259van \u0259sas problemi \u201cKTMT-nin respublikada \u00f6z m\u0259suliyy\u0259t sah\u0259sini m\u00fc\u0259yy\u0259n etm\u0259kd\u0259n imtina etm\u0259si\u201d hesab edir. M\u0259nb\u0259: TASS<\/p>\n","protected":false},"author":2,"featured_media":656706,"comment_status":"closed","ping_status":"closed","sticky":false,"template":"","format":"standard","meta":{"om_disable_all_campaigns":false,"_monsterinsights_skip_tracking":false,"_monsterinsights_sitenote_active":false,"_monsterinsights_sitenote_note":"","_monsterinsights_sitenote_category":0},"categories":[7],"tags":[],"aioseo_notices":[],"gutentor_comment":0,"rttpg_featured_image_url":{"full":["https:\/\/arantv.az\/wp-content\/uploads\/2023\/11\/149FvdXQI60PFBujDqfq6yOKtiQzQYHgPpBK6UDp.jpg",620,413,false],"landscape":["https:\/\/arantv.az\/wp-content\/uploads\/2023\/11\/149FvdXQI60PFBujDqfq6yOKtiQzQYHgPpBK6UDp.jpg",620,413,false],"portraits":["https:\/\/arantv.az\/wp-content\/uploads\/2023\/11\/149FvdXQI60PFBujDqfq6yOKtiQzQYHgPpBK6UDp.jpg",620,413,false],"thumbnail":["https:\/\/arantv.az\/wp-content\/uploads\/2023\/11\/149FvdXQI60PFBujDqfq6yOKtiQzQYHgPpBK6UDp-500x280.jpg",500,280,true],"medium":["https:\/\/arantv.az\/wp-content\/uploads\/2023\/11\/149FvdXQI60PFBujDqfq6yOKtiQzQYHgPpBK6UDp-548x365.jpg",548,365,true],"large":["https:\/\/arantv.az\/wp-content\/uploads\/2023\/11\/149FvdXQI60PFBujDqfq6yOKtiQzQYHgPpBK6UDp.jpg",620,413,false],"1536x1536":["https:\/\/arantv.az\/wp-content\/uploads\/2023\/11\/149FvdXQI60PFBujDqfq6yOKtiQzQYHgPpBK6UDp.jpg",620,413,false],"2048x2048":["https:\/\/arantv.az\/wp-content\/uploads\/2023\/11\/149FvdXQI60PFBujDqfq6yOKtiQzQYHgPpBK6UDp.jpg",620,413,false],"post-thumbnail":["https:\/\/arantv.az\/wp-content\/uploads\/2023\/11\/149FvdXQI60PFBujDqfq6yOKtiQzQYHgPpBK6UDp-240x172.jpg",240,172,true],"advps-thumb-one":["https:\/\/arantv.az\/wp-content\/uploads\/2023\/11\/149FvdXQI60PFBujDqfq6yOKtiQzQYHgPpBK6UDp.jpg",620,413,false]},"rttpg_author":{"display_name":"V\u00fcsal Rafiqo\u011flu","author_link":"https:\/\/arantv.az\/?author=2"},"rttpg_comment":0,"rttpg_category":"<a href=\"https:\/\/arantv.az\/?cat=7\" rel=\"category\">D\u00fcnya<\/a>","rttpg_excerpt":"\u201c\u0130r\u0259van KTMT t\u0259dbirl\u0259rind\u0259 i\u015ftirak etm\u0259m\u0259kl\u0259 qurumdan \u00e7\u0131xmaq \u00fc\u00e7\u00fcn z\u0259min haz\u0131rlam\u0131r\u201d. Bu s\u00f6zl\u0259ri Erm\u0259nistan\u0131n ba\u015f naziri Nikol Pa\u015finyan parlamentd\u0259 h\u00f6kum\u0259t saat\u0131nda deyib. \u201cBiz m\u00fcxt\u0259lif s\u0259b\u0259bl\u0259rd\u0259n Kollektiv T\u0259hl\u00fck\u0259sizlik M\u00fcqavil\u0259si T\u0259\u015fkilat\u0131n\u0131n (KTMT) bu t\u0259dbirl\u0259rind\u0259 i\u015ftirak etm\u0259m\u0259k q\u0259rar\u0131na g\u0259ldik. M\u0259n he\u00e7 n\u0259y\u0259 z\u0259min haz\u0131rlam\u0131ram, bu z\u0259min ya var, ya da yoxdur\u201d, &#8211; o, m\u00fcxalif\u0259t\u00e7i deputat\u0131n KTMT-d\u0259n \u00e7\u0131xma\u011fa m\u00fcmk\u00fcn haz\u0131rl\u0131qlarla&hellip;","_links":{"self":[{"href":"https:\/\/arantv.az\/index.php?rest_route=\/wp\/v2\/posts\/656702"}],"collection":[{"href":"https:\/\/arantv.az\/index.php?rest_route=\/wp\/v2\/posts"}],"about":[{"href":"https:\/\/arantv.az\/index.php?rest_route=\/wp\/v2\/types\/post"}],"author":[{"embeddable":true,"href":"https:\/\/arantv.az\/index.php?rest_route=\/wp\/v2\/users\/2"}],"replies":[{"embeddable":true,"href":"https:\/\/arantv.az\/index.php?rest_route=%2Fwp%2Fv2%2Fcomments&post=656702"}],"version-history":[{"count":0,"href":"https:\/\/arantv.az\/index.php?rest_route=\/wp\/v2\/posts\/656702\/revisions"}],"wp:featuredmedia":[{"embeddable":true,"href":"https:\/\/arantv.az\/index.php?rest_route=\/wp\/v2\/media\/656706"}],"wp:attachment":[{"href":"https:\/\/arantv.az\/index.php?rest_route=%2Fwp%2Fv2%2Fmedia&parent=656702"}],"wp:term":[{"taxonomy":"category","embeddable":true,"href":"https:\/\/arantv.az\/index.php?rest_route=%2Fwp%2Fv2%2Fcategories&post=656702"},{"taxonomy":"post_tag","embeddable":true,"href":"https:\/\/arantv.az\/index.php?rest_route=%2Fwp%2Fv2%2Ftags&post=656702"}],"curies":[{"name":"wp","href":"https:\/\/api.w.org\/{rel}","templated":true}]}}