{"id":656708,"date":"2023-11-15T20:01:49","date_gmt":"2023-11-15T16:01:49","guid":{"rendered":"https:\/\/arantv.az\/?p=656708"},"modified":"2023-11-15T20:01:49","modified_gmt":"2023-11-15T16:01:49","slug":"zaxarova-moskva-bakinin-qarabaga-qayidan-erm%c9%99nil%c9%99r%c9%99-z%c9%99man%c9%99tl%c9%99-bagli-b%c9%99yanatlarini-alqislayir","status":"publish","type":"post","link":"https:\/\/arantv.az\/?p=656708","title":{"rendered":"Zaxarova: \u201cMoskva Bak\u0131n\u0131n Qaraba\u011fa qay\u0131dan erm\u0259nil\u0259r\u0259 z\u0259man\u0259tl\u0259 ba\u011fl\u0131 b\u0259yanatlar\u0131n\u0131 alq\u0131\u015flay\u0131r\u201d"},"content":{"rendered":"<p>\u201cRusiya Az\u0259rbaycan\u0131n Qaraba\u011fa qay\u0131tmaq ist\u0259y\u0259n erm\u0259nil\u0259rin h\u00fcquqlar\u0131n\u0131n, t\u0259hl\u00fck\u0259sizliyinin v\u0259 iqtisadi rifah\u0131n\u0131n t\u0259minat\u0131 il\u0259 ba\u011fl\u0131 b\u0259yanatlar\u0131n\u0131 alq\u0131\u015flay\u0131r\u201d.<\/p>\n<p>Bunu Rusiya Xarici \u0130\u015fl\u0259r Nazirliyinin r\u0259smi n\u00fcmay\u0259nd\u0259si Mariya Zaxarova brifinqd\u0259 deyib.<\/p>\n<p>\u201cBiz Az\u0259rbaycan Prezidenti Administrasiyas\u0131n\u0131n y\u00fcks\u0259k r\u00fctb\u0259li n\u00fcmay\u0259nd\u0259sinin Qaraba\u011fa qay\u0131tmaq ist\u0259y\u0259n erm\u0259nil\u0259rin h\u00fcquqlar\u0131n\u0131n, t\u0259hl\u00fck\u0259sizliyinin, iqtisadi rifah\u0131n\u0131n t\u0259min edilm\u0259si il\u0259 ba\u011fl\u0131 son b\u0259yanatlar\u0131n\u0131 alq\u0131\u015flay\u0131r\u0131q. Hesab edir\u0259m ki, bu, \u00e7ox d\u00fczg\u00fcn v\u0259 vaxt\u0131nda siqnald\u0131r. Moskva Rusiya s\u00fclhm\u0259raml\u0131 kontingenti d\u0259 daxil olmaqla, Bak\u0131 v\u0259 \u0130r\u0259van\u0131n bar\u0131\u015fmas\u0131 \u00fc\u00e7\u00fcn prinsipial \u0259h\u0259miyy\u0259t k\u0259sb ed\u0259n bu proses\u0259 h\u0259r c\u00fcr k\u00f6m\u0259k ed\u0259c\u0259k. Biz bu regionun v\u0259 \u0259razil\u0259rin sakinl\u0259rinin geri qay\u0131tmas\u0131n\u0131n qar\u015f\u0131s\u0131n\u0131 almaq \u00fc\u00e7\u00fcn \u00e7oxlu c\u0259hdl\u0259r qeyd\u0259 al\u0131r\u0131q\u201d, &#8211; Rusiya Xarici \u0130\u015fl\u0259r Nazirliyinin r\u0259smi n\u00fcmay\u0259nd\u0259si qeyd edib.<\/p>\n<p>Onun s\u00f6zl\u0259rin\u0259 g\u00f6r\u0259, b\u0259zil\u0259ri hans\u0131sa x\u0259yali t\u0259hdidl\u0259rl\u0259 qorxudulur, dig\u0259rl\u0259rin\u0259 is\u0259 evl\u0259rind\u0259n he\u00e7 n\u0259 qalmad\u0131\u011f\u0131 bar\u0259d\u0259 yalan m\u0259lumat verilir.<\/p>\n<p>\u201cBu, do\u011fru deyil, \u0259n az\u0131 biz indi f\u0259al \u015f\u0259kild\u0259 apar\u0131lan bu informasiya kampaniyalar\u0131n\u0131 g\u00f6r\u00fcr\u00fck. M\u0259n\u0259 el\u0259 g\u0259lir ki, biz Az\u0259rbaycan Prezident Administrasiyas\u0131n\u0131n n\u00fcmay\u0259nd\u0259sinin r\u0259smi b\u0259yanatlar\u0131na v\u0259 Rusiya h\u00f6kum\u0259tin m\u0259lumatlar\u0131na \u0259saslanmal\u0131y\u0131q\u201d, &#8211; dey\u0259 Zaxarova yekunla\u015fd\u0131r\u0131b.<\/p>\n<p>M\u0259nb\u0259: TASS<\/p>\n","protected":false},"excerpt":{"rendered":"<p>\u201cRusiya Az\u0259rbaycan\u0131n Qaraba\u011fa qay\u0131tmaq ist\u0259y\u0259n erm\u0259nil\u0259rin h\u00fcquqlar\u0131n\u0131n, t\u0259hl\u00fck\u0259sizliyinin v\u0259 iqtisadi rifah\u0131n\u0131n t\u0259minat\u0131 il\u0259 ba\u011fl\u0131 b\u0259yanatlar\u0131n\u0131 alq\u0131\u015flay\u0131r\u201d. Bunu Rusiya Xarici \u0130\u015fl\u0259r Nazirliyinin r\u0259smi n\u00fcmay\u0259nd\u0259si Mariya Zaxarova brifinqd\u0259 deyib. \u201cBiz Az\u0259rbaycan Prezidenti Administrasiyas\u0131n\u0131n y\u00fcks\u0259k r\u00fctb\u0259li n\u00fcmay\u0259nd\u0259sinin Qaraba\u011fa qay\u0131tmaq ist\u0259y\u0259n erm\u0259nil\u0259rin h\u00fcquqlar\u0131n\u0131n, t\u0259hl\u00fck\u0259sizliyinin, iqtisadi rifah\u0131n\u0131n t\u0259min edilm\u0259si il\u0259 ba\u011fl\u0131 son b\u0259yanatlar\u0131n\u0131 alq\u0131\u015flay\u0131r\u0131q. Hesab edir\u0259m ki, bu, \u00e7ox d\u00fczg\u00fcn v\u0259 vaxt\u0131nda siqnald\u0131r. Moskva Rusiya s\u00fclhm\u0259raml\u0131 kontingenti d\u0259 daxil olmaqla, Bak\u0131 v\u0259 \u0130r\u0259van\u0131n bar\u0131\u015fmas\u0131 \u00fc\u00e7\u00fcn prinsipial \u0259h\u0259miyy\u0259t k\u0259sb ed\u0259n bu proses\u0259 h\u0259r c\u00fcr k\u00f6m\u0259k ed\u0259c\u0259k. Biz bu regionun v\u0259 \u0259razil\u0259rin sakinl\u0259rinin geri qay\u0131tmas\u0131n\u0131n qar\u015f\u0131s\u0131n\u0131 almaq&hellip;<\/p>\n","protected":false},"author":2,"featured_media":656712,"comment_status":"closed","ping_status":"closed","sticky":false,"template":"","format":"standard","meta":{"om_disable_all_campaigns":false,"_monsterinsights_skip_tracking":false,"_monsterinsights_sitenote_active":false,"_monsterinsights_sitenote_note":"","_monsterinsights_sitenote_category":0},"categories":[4],"tags":[],"aioseo_notices":[],"gutentor_comment":0,"rttpg_featured_image_url":{"full":["https:\/\/arantv.az\/wp-content\/uploads\/2023\/11\/380516662_1372122733678609_4341641525364048976_n.jpg",620,413,false],"landscape":["https:\/\/arantv.az\/wp-content\/uploads\/2023\/11\/380516662_1372122733678609_4341641525364048976_n.jpg",620,413,false],"portraits":["https:\/\/arantv.az\/wp-content\/uploads\/2023\/11\/380516662_1372122733678609_4341641525364048976_n.jpg",620,413,false],"thumbnail":["https:\/\/arantv.az\/wp-content\/uploads\/2023\/11\/380516662_1372122733678609_4341641525364048976_n-500x280.jpg",500,280,true],"medium":["https:\/\/arantv.az\/wp-content\/uploads\/2023\/11\/380516662_1372122733678609_4341641525364048976_n-548x365.jpg",548,365,true],"large":["https:\/\/arantv.az\/wp-content\/uploads\/2023\/11\/380516662_1372122733678609_4341641525364048976_n.jpg",620,413,false],"1536x1536":["https:\/\/arantv.az\/wp-content\/uploads\/2023\/11\/380516662_1372122733678609_4341641525364048976_n.jpg",620,413,false],"2048x2048":["https:\/\/arantv.az\/wp-content\/uploads\/2023\/11\/380516662_1372122733678609_4341641525364048976_n.jpg",620,413,false],"post-thumbnail":["https:\/\/arantv.az\/wp-content\/uploads\/2023\/11\/380516662_1372122733678609_4341641525364048976_n-240x172.jpg",240,172,true],"advps-thumb-one":["https:\/\/arantv.az\/wp-content\/uploads\/2023\/11\/380516662_1372122733678609_4341641525364048976_n.jpg",620,413,false]},"rttpg_author":{"display_name":"V\u00fcsal Rafiqo\u011flu","author_link":"https:\/\/arantv.az\/?author=2"},"rttpg_comment":0,"rttpg_category":"<a href=\"https:\/\/arantv.az\/?cat=4\" rel=\"category\">Siyas\u0259t<\/a>","rttpg_excerpt":"\u201cRusiya Az\u0259rbaycan\u0131n Qaraba\u011fa qay\u0131tmaq ist\u0259y\u0259n erm\u0259nil\u0259rin h\u00fcquqlar\u0131n\u0131n, t\u0259hl\u00fck\u0259sizliyinin v\u0259 iqtisadi rifah\u0131n\u0131n t\u0259minat\u0131 il\u0259 ba\u011fl\u0131 b\u0259yanatlar\u0131n\u0131 alq\u0131\u015flay\u0131r\u201d. Bunu Rusiya Xarici \u0130\u015fl\u0259r Nazirliyinin r\u0259smi n\u00fcmay\u0259nd\u0259si Mariya Zaxarova brifinqd\u0259 deyib. \u201cBiz Az\u0259rbaycan Prezidenti Administrasiyas\u0131n\u0131n y\u00fcks\u0259k r\u00fctb\u0259li n\u00fcmay\u0259nd\u0259sinin Qaraba\u011fa qay\u0131tmaq ist\u0259y\u0259n erm\u0259nil\u0259rin h\u00fcquqlar\u0131n\u0131n, t\u0259hl\u00fck\u0259sizliyinin, iqtisadi rifah\u0131n\u0131n t\u0259min edilm\u0259si il\u0259 ba\u011fl\u0131 son b\u0259yanatlar\u0131n\u0131 alq\u0131\u015flay\u0131r\u0131q. Hesab edir\u0259m ki, bu, \u00e7ox d\u00fczg\u00fcn&hellip;","_links":{"self":[{"href":"https:\/\/arantv.az\/index.php?rest_route=\/wp\/v2\/posts\/656708"}],"collection":[{"href":"https:\/\/arantv.az\/index.php?rest_route=\/wp\/v2\/posts"}],"about":[{"href":"https:\/\/arantv.az\/index.php?rest_route=\/wp\/v2\/types\/post"}],"author":[{"embeddable":true,"href":"https:\/\/arantv.az\/index.php?rest_route=\/wp\/v2\/users\/2"}],"replies":[{"embeddable":true,"href":"https:\/\/arantv.az\/index.php?rest_route=%2Fwp%2Fv2%2Fcomments&post=656708"}],"version-history":[{"count":0,"href":"https:\/\/arantv.az\/index.php?rest_route=\/wp\/v2\/posts\/656708\/revisions"}],"wp:featuredmedia":[{"embeddable":true,"href":"https:\/\/arantv.az\/index.php?rest_route=\/wp\/v2\/media\/656712"}],"wp:attachment":[{"href":"https:\/\/arantv.az\/index.php?rest_route=%2Fwp%2Fv2%2Fmedia&parent=656708"}],"wp:term":[{"taxonomy":"category","embeddable":true,"href":"https:\/\/arantv.az\/index.php?rest_route=%2Fwp%2Fv2%2Fcategories&post=656708"},{"taxonomy":"post_tag","embeddable":true,"href":"https:\/\/arantv.az\/index.php?rest_route=%2Fwp%2Fv2%2Ftags&post=656708"}],"curies":[{"name":"wp","href":"https:\/\/api.w.org\/{rel}","templated":true}]}}