{"id":656711,"date":"2023-11-15T20:08:56","date_gmt":"2023-11-15T16:08:56","guid":{"rendered":"https:\/\/arantv.az\/?p=656711"},"modified":"2023-11-15T20:08:56","modified_gmt":"2023-11-15T16:08:56","slug":"fransanin-yaxin-s%c9%99rq-ugursuzlugu-diplomatlar-makronu-ittiham-edirl%c9%99r-s%c9%99rh-foto","status":"publish","type":"post","link":"https:\/\/arantv.az\/?p=656711","title":{"rendered":"Fransan\u0131n Yax\u0131n \u015e\u0259rq u\u011fursuzlu\u011fu: Diplomatlar Makronu ittiham edirl\u0259r &#8211; \u015e\u018fRH + FOTO"},"content":{"rendered":"<p>Fransa Prezidenti Emmanuel Makron v\u0259 komandas\u0131n\u0131n yar\u0131tmaz, u\u011fursuz siyas\u0259tinin n\u0259tic\u0259sidir ki, haz\u0131rda bu \u00f6lk\u0259 \u0259vv\u0259lki m\u00f6vqel\u0259rini, beyn\u0259lxalq n\u00fcfuzunu itirib. Afrikada ke\u00e7mi\u015f m\u00fcst\u0259ml\u0259k\u0259l\u0259rd\u0259n qovulmas\u0131 azm\u0131\u015f kimi, indi d\u0259 Yax\u0131n \u015e\u0259rqd\u0259ki u\u011fursuzluqlar\u0131 r\u0259smi Parisi \u00e7\u0259tin v\u0259ziyy\u0259t\u0259 sal\u0131b.<\/p>\n<p>Bel\u0259 ki, Fransa h\u00f6kum\u0259tinin oktyabr\u0131n 7-d\u0259n H\u018fMAS-\u0131n \u0130srail\u0259 h\u00fccumu il\u0259 ba\u015flayan m\u00fcharib\u0259y\u0259 ikili yana\u015fmas\u0131 bu \u00f6lk\u0259d\u0259 ciddi f\u0259sadlara yol a\u00e7\u0131b. Be\u015finci respublikan\u0131n \u0259n u\u011fursuz lideri Makron h\u00f6kum\u0259tinin birt\u0259r\u0259fli qaydada \u0130sraili m\u00fcdafi\u0259 etm\u0259si c\u0259miyy\u0259ti az qala ikiy\u0259 b\u00f6l\u00fcb.<\/p>\n<p>\u00c7oxmilyonluq \u0259r\u0259b icmas\u0131 da frans\u0131zlardan prosesl\u0259r\u0259 obyektiv yana\u015fma t\u0259l\u0259b edir. Siyasi dair\u0259l\u0259rd\u0259 bel\u0259 bir fikir var ki, u\u011fursuzluqdan d\u0259rs \u00e7\u0131xarmayan hakimiyy\u0259tin Yax\u0131n \u015e\u0259rqd\u0259 n\u00f6vb\u0259ti fiasko il\u0259 \u00fczl\u0259\u015f\u0259 bil\u0259c\u0259yi reald\u0131r. \u0130\u015f o yer\u0259 \u00e7at\u0131b ki, Yax\u0131n \u015e\u0259rq v\u0259 \u015eimali Afrika \u00f6lk\u0259l\u0259rind\u0259 r\u0259smi Parisi t\u0259msil ed\u0259n 10-dan art\u0131q s\u0259fir prezidenti \u0130srailin H\u018fMAS-a qar\u015f\u0131 m\u00fcharib\u0259sind\u0259 birt\u0259r\u0259fli qaydada m\u00fcdafi\u0259 etdiyin\u0259 g\u00f6r\u0259 s\u0259rt t\u0259nqid edibl\u0259r. Bununla ba\u011fl\u0131 m\u00fcvafiq m\u0259ktuba imza atan diplomatlar etirazlar\u0131n\u0131 Xarici \u0130\u015fl\u0259r Nazirliyi (X\u0130N) v\u0259 Yelisey saray\u0131na \u00fcnvanlay\u0131blar.<\/p>\n<p>\u201cLe Fiqaro\u201d m\u0259ktuba istinad\u0259n yaz\u0131r ki, bu m\u00fcraci\u0259ti m\u0259ktubdan \u00e7ox etiraz notas\u0131 adland\u0131rmaq daha d\u00fczg\u00fcn olard\u0131. Onlar\u0131n q\u0259na\u0259tinc\u0259, Fransa \u0130srail v\u0259 F\u0259l\u0259stin aras\u0131nda balansl\u0131 siyas\u0259t \u0259v\u0259zin\u0259 birt\u0259r\u0259fli siyas\u0259t y\u00fcr\u00fcd\u00fcr. M\u00fcraci\u0259ti oxuyan, lakin ad\u0131 a\u00e7\u0131qlanmayan fransal\u0131 diplomat\u0131n s\u00f6zl\u0259rin\u0259 g\u00f6r\u0259, Fransaya regionda etimad azal\u0131b. B\u00fct\u00fcn bu probleml\u0259rin s\u0259b\u0259bkar\u0131 is\u0259 prezident v\u0259 komandas\u0131d\u0131r. M\u0259hz onlar\u0131n u\u011fursuz v\u0259 yar\u0131tmaz siyas\u0259tinin n\u0259tic\u0259sidir ki, \u00f6lk\u0259 \u015eimali Afrikadan qovuldu, indi d\u0259 eyni taleni Yax\u0131n \u015e\u0259rqd\u0259 ya\u015faya bil\u0259r&#8230;<\/p>\n<p><img src=\"https:\/\/cdn.oxu.az\/uploads\/W1siZiIsIjIwMjMvMTEvMTUvMTYvMzUvNDQvN2NiZjcwYzItN2I4Ny00YjM5LThjYzctY2Y2MWIxMzJiMzMxLzY4ZjgyZDk0LWI4YzQtMzQ3OC05ODE0LTA1MTJlYTZkZjRmMC5qcGciXSxbInAiLCJlbmNvZGUiLCJqcGciLCItcXVhbGl0eSA4MCJdLFsicCIsInRodW1iIiwiNTkweDU5MFx1MDAzZSJdXQ?sha=82ab956dd9141ae4\" alt=\"\" \/><\/p>\n<p>Frans\u0131z s\u0259firl\u0259r g\u0259r\u0259k onu da dey\u0259rdil\u0259r ki, Fransa hakimiyy\u0259ti eyni taleni C\u0259nubi Qafqazda da ya\u015faya bil\u0259r. B\u0259llidir ki, Erm\u0259nistan\u0131 birt\u0259r\u0259fli qaydada m\u00fcdafi\u0259 ed\u0259n, onu silahland\u0131ran Paris b\u00f6lg\u0259d\u0259 Rusiya il\u0259 soyuq sava\u015fa gir\u0259r\u0259k h\u0259r v\u0259chl\u0259 onu b\u00f6lg\u0259d\u0259n \u00e7\u0131xarma\u011fa \u00e7al\u0131\u015f\u0131r. Erm\u0259nistan da bu t\u0259hl\u00fck\u0259li plan\u0131n icra\u00e7\u0131s\u0131 rolunda \u00e7\u0131x\u0131\u015f edir. \u00dcmid ed\u0259k ki, fransal\u0131 s\u0259firl\u0259rin Makrona v\u0259 Xarici \u0130\u015fl\u0259r Nazirliyin\u0259 \u00fcnvanlad\u0131\u011f\u0131 n\u00f6vb\u0259ti \u201cnota m\u0259ktubu\u201d Erm\u0259nistanla ba\u011fl\u0131 olacaq. Onlar g\u00f6z\u0259l bilirl\u0259r ki, 200 illik himay\u0259\u00e7isi olan Rusiyaya x\u0259yan\u0259t ed\u0259n d\u00f6vl\u0259t, xalq onlara da eyni m\u00f6vqe n\u00fcmayi\u015f etdir\u0259 bil\u0259r. Moskva il\u0259 m\u00fcnasib\u0259tl\u0259ri minimuma endir\u0259n \u0130r\u0259van\u0131n eyni add\u0131m\u0131 Paris\u0259 qar\u015f\u0131 da ataca\u011f\u0131 \u015f\u00fcbh\u0259sizdir. Bu bax\u0131mdan, Fransa diplomatiyas\u0131 indid\u0259n u\u011fursuzlu\u011fu qar\u015f\u0131lama\u011fa haz\u0131r olmal\u0131d\u0131r. Y\u0259ni Erm\u0259nistan ist\u0259nil\u0259n an Parisi Moskva v\u0259 yaxud bir ba\u015fqas\u0131 il\u0259 \u0259v\u0259zl\u0259y\u0259 bil\u0259r.<\/p>\n<p><img src=\"https:\/\/cdn.oxu.az\/uploads\/W1siZiIsIjIwMjMvMTEvMTUvMTYvMzUvNDQvNWM5YTg0ZjQtZDZmOS00NDQzLTg1ZTgtOGIxNjExZTkyZWVlLzQxZjA4MmE1LTljYzAtMzJjOS05NDFhLWE4MDk3ZGM1OGY4Ni5qcGciXSxbInAiLCJlbmNvZGUiLCJqcGciLCItcXVhbGl0eSA4MCJdLFsicCIsInRodW1iIiwiNTkweDU5MFx1MDAzZSJdXQ?sha=afefe50e8419d6d4\" alt=\"\" \/><\/p>\n<p>Bel\u0259likl\u0259, fransal\u0131 diplomatlar\u0131n etiraz m\u0259ktubu probleml\u0259rin ciddiliyind\u0259n x\u0259b\u0259r verir. M\u0259s\u0259l\u0259 ondad\u0131r ki, qanunverici orqanda t\u0259msil olunan deputatlar da bir ne\u00e7\u0259 ay bundan \u0259vv\u0259l m\u00fcvafiq m\u00fcraci\u0259tl\u0259 \u00e7\u0131x\u0131\u015f edibl\u0259r. M\u00fcxt\u0259lif siyasi qruplar\u0131 t\u0259msil ed\u0259n 94 deputat\u0131n imzas\u0131 il\u0259 Makrona edil\u0259n a\u00e7\u0131q m\u00fcraci\u0259td\u0259 Fransan\u0131n Afrikadak\u0131 m\u0259\u011flubiyy\u0259tind\u0259n ciddi narahatl\u0131q ifad\u0259 olunmu\u015fdu. M\u00fcst\u0259ml\u0259k\u0259 t\u0259f\u0259kk\u00fcrl\u00fc deputatlar\u0131n narahatl\u0131\u011f\u0131 ondan ibar\u0259t olub ki, Afrikadan qovulma \u00f6lk\u0259nin g\u0259lirl\u0259rin\u0259 ciddi t\u0259sir ed\u0259c\u0259k. H\u0259qiq\u0259t\u0259n d\u0259 bel\u0259 olub. M\u0259s\u0259l\u0259n, Nigerin faydal\u0131 qaz\u0131nt\u0131lar\u0131, x\u00fcsus\u0259n d\u0259 uran Fransa b\u00fcdc\u0259sini ill\u0259rdir milyardlarla avro v\u0259saitl\u0259 t\u0259min edib. Bundan m\u0259hrum olan Makron bu s\u0259b\u0259bd\u0259n d\u0259 \u00fcz\u00fcn\u00fc Qazax\u0131stana tutub.<\/p>\n<p><img src=\"https:\/\/cdn.oxu.az\/uploads\/W1siZiIsIjIwMjMvMTEvMTUvMTYvMzUvNDQvZTVlMmRmZDgtNWQ3Yi00MWE1LWJmZDUtODI1NmRjN2VjZWMwLzA2MTQzZGU3LTlmODktMzZkMi04Mzk2LWIyZjAwZTI0MGFjOC5qcGciXSxbInAiLCJlbmNvZGUiLCJqcGciLCItcXVhbGl0eSA4MCJdLFsicCIsInRodW1iIiwiNTkweDU5MFx1MDAzZSJdXQ?sha=b41c652bbd896e75\" alt=\"\" \/><\/p>\n<p>Senatorlar\u0131n m\u0259ktubdak\u0131 yekdil fikri bundan ibar\u0259tdir ki, \u00fcmumilikd\u0259, Afrika \u00f6lk\u0259l\u0259rinin ham\u0131s\u0131 Parisin qit\u0259d\u0259ki varl\u0131\u011f\u0131na a\u00e7\u0131q v\u0259 ya gizli \u015f\u0259kild\u0259 etiraz edir. Onlar bu qit\u0259d\u0259 yay\u0131lan anti-Fransa tendensiyas\u0131n\u0131 \u00f6lk\u0259l\u0259rinin imperialist maraqlar\u0131 il\u0259 deyil, Makron rejiminin qit\u0259d\u0259ki u\u011fursuz siyas\u0259ti il\u0259 \u0259laq\u0259l\u0259ndirirl\u0259r. Senatorlar\u0131n m\u00fcraci\u0259tind\u0259 Fransan\u0131n Afrikada Rusiyaya, \u00c7in\u0259 v\u0259 AB\u015e-y\u0259 uduzmas\u0131 fakt\u0131 da etiraf olunub.<\/p>\n<p>\u0130ndi is\u0259 s\u0259firl\u0259r dil\u0259 g\u0259lib. Fransa X\u0130N-in \u00fc\u00e7 sabiq \u0259m\u0259kda\u015f\u0131 s\u0259firl\u0259rin imza atd\u0131\u011f\u0131 \u201cetiraz notas\u0131\u201dn\u0131 presedentsiz add\u0131m kimi d\u0259y\u0259rl\u0259ndirib. Yelisey saray\u0131 v\u0259 X\u0130N diplomatik yaz\u0131\u015fman\u0131 \u015f\u0259rh etm\u0259kd\u0259n boyun qa\u00e7\u0131r\u0131b v\u0259 bunu m\u0259xfiliyi qoruyub saxlamaqla \u0259laq\u0259l\u0259ndirib. Bildiribl\u0259r ki, bu m\u00fcraci\u0259t \u00e7oxsayl\u0131 m\u0259ktublardan biridir v\u0259 onu xarici siyas\u0259ti m\u00fc\u0259yy\u0259n ed\u0259n prezident, ba\u015f nazir v\u0259 xarici i\u015fl\u0259r naziri cavabland\u0131ra bil\u0259r.<\/p>\n<p>Qeyd ed\u0259k ki, bu m\u0259ktubdan \u0259vv\u0259l \u201cLe Monde\u201d n\u0259\u015fri d\u0259 diplomatlar\u0131n etirazlar\u0131 bar\u0259d\u0259 b\u0259hs edib.<\/p>\n<p>Prosesl\u0259rin gedi\u015fi onu dem\u0259y\u0259 \u0259sas verir ki, Fransa hakimiyy\u0259tini qar\u015f\u0131da ciddi probleml\u0259r g\u00f6zl\u0259yir. Deputatlar, ard\u0131nca da s\u0259firl\u0259rin hakimiyy\u0259t\u0259 etirazlar\u0131 art\u0131q g\u0259rginliyin pik h\u0259dd\u0259 \u00e7atd\u0131\u011f\u0131n\u0131n g\u00f6st\u0259ricisidir. Hakimiyy\u0259t anlamal\u0131d\u0131r ki, \u00f6lk\u0259d\u0259ki bir qrup erm\u0259ni icmas\u0131n\u0131n s\u0259si v\u0259 maliyy\u0259si \u0259sas deyil. R\u0259smi Paris bu siyas\u0259tind\u0259n \u0259l \u00e7\u0259km\u0259s\u0259, Afrikadan sonra dig\u0259r b\u00f6lg\u0259l\u0259rd\u0259n d\u0259 onu qovacaqlar.<\/p>\n<p><strong>\u201cReport\u201d \u0130nformasiya Agentliyi<\/strong><\/p>\n","protected":false},"excerpt":{"rendered":"<p>Fransa Prezidenti Emmanuel Makron v\u0259 komandas\u0131n\u0131n yar\u0131tmaz, u\u011fursuz siyas\u0259tinin n\u0259tic\u0259sidir ki, haz\u0131rda bu \u00f6lk\u0259 \u0259vv\u0259lki m\u00f6vqel\u0259rini, beyn\u0259lxalq n\u00fcfuzunu itirib. Afrikada ke\u00e7mi\u015f m\u00fcst\u0259ml\u0259k\u0259l\u0259rd\u0259n qovulmas\u0131 azm\u0131\u015f kimi, indi d\u0259 Yax\u0131n \u015e\u0259rqd\u0259ki u\u011fursuzluqlar\u0131 r\u0259smi Parisi \u00e7\u0259tin v\u0259ziyy\u0259t\u0259 sal\u0131b. Bel\u0259 ki, Fransa h\u00f6kum\u0259tinin oktyabr\u0131n 7-d\u0259n H\u018fMAS-\u0131n \u0130srail\u0259 h\u00fccumu il\u0259 ba\u015flayan m\u00fcharib\u0259y\u0259 ikili yana\u015fmas\u0131 bu \u00f6lk\u0259d\u0259 ciddi f\u0259sadlara yol a\u00e7\u0131b. Be\u015finci respublikan\u0131n \u0259n u\u011fursuz lideri Makron h\u00f6kum\u0259tinin birt\u0259r\u0259fli qaydada \u0130sraili m\u00fcdafi\u0259 etm\u0259si c\u0259miyy\u0259ti az qala ikiy\u0259 b\u00f6l\u00fcb. \u00c7oxmilyonluq \u0259r\u0259b icmas\u0131 da frans\u0131zlardan prosesl\u0259r\u0259 obyektiv yana\u015fma t\u0259l\u0259b edir. Siyasi dair\u0259l\u0259rd\u0259 bel\u0259 bir fikir var ki, u\u011fursuzluqdan&hellip;<\/p>\n","protected":false},"author":2,"featured_media":656719,"comment_status":"closed","ping_status":"closed","sticky":false,"template":"","format":"standard","meta":{"om_disable_all_campaigns":false,"_monsterinsights_skip_tracking":false,"_monsterinsights_sitenote_active":false,"_monsterinsights_sitenote_note":"","_monsterinsights_sitenote_category":0},"categories":[4],"tags":[],"aioseo_notices":[],"gutentor_comment":0,"rttpg_featured_image_url":{"full":["https:\/\/arantv.az\/wp-content\/uploads\/2023\/11\/fb93a210-0be0-393f-a9fc-7f2c201523d1_850.jpg",620,413,false],"landscape":["https:\/\/arantv.az\/wp-content\/uploads\/2023\/11\/fb93a210-0be0-393f-a9fc-7f2c201523d1_850.jpg",620,413,false],"portraits":["https:\/\/arantv.az\/wp-content\/uploads\/2023\/11\/fb93a210-0be0-393f-a9fc-7f2c201523d1_850.jpg",620,413,false],"thumbnail":["https:\/\/arantv.az\/wp-content\/uploads\/2023\/11\/fb93a210-0be0-393f-a9fc-7f2c201523d1_850-500x280.jpg",500,280,true],"medium":["https:\/\/arantv.az\/wp-content\/uploads\/2023\/11\/fb93a210-0be0-393f-a9fc-7f2c201523d1_850-548x365.jpg",548,365,true],"large":["https:\/\/arantv.az\/wp-content\/uploads\/2023\/11\/fb93a210-0be0-393f-a9fc-7f2c201523d1_850.jpg",620,413,false],"1536x1536":["https:\/\/arantv.az\/wp-content\/uploads\/2023\/11\/fb93a210-0be0-393f-a9fc-7f2c201523d1_850.jpg",620,413,false],"2048x2048":["https:\/\/arantv.az\/wp-content\/uploads\/2023\/11\/fb93a210-0be0-393f-a9fc-7f2c201523d1_850.jpg",620,413,false],"post-thumbnail":["https:\/\/arantv.az\/wp-content\/uploads\/2023\/11\/fb93a210-0be0-393f-a9fc-7f2c201523d1_850-240x172.jpg",240,172,true],"advps-thumb-one":["https:\/\/arantv.az\/wp-content\/uploads\/2023\/11\/fb93a210-0be0-393f-a9fc-7f2c201523d1_850.jpg",620,413,false]},"rttpg_author":{"display_name":"V\u00fcsal Rafiqo\u011flu","author_link":"https:\/\/arantv.az\/?author=2"},"rttpg_comment":0,"rttpg_category":"<a href=\"https:\/\/arantv.az\/?cat=4\" rel=\"category\">Siyas\u0259t<\/a>","rttpg_excerpt":"Fransa Prezidenti Emmanuel Makron v\u0259 komandas\u0131n\u0131n yar\u0131tmaz, u\u011fursuz siyas\u0259tinin n\u0259tic\u0259sidir ki, haz\u0131rda bu \u00f6lk\u0259 \u0259vv\u0259lki m\u00f6vqel\u0259rini, beyn\u0259lxalq n\u00fcfuzunu itirib. Afrikada ke\u00e7mi\u015f m\u00fcst\u0259ml\u0259k\u0259l\u0259rd\u0259n qovulmas\u0131 azm\u0131\u015f kimi, indi d\u0259 Yax\u0131n \u015e\u0259rqd\u0259ki u\u011fursuzluqlar\u0131 r\u0259smi Parisi \u00e7\u0259tin v\u0259ziyy\u0259t\u0259 sal\u0131b. Bel\u0259 ki, Fransa h\u00f6kum\u0259tinin oktyabr\u0131n 7-d\u0259n H\u018fMAS-\u0131n \u0130srail\u0259 h\u00fccumu il\u0259 ba\u015flayan m\u00fcharib\u0259y\u0259 ikili yana\u015fmas\u0131 bu \u00f6lk\u0259d\u0259 ciddi f\u0259sadlara yol a\u00e7\u0131b.&hellip;","_links":{"self":[{"href":"https:\/\/arantv.az\/index.php?rest_route=\/wp\/v2\/posts\/656711"}],"collection":[{"href":"https:\/\/arantv.az\/index.php?rest_route=\/wp\/v2\/posts"}],"about":[{"href":"https:\/\/arantv.az\/index.php?rest_route=\/wp\/v2\/types\/post"}],"author":[{"embeddable":true,"href":"https:\/\/arantv.az\/index.php?rest_route=\/wp\/v2\/users\/2"}],"replies":[{"embeddable":true,"href":"https:\/\/arantv.az\/index.php?rest_route=%2Fwp%2Fv2%2Fcomments&post=656711"}],"version-history":[{"count":0,"href":"https:\/\/arantv.az\/index.php?rest_route=\/wp\/v2\/posts\/656711\/revisions"}],"wp:featuredmedia":[{"embeddable":true,"href":"https:\/\/arantv.az\/index.php?rest_route=\/wp\/v2\/media\/656719"}],"wp:attachment":[{"href":"https:\/\/arantv.az\/index.php?rest_route=%2Fwp%2Fv2%2Fmedia&parent=656711"}],"wp:term":[{"taxonomy":"category","embeddable":true,"href":"https:\/\/arantv.az\/index.php?rest_route=%2Fwp%2Fv2%2Fcategories&post=656711"},{"taxonomy":"post_tag","embeddable":true,"href":"https:\/\/arantv.az\/index.php?rest_route=%2Fwp%2Fv2%2Ftags&post=656711"}],"curies":[{"name":"wp","href":"https:\/\/api.w.org\/{rel}","templated":true}]}}