{"id":656714,"date":"2023-11-15T20:02:37","date_gmt":"2023-11-15T16:02:37","guid":{"rendered":"https:\/\/arantv.az\/?p=656714"},"modified":"2023-11-15T20:02:37","modified_gmt":"2023-11-15T16:02:37","slug":"zaxarova-regional-kommunikasiyalarin-acilmasina-kiml%c9%99rin-mane-oldugunu-aciqladi-video","status":"publish","type":"post","link":"https:\/\/arantv.az\/?p=656714","title":{"rendered":"Zaxarova regional kommunikasiyalar\u0131n a\u00e7\u0131lmas\u0131na kiml\u0259rin mane oldu\u011funu a\u00e7\u0131qlad\u0131 &#8211; V\u0130DEO"},"content":{"rendered":"<p>\u0130r\u0259van s\u0131rf siyasi s\u0259b\u0259bl\u0259rd\u0259n Beyn\u0259lxalq Cinay\u0259t M\u0259hk\u0259m\u0259sinin Roma \u018fsasnam\u0259sini ratifikasiya edib.<\/p>\n<p>Bunu Rusiya Xarici \u0130\u015fl\u0259r Nazirliyinin r\u0259smi n\u00fcmay\u0259nd\u0259si Mariya Zaxarova brifinqd\u0259 deyib.<\/p>\n<p>O, qeyd edib ki, Q\u0259rb Ukrayna siyas\u0259tind\u0259 iflasa u\u011frad\u0131qdan sonra Erm\u0259nistandan \u201cm\u00f6hk\u0259m yap\u0131\u015f\u0131b\u201d.<\/p>\n<p>\u201cUkrayna istiqam\u0259tind\u0259 planlar\u0131 tamamil\u0259 iflasa u\u011frayan Q\u0259rb eynil\u0259 v\u0259h\u015fic\u0259sin\u0259 Erm\u0259nistan\u0131 qamarlayaraq, onu Rusiyadan qoparma\u011fa \u00e7al\u0131\u015f\u0131r\u201d, &#8211; X\u0130N r\u0259smisi b\u0259yan edib.<\/p>\n<p>Zaxarova vur\u011fulay\u0131b ki, Q\u0259rbin m\u0259sl\u0259h\u0259tl\u0259ri Erm\u0259nistana C\u0259nubi Qafqazda kommunikasiyalar\u0131n a\u00e7\u0131lmas\u0131 i\u015fini ba\u015fa \u00e7atd\u0131rma\u011fa mane olur.<\/p>\n<p>Onun s\u00f6zl\u0259rin\u0259 g\u00f6r\u0259, Rusiya, Az\u0259rbaycan v\u0259 Erm\u0259nistan liderl\u0259ri Vladimir Putin, \u0130lham \u018fliyev v\u0259 Nikol Pa\u015finyan t\u0259r\u0259find\u0259n ba\u015flad\u0131lan kommunikasiyalar\u0131n a\u00e7\u0131lmas\u0131 prosesi h\u0259l\u0259 d\u0259 ba\u015fa \u00e7atmay\u0131b.<\/p>\n<p>\u201c\u0130yunun 2-d\u0259 \u00fc\u00e7t\u0259r\u0259fli i\u015f\u00e7i qrupunun 12-ci iclas\u0131nda dan\u0131\u015f\u0131qlarda m\u00fch\u00fcm ir\u0259lil\u0259yi\u015f qeyd\u0259 al\u0131n\u0131b, x\u00fcsusil\u0259 Erm\u0259nistan v\u0259 Az\u0259rbaycan aras\u0131nda d\u0259mir yolu \u0259laq\u0259sinin b\u0259rpas\u0131 v\u0259 t\u0259\u015fkili il\u0259 ba\u011fl\u0131 \u00fcmumi anla\u015fma \u0259ld\u0259 edilib\u201d, &#8211; dey\u0259 o bildirib.<\/p>\n<p>\u201cAmma yen\u0259 d\u0259 n\u0259 is\u0259 Erm\u0259nistan r\u0259hb\u0259rliyin\u0259 ka\u011f\u0131z \u00fcz\u0259rind\u0259kil\u0259ri yekunla\u015fd\u0131rma\u011fa mane olur. Biz buna n\u0259yin mane oldu\u011funu \u00e7ox yax\u015f\u0131 bilirik &#8211; bu, Erm\u0259nistandak\u0131 haz\u0131rk\u0131 r\u0259hb\u0259rliyin q\u0259rbli dostlar\u0131n\u0131n \u201cyax\u015f\u0131\u201d m\u0259sl\u0259h\u0259tl\u0259ridir\u201d, &#8211; Zaxarova \u0259lav\u0259 edib.<\/p>\n<div><iframe loading=\"lazy\" id=\"telegram-post-oxuaze-70029\" src=\"https:\/\/t.me\/oxuaze\/70029?embed=1\" width=\"100%\" height=\"\" frameborder=\"0\" scrolling=\"no\" data-mce-fragment=\"1\"><\/iframe><\/div>\n<p>M\u0259nb\u0259: TASS<\/p>\n","protected":false},"excerpt":{"rendered":"<p>\u0130r\u0259van s\u0131rf siyasi s\u0259b\u0259bl\u0259rd\u0259n Beyn\u0259lxalq Cinay\u0259t M\u0259hk\u0259m\u0259sinin Roma \u018fsasnam\u0259sini ratifikasiya edib. Bunu Rusiya Xarici \u0130\u015fl\u0259r Nazirliyinin r\u0259smi n\u00fcmay\u0259nd\u0259si Mariya Zaxarova brifinqd\u0259 deyib. O, qeyd edib ki, Q\u0259rb Ukrayna siyas\u0259tind\u0259 iflasa u\u011frad\u0131qdan sonra Erm\u0259nistandan \u201cm\u00f6hk\u0259m yap\u0131\u015f\u0131b\u201d. \u201cUkrayna istiqam\u0259tind\u0259 planlar\u0131 tamamil\u0259 iflasa u\u011frayan Q\u0259rb eynil\u0259 v\u0259h\u015fic\u0259sin\u0259 Erm\u0259nistan\u0131 qamarlayaraq, onu Rusiyadan qoparma\u011fa \u00e7al\u0131\u015f\u0131r\u201d, &#8211; X\u0130N r\u0259smisi b\u0259yan edib. Zaxarova vur\u011fulay\u0131b ki, Q\u0259rbin m\u0259sl\u0259h\u0259tl\u0259ri Erm\u0259nistana C\u0259nubi Qafqazda kommunikasiyalar\u0131n a\u00e7\u0131lmas\u0131 i\u015fini ba\u015fa \u00e7atd\u0131rma\u011fa mane olur. Onun s\u00f6zl\u0259rin\u0259 g\u00f6r\u0259, Rusiya, Az\u0259rbaycan v\u0259 Erm\u0259nistan liderl\u0259ri Vladimir Putin, \u0130lham \u018fliyev v\u0259 Nikol Pa\u015finyan t\u0259r\u0259find\u0259n ba\u015flad\u0131lan kommunikasiyalar\u0131n a\u00e7\u0131lmas\u0131 prosesi&hellip;<\/p>\n","protected":false},"author":2,"featured_media":656715,"comment_status":"closed","ping_status":"closed","sticky":false,"template":"","format":"standard","meta":{"om_disable_all_campaigns":false,"_monsterinsights_skip_tracking":false,"_monsterinsights_sitenote_active":false,"_monsterinsights_sitenote_note":"","_monsterinsights_sitenote_category":0},"categories":[4],"tags":[],"aioseo_notices":[],"gutentor_comment":0,"rttpg_featured_image_url":{"full":["https:\/\/arantv.az\/wp-content\/uploads\/2023\/11\/380315541_629985149209771_2914313463017634846_n-1.jpg",620,413,false],"landscape":["https:\/\/arantv.az\/wp-content\/uploads\/2023\/11\/380315541_629985149209771_2914313463017634846_n-1.jpg",620,413,false],"portraits":["https:\/\/arantv.az\/wp-content\/uploads\/2023\/11\/380315541_629985149209771_2914313463017634846_n-1.jpg",620,413,false],"thumbnail":["https:\/\/arantv.az\/wp-content\/uploads\/2023\/11\/380315541_629985149209771_2914313463017634846_n-1-500x280.jpg",500,280,true],"medium":["https:\/\/arantv.az\/wp-content\/uploads\/2023\/11\/380315541_629985149209771_2914313463017634846_n-1-548x365.jpg",548,365,true],"large":["https:\/\/arantv.az\/wp-content\/uploads\/2023\/11\/380315541_629985149209771_2914313463017634846_n-1.jpg",620,413,false],"1536x1536":["https:\/\/arantv.az\/wp-content\/uploads\/2023\/11\/380315541_629985149209771_2914313463017634846_n-1.jpg",620,413,false],"2048x2048":["https:\/\/arantv.az\/wp-content\/uploads\/2023\/11\/380315541_629985149209771_2914313463017634846_n-1.jpg",620,413,false],"post-thumbnail":["https:\/\/arantv.az\/wp-content\/uploads\/2023\/11\/380315541_629985149209771_2914313463017634846_n-1-240x172.jpg",240,172,true],"advps-thumb-one":["https:\/\/arantv.az\/wp-content\/uploads\/2023\/11\/380315541_629985149209771_2914313463017634846_n-1.jpg",620,413,false]},"rttpg_author":{"display_name":"V\u00fcsal Rafiqo\u011flu","author_link":"https:\/\/arantv.az\/?author=2"},"rttpg_comment":0,"rttpg_category":"<a href=\"https:\/\/arantv.az\/?cat=4\" rel=\"category\">Siyas\u0259t<\/a>","rttpg_excerpt":"\u0130r\u0259van s\u0131rf siyasi s\u0259b\u0259bl\u0259rd\u0259n Beyn\u0259lxalq Cinay\u0259t M\u0259hk\u0259m\u0259sinin Roma \u018fsasnam\u0259sini ratifikasiya edib. Bunu Rusiya Xarici \u0130\u015fl\u0259r Nazirliyinin r\u0259smi n\u00fcmay\u0259nd\u0259si Mariya Zaxarova brifinqd\u0259 deyib. O, qeyd edib ki, Q\u0259rb Ukrayna siyas\u0259tind\u0259 iflasa u\u011frad\u0131qdan sonra Erm\u0259nistandan \u201cm\u00f6hk\u0259m yap\u0131\u015f\u0131b\u201d. \u201cUkrayna istiqam\u0259tind\u0259 planlar\u0131 tamamil\u0259 iflasa u\u011frayan Q\u0259rb eynil\u0259 v\u0259h\u015fic\u0259sin\u0259 Erm\u0259nistan\u0131 qamarlayaraq, onu Rusiyadan qoparma\u011fa \u00e7al\u0131\u015f\u0131r\u201d, &#8211; X\u0130N r\u0259smisi b\u0259yan edib.&hellip;","_links":{"self":[{"href":"https:\/\/arantv.az\/index.php?rest_route=\/wp\/v2\/posts\/656714"}],"collection":[{"href":"https:\/\/arantv.az\/index.php?rest_route=\/wp\/v2\/posts"}],"about":[{"href":"https:\/\/arantv.az\/index.php?rest_route=\/wp\/v2\/types\/post"}],"author":[{"embeddable":true,"href":"https:\/\/arantv.az\/index.php?rest_route=\/wp\/v2\/users\/2"}],"replies":[{"embeddable":true,"href":"https:\/\/arantv.az\/index.php?rest_route=%2Fwp%2Fv2%2Fcomments&post=656714"}],"version-history":[{"count":0,"href":"https:\/\/arantv.az\/index.php?rest_route=\/wp\/v2\/posts\/656714\/revisions"}],"wp:featuredmedia":[{"embeddable":true,"href":"https:\/\/arantv.az\/index.php?rest_route=\/wp\/v2\/media\/656715"}],"wp:attachment":[{"href":"https:\/\/arantv.az\/index.php?rest_route=%2Fwp%2Fv2%2Fmedia&parent=656714"}],"wp:term":[{"taxonomy":"category","embeddable":true,"href":"https:\/\/arantv.az\/index.php?rest_route=%2Fwp%2Fv2%2Fcategories&post=656714"},{"taxonomy":"post_tag","embeddable":true,"href":"https:\/\/arantv.az\/index.php?rest_route=%2Fwp%2Fv2%2Ftags&post=656714"}],"curies":[{"name":"wp","href":"https:\/\/api.w.org\/{rel}","templated":true}]}}