{"id":656726,"date":"2023-11-15T21:14:27","date_gmt":"2023-11-15T17:14:27","guid":{"rendered":"https:\/\/arantv.az\/?p=656726"},"modified":"2023-11-15T21:14:27","modified_gmt":"2023-11-15T17:14:27","slug":"abs-v%c9%99-ai-erm%c9%99nistani-transatlantik-mutt%c9%99fiql%c9%99r%c9%99-yaxinlasdirmaq-ucun-sxem-hazirlayir","status":"publish","type":"post","link":"https:\/\/arantv.az\/?p=656726","title":{"rendered":"AB\u015e v\u0259 A\u0130 Erm\u0259nistan\u0131 transatlantik m\u00fctt\u0259fiql\u0259r\u0259 yax\u0131nla\u015fd\u0131rmaq \u00fc\u00e7\u00fcn sxem haz\u0131rlay\u0131r"},"content":{"rendered":"<p>AB\u015e v\u0259 Avropa \u0130ttifaq\u0131 Erm\u0259nistan\u0131n transatlantik m\u00fctt\u0259fiql\u0259r il\u0259 yax\u0131nla\u015fmas\u0131n\u0131 ist\u0259yir v\u0259 bunu t\u0259min etm\u0259k \u00fc\u00e7\u00fcn sxem haz\u0131rlay\u0131r.<\/p>\n<p>Bu bar\u0259d\u0259 AB\u015e d\u00f6vl\u0259t katibinin Avropa v\u0259 Avrasiya m\u0259s\u0259l\u0259l\u0259ri \u00fczr\u0259 k\u00f6m\u0259k\u00e7isi Ceyms O`Brayen m\u0259lumat verib.<\/p>\n<p>\u201cAvropa Komissiyas\u0131n\u0131n s\u0259dri Ursula fon der Leyen a\u00e7\u0131q \u015f\u0259kild\u0259 b\u0259yan etdi ki, o, Erm\u0259nistan\u0131 icmam\u0131za yax\u0131nla\u015fd\u0131rmaq m\u0259qs\u0259di il\u0259 biziml\u0259 v\u0259 Erm\u0259nistanla g\u00f6r\u00fc\u015f ke\u00e7irm\u0259k niyy\u0259tind\u0259dir. M\u0259n bunu bir ne\u00e7\u0259 g\u00fcn \u0259vv\u0259l Erm\u0259nistan\u0131n Ba\u015f naziri Nikol Pa\u015finyanla m\u00fczakir\u0259 etmi\u015f\u0259m. Pa\u015finyan v\u0259 biz bunu nec\u0259 ed\u0259 bil\u0259c\u0259yimizi \u00f6yr\u0259nirik\u201d, &#8211; diplomat AB\u015e Konqresinin N\u00fcmay\u0259nd\u0259l\u0259r Palatas\u0131n\u0131n Xarici \u018flaq\u0259l\u0259r Komit\u0259sind\u0259ki dinl\u0259m\u0259l\u0259rd\u0259 \u00e7\u0131x\u0131\u015f ed\u0259rk\u0259n deyib.<\/p>\n<p>M\u0259nb\u0259: TASS<\/p>\n","protected":false},"excerpt":{"rendered":"<p>AB\u015e v\u0259 Avropa \u0130ttifaq\u0131 Erm\u0259nistan\u0131n transatlantik m\u00fctt\u0259fiql\u0259r il\u0259 yax\u0131nla\u015fmas\u0131n\u0131 ist\u0259yir v\u0259 bunu t\u0259min etm\u0259k \u00fc\u00e7\u00fcn sxem haz\u0131rlay\u0131r. Bu bar\u0259d\u0259 AB\u015e d\u00f6vl\u0259t katibinin Avropa v\u0259 Avrasiya m\u0259s\u0259l\u0259l\u0259ri \u00fczr\u0259 k\u00f6m\u0259k\u00e7isi Ceyms O`Brayen m\u0259lumat verib. \u201cAvropa Komissiyas\u0131n\u0131n s\u0259dri Ursula fon der Leyen a\u00e7\u0131q \u015f\u0259kild\u0259 b\u0259yan etdi ki, o, Erm\u0259nistan\u0131 icmam\u0131za yax\u0131nla\u015fd\u0131rmaq m\u0259qs\u0259di il\u0259 biziml\u0259 v\u0259 Erm\u0259nistanla g\u00f6r\u00fc\u015f ke\u00e7irm\u0259k niyy\u0259tind\u0259dir. M\u0259n bunu bir ne\u00e7\u0259 g\u00fcn \u0259vv\u0259l Erm\u0259nistan\u0131n Ba\u015f naziri Nikol Pa\u015finyanla m\u00fczakir\u0259 etmi\u015f\u0259m. Pa\u015finyan v\u0259 biz bunu nec\u0259 ed\u0259 bil\u0259c\u0259yimizi \u00f6yr\u0259nirik\u201d, &#8211; diplomat AB\u015e Konqresinin N\u00fcmay\u0259nd\u0259l\u0259r Palatas\u0131n\u0131n Xarici \u018flaq\u0259l\u0259r Komit\u0259sind\u0259ki dinl\u0259m\u0259l\u0259rd\u0259 \u00e7\u0131x\u0131\u015f ed\u0259rk\u0259n deyib.&hellip;<\/p>\n","protected":false},"author":2,"featured_media":656730,"comment_status":"closed","ping_status":"closed","sticky":false,"template":"","format":"standard","meta":{"om_disable_all_campaigns":false,"_monsterinsights_skip_tracking":false,"_monsterinsights_sitenote_active":false,"_monsterinsights_sitenote_note":"","_monsterinsights_sitenote_category":0},"categories":[7],"tags":[],"aioseo_notices":[],"gutentor_comment":0,"rttpg_featured_image_url":{"full":["https:\/\/arantv.az\/wp-content\/uploads\/2023\/11\/D\u00a1D\u00bdD\u00b8D\u00bcD\u00beDo-N_DoN_D\u00b0D\u00bdD\u00b0-2023-11-15-202202.jpg",620,413,false],"landscape":["https:\/\/arantv.az\/wp-content\/uploads\/2023\/11\/D\u00a1D\u00bdD\u00b8D\u00bcD\u00beDo-N_DoN_D\u00b0D\u00bdD\u00b0-2023-11-15-202202.jpg",620,413,false],"portraits":["https:\/\/arantv.az\/wp-content\/uploads\/2023\/11\/D\u00a1D\u00bdD\u00b8D\u00bcD\u00beDo-N_DoN_D\u00b0D\u00bdD\u00b0-2023-11-15-202202.jpg",620,413,false],"thumbnail":["https:\/\/arantv.az\/wp-content\/uploads\/2023\/11\/D\u00a1D\u00bdD\u00b8D\u00bcD\u00beDo-N_DoN_D\u00b0D\u00bdD\u00b0-2023-11-15-202202-500x280.jpg",500,280,true],"medium":["https:\/\/arantv.az\/wp-content\/uploads\/2023\/11\/D\u00a1D\u00bdD\u00b8D\u00bcD\u00beDo-N_DoN_D\u00b0D\u00bdD\u00b0-2023-11-15-202202-548x365.jpg",548,365,true],"large":["https:\/\/arantv.az\/wp-content\/uploads\/2023\/11\/D\u00a1D\u00bdD\u00b8D\u00bcD\u00beDo-N_DoN_D\u00b0D\u00bdD\u00b0-2023-11-15-202202.jpg",620,413,false],"1536x1536":["https:\/\/arantv.az\/wp-content\/uploads\/2023\/11\/D\u00a1D\u00bdD\u00b8D\u00bcD\u00beDo-N_DoN_D\u00b0D\u00bdD\u00b0-2023-11-15-202202.jpg",620,413,false],"2048x2048":["https:\/\/arantv.az\/wp-content\/uploads\/2023\/11\/D\u00a1D\u00bdD\u00b8D\u00bcD\u00beDo-N_DoN_D\u00b0D\u00bdD\u00b0-2023-11-15-202202.jpg",620,413,false],"post-thumbnail":["https:\/\/arantv.az\/wp-content\/uploads\/2023\/11\/D\u00a1D\u00bdD\u00b8D\u00bcD\u00beDo-N_DoN_D\u00b0D\u00bdD\u00b0-2023-11-15-202202-240x172.jpg",240,172,true],"advps-thumb-one":["https:\/\/arantv.az\/wp-content\/uploads\/2023\/11\/D\u00a1D\u00bdD\u00b8D\u00bcD\u00beDo-N_DoN_D\u00b0D\u00bdD\u00b0-2023-11-15-202202.jpg",620,413,false]},"rttpg_author":{"display_name":"V\u00fcsal Rafiqo\u011flu","author_link":"https:\/\/arantv.az\/?author=2"},"rttpg_comment":0,"rttpg_category":"<a href=\"https:\/\/arantv.az\/?cat=7\" rel=\"category\">D\u00fcnya<\/a>","rttpg_excerpt":"AB\u015e v\u0259 Avropa \u0130ttifaq\u0131 Erm\u0259nistan\u0131n transatlantik m\u00fctt\u0259fiql\u0259r il\u0259 yax\u0131nla\u015fmas\u0131n\u0131 ist\u0259yir v\u0259 bunu t\u0259min etm\u0259k \u00fc\u00e7\u00fcn sxem haz\u0131rlay\u0131r. Bu bar\u0259d\u0259 AB\u015e d\u00f6vl\u0259t katibinin Avropa v\u0259 Avrasiya m\u0259s\u0259l\u0259l\u0259ri \u00fczr\u0259 k\u00f6m\u0259k\u00e7isi Ceyms O`Brayen m\u0259lumat verib. \u201cAvropa Komissiyas\u0131n\u0131n s\u0259dri Ursula fon der Leyen a\u00e7\u0131q \u015f\u0259kild\u0259 b\u0259yan etdi ki, o, Erm\u0259nistan\u0131 icmam\u0131za yax\u0131nla\u015fd\u0131rmaq m\u0259qs\u0259di il\u0259 biziml\u0259 v\u0259 Erm\u0259nistanla g\u00f6r\u00fc\u015f ke\u00e7irm\u0259k&hellip;","_links":{"self":[{"href":"https:\/\/arantv.az\/index.php?rest_route=\/wp\/v2\/posts\/656726"}],"collection":[{"href":"https:\/\/arantv.az\/index.php?rest_route=\/wp\/v2\/posts"}],"about":[{"href":"https:\/\/arantv.az\/index.php?rest_route=\/wp\/v2\/types\/post"}],"author":[{"embeddable":true,"href":"https:\/\/arantv.az\/index.php?rest_route=\/wp\/v2\/users\/2"}],"replies":[{"embeddable":true,"href":"https:\/\/arantv.az\/index.php?rest_route=%2Fwp%2Fv2%2Fcomments&post=656726"}],"version-history":[{"count":0,"href":"https:\/\/arantv.az\/index.php?rest_route=\/wp\/v2\/posts\/656726\/revisions"}],"wp:featuredmedia":[{"embeddable":true,"href":"https:\/\/arantv.az\/index.php?rest_route=\/wp\/v2\/media\/656730"}],"wp:attachment":[{"href":"https:\/\/arantv.az\/index.php?rest_route=%2Fwp%2Fv2%2Fmedia&parent=656726"}],"wp:term":[{"taxonomy":"category","embeddable":true,"href":"https:\/\/arantv.az\/index.php?rest_route=%2Fwp%2Fv2%2Fcategories&post=656726"},{"taxonomy":"post_tag","embeddable":true,"href":"https:\/\/arantv.az\/index.php?rest_route=%2Fwp%2Fv2%2Ftags&post=656726"}],"curies":[{"name":"wp","href":"https:\/\/api.w.org\/{rel}","templated":true}]}}