{"id":656743,"date":"2023-11-15T21:17:56","date_gmt":"2023-11-15T17:17:56","guid":{"rendered":"https:\/\/arantv.az\/?p=656743"},"modified":"2023-11-15T21:17:56","modified_gmt":"2023-11-15T17:17:56","slug":"erm%c9%99nistani-silahlandiran-fransanin-mallarini-niy%c9%99-boykot-etmirik-arasdirma-foto","status":"publish","type":"post","link":"https:\/\/arantv.az\/?p=656743","title":{"rendered":"Erm\u0259nistan\u0131 silahland\u0131ran Fransan\u0131n mallar\u0131n\u0131 niy\u0259 boykot etmirik? &#8211; ARA\u015eDIRMA + FOTO"},"content":{"rendered":"<p>Fransan\u0131n G\u00fcrc\u00fcstan vasit\u0259sil\u0259 Erm\u0259nistana silah g\u00f6nd\u0259rm\u0259si Az\u0259rbaycan m\u0259tbuat\u0131nda v\u0259 c\u0259miyy\u0259td\u0259 ciddi m\u00fczakir\u0259l\u0259r\u0259 s\u0259b\u0259b olub. Ekspertl\u0259r v\u0259 t\u0259hlil\u00e7il\u0259r Fransan\u0131n son zamanlar, x\u00fcsusil\u0259, \u00f6lk\u0259miz\u0259 qar\u015f\u0131 y\u00f6n\u0259l\u0259n bu tipli add\u0131mlar\u0131na ciddi cavab verilm\u0259sinin vacibliyi haqq\u0131nda fikirl\u0259r s\u0259sl\u0259ndirirl\u0259r. H\u0259tta b\u0259zi t\u0259klifl\u0259r aras\u0131nda Fransa istehsal\u0131 olan m\u0259hsullar\u0131n boykot edilm\u0259si, Az\u0259rbaycana bu \u00f6lk\u0259d\u0259n ixrac edil\u0259n m\u0259hsullara m\u0259hdudiyy\u0259t qoyulmas\u0131 t\u0259klifl\u0259ri d\u0259 var.<\/p>\n<p>Maraql\u0131d\u0131r, regionda m\u00fcnaqi\u015f\u0259 oca\u011f\u0131n\u0131 q\u0131z\u0131\u015fd\u0131rmaq niyy\u0259ti g\u00fcd\u0259n r\u0259smi Paris\u0259 cavab t\u0259dbirl\u0259ri nec\u0259 olmal\u0131d\u0131r? \u0130qtisadi \u0259ng\u0259ll\u0259r haqq\u0131nda t\u0259klifl\u0259ri real q\u0259bul etm\u0259k m\u00fcmk\u00fcnd\u00fcr?<\/p>\n<p>Bununla ba\u011fl\u0131 fikirl\u0259rini\u00a0<strong>Oxu.Az<\/strong>-la b\u00f6l\u00fc\u015f\u0259n Milli M\u0259clisin Beyn\u0259lxalq m\u00fcnasib\u0259tl\u0259r v\u0259 parlamentl\u0259raras\u0131 \u0259laq\u0259l\u0259r komit\u0259sinin \u00fczv\u00fc\u00a0<strong>Tural G\u0259nc\u0259liyev<\/strong>\u00a0diqq\u0259t\u0259 \u00e7atd\u0131r\u0131b ki, Fransan\u0131n Erm\u0259nistan\u0131 silahland\u0131rmas\u0131 \u201cBastion\u201d adl\u0131 h\u0259rbi texnikan\u0131n bu \u00f6lk\u0259y\u0259 \u00f6t\u00fcr\u00fclm\u0259si, dem\u0259k olar, t\u0259sdiql\u0259nib. G\u00f6r\u00fcn\u00fcr, Fransa art\u0131q aqressiv ritorikadan t\u0259hl\u00fck\u0259li h\u0259rbi element kimi Erm\u0259nistan\u0131 silahland\u0131rma m\u0259rh\u0259l\u0259sin\u0259 q\u0259d\u0259m qoyub. Deputat\u0131n fikrinc\u0259, bu, regionumuzda \u00e7ox t\u0259hl\u00fck\u0259li bir tendensiyan\u0131n yaranmas\u0131na s\u0259b\u0259b ola bil\u0259r:<\/p>\n<p><img src=\"https:\/\/cdn.oxu.az\/uploads\/W1siZiIsIjIwMjMvMTEvMTUvMTcvNDcvMTEvZGNkYjFhNWYtNjg5MC00ZmNhLWFlYTktMjU5YWQ5NDY1OGI1L3RnLmpwZyJdLFsicCIsImVuY29kZSIsImpwZyIsIi1xdWFsaXR5IDgwIl0sWyJwIiwidGh1bWIiLCI1OTB4NTkwXHUwMDNlIl1d?sha=4eb91f96f2f4aade\" alt=\"\" \/><\/p>\n<p>\u201cBel\u0259 ki, Fransa regionda yaranm\u0131\u015f yeni reall\u0131\u011f\u0131, haqq-\u0259dal\u0259tin qalib g\u0259lm\u0259sini, Az\u0259rbaycan\u0131n \u0259razi b\u00fct\u00f6vl\u00fcy\u00fc v\u0259 suverenliyinin b\u0259rpas\u0131n\u0131 h\u0259zm ed\u0259 bilmir. Bel\u0259likl\u0259, regionda g\u00fcc balans\u0131n\u0131 d\u0259yi\u015fm\u0259y\u0259 y\u00f6n\u0259lik aqressiv add\u0131mlar\u0131 il\u0259 yenid\u0259n m\u00fcnaqi\u015f\u0259 ocaqlar\u0131 yaratmaq ist\u0259yir. Erm\u0259nistan is\u0259 ma\u015fa, al\u0259t rolunda istifad\u0259 olunur. Fransan\u0131n aqressiv siyas\u0259ti, destruktiv h\u0259rbi planlar\u0131, regionu h\u0259rbil\u0259\u015fdirm\u0259k, Erm\u0259nistan\u0131 yenid\u0259n revan\u015fizm\u0259, m\u00fcharib\u0259y\u0259 s\u00fcr\u00fckl\u0259m\u0259k ist\u0259yi anla\u015f\u0131l\u0131r. R\u0259smi \u0130r\u0259van\u0131n is\u0259 \u00fczl\u0259\u015fdiyi ac\u0131 n\u0259tic\u0259l\u0259rd\u0259n sonra yenid\u0259n Fransan\u0131n protejesi roluna d\u00fc\u015fm\u0259yi q\u0259buledilm\u0259zdir. \u00c7\u00fcnki Erm\u0259nistan h\u0259min \u00f6lk\u0259dir ki, 30 il \u0259l \u00e7\u0259km\u0259diyi i\u015f\u011fal\u00e7\u0131l\u0131q siyas\u0259tin\u0259, m\u00fcharib\u0259 ist\u0259yin\u0259 g\u00f6r\u0259 a\u011f\u0131r n\u0259tic\u0259l\u0259rl\u0259 \u00fcz-\u00fcz\u0259 qald\u0131. \u0130qtisadiyyat\u0131 darmada\u011f\u0131n olunmu\u015f, h\u0259rbi g\u00fcc\u00fc bitmi\u015f, insan resurslar\u0131 ciddi x\u0259l\u0259l g\u00f6rm\u00fc\u015f Erm\u0259nistanda iqtisadi r\u0259zillik, sosial f\u0259lak\u0259t o h\u0259dd\u0259 g\u0259lib ki, \u0259hali emiqrasiya ed\u0259r\u0259k, xaric\u0259 k\u00f6\u00e7\u00fcr. X\u00fcsusil\u0259, 44 g\u00fcnl\u00fck m\u00fcharib\u0259 v\u0259 24 saatl\u0131q antiterror t\u0259dbirl\u0259rind\u0259n sonra Erm\u0259nistan\u0131n Az\u0259rbaycana qar\u015f\u0131 h\u0259rbi konfrontasiya yaratmas\u0131 ona baha ba\u015fa g\u0259l\u0259c\u0259k. B\u00fct\u00fcn bunlara baxmayaraq, Erm\u0259nistan\u0131n h\u0259rbi-siyasi elitas\u0131 yen\u0259 avant\u00fcraya, populist siyas\u0259t\u0259 meyil edir, t\u0259l\u0259y\u0259 d\u00fc\u015f\u00fcr. Biz\u0259 yaln\u0131z bir daha xat\u0131rlatmaq qal\u0131r ki, Erm\u0259nistan\u0131 silahland\u0131ran, ist\u0259r Hindistan, ist\u0259r Fransa olsun, h\u0259min silahlar regiondak\u0131 geopolitik reall\u0131\u011f\u0131 d\u0259yi\u015f\u0259 bilm\u0259y\u0259c\u0259k\u201d.<\/p>\n<p><img src=\"https:\/\/cdn.oxu.az\/uploads\/W1siZiIsIjIwMjMvMTEvMTUvMTcvNDcvMTUvNjNkOWUyMDYtY2I1ZC00NzMzLThlOGEtY2NjNTQxY2VlM2YxL0ZvdG9KZXQgKDcpLmpwZyJdLFsicCIsImVuY29kZSIsImpwZyIsIi1xdWFsaXR5IDgwIl0sWyJwIiwidGh1bWIiLCI1OTB4NTkwXHUwMDNlIl1d?sha=e877abb5b4d104fc\" alt=\"\" \/><\/p>\n<p>Tural G\u0259nc\u0259liyev d\u00fc\u015f\u00fcn\u00fcr ki, Fransa d\u00fcnyan\u0131n m\u00fcxt\u0259lif co\u011frafiyalar\u0131ndak\u0131 m\u0259\u011flubiyy\u0259tinin \u0259v\u0259zini m\u0259hz C\u0259nubi Qafqazda \u00e7\u0131xmaq ist\u0259yir:<\/p>\n<p>\u201cMakron hakimiyy\u0259tinin, Fransan\u0131n cari iqtidar\u0131n\u0131n \u00f6z se\u00e7icil\u0259ri qar\u015f\u0131s\u0131nda reytinqini qald\u0131rmaq, n\u00fcfuzunu art\u0131rmaq, \u00f6lk\u0259nin haz\u0131rda \u00e7ox a\u015fa\u011f\u0131 s\u0259viyy\u0259d\u0259 olan h\u0259rbi-siyasi n\u00fcfuzunu hans\u0131sa yolla kompensasiya etm\u0259k c\u0259hdl\u0259ri tamamil\u0259 iflasa u\u011frayacaq. \u00c7\u00fcnki Erm\u0259nistan\u0131n silahland\u0131r\u0131lmas\u0131 t\u0259kc\u0259 Az\u0259rbaycan \u0259leyhin\u0259 at\u0131lan add\u0131m deyil. Bu, eyni zamanda \u201c3+3\u201d arxitekturas\u0131na m\u00fcdaxil\u0259dir. Fransan\u0131n add\u0131mlar\u0131 region \u00f6lk\u0259l\u0259rinin h\u0259r biri \u00fc\u00e7\u00fcn konkret t\u0259hdid yarad\u0131r.<\/p>\n<p>Bir m\u0259qam\u0131 da vur\u011fulamaq yerin\u0259 d\u00fc\u015f\u0259r. Hans\u0131sa bir eskalasiya hal\u0131nda Fransa, yaxud \u201cd\u00fcnya erm\u0259niliyi\u201dn\u0259 d\u0259st\u0259k ver\u0259n q\u00fcvv\u0259l\u0259r, g\u00fcc m\u0259rk\u0259zl\u0259ri Erm\u0259nistan\u0131 bir al\u0259t, ma\u015fa kimi istifad\u0259 edib, i\u015fi bit\u0259nd\u0259 k\u0259nara qoyacaqlar. N\u0259tic\u0259d\u0259 Erm\u0259nistan yen\u0259 d\u0259 regiondak\u0131 v\u0259ziyy\u0259tl\u0259 \u00fczb\u0259\u00fcz qalacaq. Bu bax\u0131mdan, Erm\u0259nistan siyasi elitas\u0131n\u0131n, liderl\u0259rinin n\u00f6vb\u0259ti d\u0259f\u0259 m\u0259ntiqsiz davran\u0131\u015flar\u0131n\u0131, qeyri-uzaqg\u00f6r\u0259n planlar\u0131n\u0131 m\u00fc\u015fahid\u0259 edirik\u201d.<\/p>\n<p>Fransaya cavab olaraq at\u0131la bil\u0259c\u0259k add\u0131mlara g\u0259linc\u0259, deputat xat\u0131rlad\u0131b ki, Az\u0259rbaycan kifay\u0259t q\u0259d\u0259r n\u00fcfuza malikdir:<\/p>\n<p>\u201cBiz Qo\u015fulmama H\u0259r\u0259kat\u0131, T\u00fcrk D\u00f6vl\u0259tl\u0259ri T\u0259\u015fkilat\u0131, Avropa \u0130ttifaq\u0131 v\u0259 s. beyn\u0259lxalq t\u0259\u015fkilatlar \u00e7\u0259r\u00e7iv\u0259sind\u0259 kifay\u0259t q\u0259d\u0259r n\u00fcfuz v\u0259 s\u00f6z sahibiyik. Bunun say\u0259sind\u0259 Fransan\u0131n add\u0131mlar\u0131n\u0131 neytralla\u015fd\u0131rmaq, \u0259ks add\u0131mlar atmaq iqtidar\u0131nday\u0131q. Ona g\u00f6r\u0259 r\u0259smi Parisin beyn\u0259lxalq t\u0259\u015fkilatlar\u0131n n\u00fcfuzuna x\u0259l\u0259l g\u0259tir\u0259n davran\u0131\u015flar\u0131n\u0131 if\u015fa etm\u0259liyik.<\/p>\n<p>Bundan ba\u015fqa, iqtisadi add\u0131mlardan daha \u00e7ox, siyasi-diplomatik t\u0259dbirl\u0259rin s\u0259m\u0259r\u0259 ver\u0259c\u0259yini d\u00fc\u015f\u00fcn\u00fcr\u0259m. Fransan\u0131n \u0259razisind\u0259 yerl\u0259\u015f\u0259n beyn\u0259lxalq t\u0259\u015fkilatlar\u0131n, parlament institutlar\u0131n\u0131n q\u0259rargahlar\u0131n\u0131n h\u0259min \u00f6lk\u0259d\u0259n \u00e7\u0131xar\u0131lmas\u0131 m\u0259s\u0259l\u0259sini qald\u0131rmaq laz\u0131md\u0131r. \u00c7\u00fcnki Fransa beyn\u0259lxalq h\u00fcquq-parlamentarizm prinsipl\u0259rind\u0259n k\u0259nara \u00e7\u0131x\u0131r. Bu \u00f6lk\u0259nin haqq\u0131 yoxdur ki, s\u0259viyy\u0259li beyn\u0259lxalq t\u0259\u015fkilatlar Strasburqda, Parisd\u0259 qals\u0131n.<\/p>\n<p><img src=\"https:\/\/cdn.oxu.az\/uploads\/W1siZiIsIjIwMjMvMTEvMTUvMTcvNTAvMTYvYmViNmUwNGUtMTM0ZC00YTZjLWJmOTQtNzFjMWFiNzQ3NzBkL21hY3Jvbi0xLmpwZyJdLFsicCIsImVuY29kZSIsImpwZyIsIi1xdWFsaXR5IDgwIl0sWyJwIiwidGh1bWIiLCI1OTB4NTkwXHUwMDNlIl1d?sha=585e74c8f777f929\" alt=\"\" \/><\/p>\n<p>H\u0259m\u00e7inin, Fransan\u0131n Birl\u0259\u015fmi\u015f Mill\u0259tl\u0259r T\u0259\u015fkilat\u0131n\u0131n daimi \u00fczvl\u00fcy\u00fcn\u0259 layiq olmad\u0131\u011f\u0131 m\u0259s\u0259l\u0259sini qald\u0131rmaq laz\u0131md\u0131r. Bunu biz parlamentaril\u0259r olaraq, h\u0259m mediada, h\u0259m beyn\u0259lxalq t\u0259\u015fkilatlarda \u00e7\u0131x\u0131\u015flar\u0131m\u0131zda h\u0259mi\u015f\u0259 diqq\u0259t\u0259 \u00e7atd\u0131rmal\u0131y\u0131q. Fransan\u0131n vaxtil\u0259 koloniyas\u0131 olmu\u015f \u00f6lk\u0259l\u0259rd\u0259 t\u00f6r\u0259tdiyi v\u0259h\u015filikl\u0259r, genosidl\u0259r, insan h\u00fcquqlar\u0131n\u0131n pozulmas\u0131 faktlar\u0131 g\u00fcnd\u0259m\u0259 g\u0259tirilm\u0259lidir. Biz ke\u00e7mi\u015f m\u00fcst\u0259ml\u0259k\u0259 \u00f6lk\u0259l\u0259ri il\u0259 \u0259m\u0259kda\u015fl\u0131\u011f\u0131 art\u0131rmal\u0131y\u0131q.<\/p>\n<p>Fransan\u0131n Frankofoniya t\u0259\u015fkilat\u0131 \u00e7\u0259r\u00e7iv\u0259sind\u0259 \u00f6lk\u0259miz\u0259 qar\u015f\u0131 islamofobiya, t\u00fcrkofobiya, az\u0259rbaycanofobiya yayd\u0131\u011f\u0131n\u0131 if\u015fa etm\u0259k laz\u0131md\u0131r. \u00c7\u00fcnki biz Frankofoniya t\u0259\u015fkilat\u0131n\u0131n yaln\u0131z frans\u0131zdilli \u00f6lk\u0259l\u0259rin m\u0259d\u0259ni, humanitar m\u0259s\u0259l\u0259l\u0259rini m\u00fczakir\u0259 etm\u0259k m\u0259qs\u0259dil\u0259 yarad\u0131ld\u0131\u011f\u0131n\u0131 elan ed\u0259n Fransan\u0131n s\u0259mimiyy\u0259tin\u0259 inanm\u0131r\u0131q. Fransa bu t\u0259\u015fkilatdan \u201cyum\u015faq g\u00fcc\u201d taktikas\u0131 kimi, qarayaxma kampaniyas\u0131nda istifad\u0259 edir. M\u0259s\u0259l\u0259n, Erm\u0259nistan kimi frankofoniyaya he\u00e7 bir aidiyy\u0259ti olmayan, qeyri-frans\u0131zdilli \u00f6lk\u0259nin Frankofoniya t\u0259\u015fkilat\u0131nda m\u00fc\u015fahid\u0259\u00e7i \u00fczv kimi \u00e7\u0131x\u0131\u015f etm\u0259si m\u0259ntiqsiz t\u0259\u015f\u0259bb\u00fcsd\u00fcr\u201d.<\/p>\n<p>\u0130qtisad\u00e7\u0131-ekspert\u00a0<strong>Eld\u0259niz \u018fmirov\u00a0<\/strong>is\u0259\u00a0<strong>Oxu.Az<\/strong>-a a\u00e7\u0131qlamas\u0131nda Fransa m\u0259hsullar\u0131n\u0131n boykot edilm\u0259si t\u0259klifl\u0259rini r\u0259q\u0259ml\u0259r\u0259 \u0259sas\u0259n d\u0259y\u0259rl\u0259ndir\u0259r\u0259k, m\u0259s\u0259l\u0259nin iqtisadi n\u0259tic\u0259l\u0259rini t\u0259hlil edib:<\/p>\n<p><img src=\"https:\/\/cdn.oxu.az\/uploads\/W1siZiIsIjIwMjMvMTEvMTUvMTcvNDcvMDcvMjE4NzhkNTUtMzU2Mi00Mjk4LWJmYzktZmQ0Y2Q3YWYxYTczL1doYXRzQXBwIEltYWdlIDIwMjMtMTEtMTUgYXQgMTIuMDguMzAuanBlZyJdLFsicCIsImVuY29kZSIsImpwZyIsIi1xdWFsaXR5IDgwIl0sWyJwIiwidGh1bWIiLCI1OTB4NTkwXHUwMDNlIl1d?sha=d6f87840b592a9c8\" alt=\"\" \/><\/p>\n<p>\u201c\u00d6t\u0259n il Fransa 603,4 milyard dollarl\u0131q m\u0259hsul sat\u0131b. Bunun c\u0259mi 222 milyon dollar\u0131n\u0131 Az\u0259rbaycan al\u0131b. Bu is\u0259 0,03 faiz dem\u0259kdir. Y\u0259ni Fransan\u0131n mal sat\u0131b, qazand\u0131\u011f\u0131 h\u0259r 100 dollar\u0131n c\u0259mi 3 sentini (100 manatdan 3 q\u0259piyi) \u00f6t\u0259n il biz vermi\u015fik.<\/p>\n<p>Tutaq ki, boykot q\u0259rar\u0131 verildi, yen\u0259 d\u0259 biz \u00f6z boykotumuzla bu 3 q\u0259piyin maksimum 1 q\u0259piyini azalda bil\u0259c\u0259yik. Y\u0259ni cibind\u0259 100 manat olan adama 1 q\u0259pik z\u0259r\u0259r d\u0259y\u0259r. Bu da he\u00e7 z\u0259r\u0259r deyil, biz almasaq, ba\u015fqas\u0131na satacaq.<\/p>\n<p>Maraql\u0131s\u0131 is\u0259 odur ki, siyasi anlamda m\u00fcnasib\u0259tl\u0259r g\u0259rgin g\u00f6r\u00fcns\u0259 d\u0259, iqtisadi bax\u0131mdan v\u0259ziyy\u0259t ba\u015fqa \u015fey deyir. Bu ilin alt\u0131 ay\u0131 \u0259rzind\u0259 Fransa il\u0259 ticar\u0259t d\u00f6vriyy\u0259miz 3,6 d\u0259f\u0259, y\u0259ni 260 faiz art\u0131b.<\/p>\n<p><img src=\"https:\/\/cdn.oxu.az\/uploads\/W1siZiIsIjIwMjMvMTEvMTUvMTcvNDcvMjIvZTQwZWNlOTktODY0Ny00NzM1LTg5NDgtYTc4OTlhMzViMGUxL0ZvdG9KZXQgKDYpLmpwZyJdLFsicCIsImVuY29kZSIsImpwZyIsIi1xdWFsaXR5IDgwIl0sWyJwIiwidGh1bWIiLCI1OTB4NTkwXHUwMDNlIl1d?sha=2ea4d5d01c40e9d1\" alt=\"\" \/><\/p>\n<p>Odur ki, Fransa kimi d\u00f6vl\u0259tin iyr\u0259nc h\u0259r\u0259k\u0259tl\u0259rin\u0259 qar\u015f\u0131 m\u00fcbariz\u0259 siyasi arenada effektiv ola bil\u0259r, iqtisadi arenada deyil\u201d.<\/p>\n","protected":false},"excerpt":{"rendered":"<p>Fransan\u0131n G\u00fcrc\u00fcstan vasit\u0259sil\u0259 Erm\u0259nistana silah g\u00f6nd\u0259rm\u0259si Az\u0259rbaycan m\u0259tbuat\u0131nda v\u0259 c\u0259miyy\u0259td\u0259 ciddi m\u00fczakir\u0259l\u0259r\u0259 s\u0259b\u0259b olub. Ekspertl\u0259r v\u0259 t\u0259hlil\u00e7il\u0259r Fransan\u0131n son zamanlar, x\u00fcsusil\u0259, \u00f6lk\u0259miz\u0259 qar\u015f\u0131 y\u00f6n\u0259l\u0259n bu tipli add\u0131mlar\u0131na ciddi cavab verilm\u0259sinin vacibliyi haqq\u0131nda fikirl\u0259r s\u0259sl\u0259ndirirl\u0259r. H\u0259tta b\u0259zi t\u0259klifl\u0259r aras\u0131nda Fransa istehsal\u0131 olan m\u0259hsullar\u0131n boykot edilm\u0259si, Az\u0259rbaycana bu \u00f6lk\u0259d\u0259n ixrac edil\u0259n m\u0259hsullara m\u0259hdudiyy\u0259t qoyulmas\u0131 t\u0259klifl\u0259ri d\u0259 var. Maraql\u0131d\u0131r, regionda m\u00fcnaqi\u015f\u0259 oca\u011f\u0131n\u0131 q\u0131z\u0131\u015fd\u0131rmaq niyy\u0259ti g\u00fcd\u0259n r\u0259smi Paris\u0259 cavab t\u0259dbirl\u0259ri nec\u0259 olmal\u0131d\u0131r? \u0130qtisadi \u0259ng\u0259ll\u0259r haqq\u0131nda t\u0259klifl\u0259ri real q\u0259bul etm\u0259k m\u00fcmk\u00fcnd\u00fcr? Bununla ba\u011fl\u0131 fikirl\u0259rini\u00a0Oxu.Az-la b\u00f6l\u00fc\u015f\u0259n Milli M\u0259clisin Beyn\u0259lxalq m\u00fcnasib\u0259tl\u0259r v\u0259 parlamentl\u0259raras\u0131 \u0259laq\u0259l\u0259r komit\u0259sinin \u00fczv\u00fc\u00a0Tural G\u0259nc\u0259liyev\u00a0diqq\u0259t\u0259&hellip;<\/p>\n","protected":false},"author":2,"featured_media":656747,"comment_status":"closed","ping_status":"closed","sticky":false,"template":"","format":"standard","meta":{"om_disable_all_campaigns":false,"_monsterinsights_skip_tracking":false,"_monsterinsights_sitenote_active":false,"_monsterinsights_sitenote_note":"","_monsterinsights_sitenote_category":0},"categories":[4],"tags":[],"aioseo_notices":[],"gutentor_comment":0,"rttpg_featured_image_url":{"full":["https:\/\/arantv.az\/wp-content\/uploads\/2023\/11\/FotoJet-5-3.jpg",620,413,false],"landscape":["https:\/\/arantv.az\/wp-content\/uploads\/2023\/11\/FotoJet-5-3.jpg",620,413,false],"portraits":["https:\/\/arantv.az\/wp-content\/uploads\/2023\/11\/FotoJet-5-3.jpg",620,413,false],"thumbnail":["https:\/\/arantv.az\/wp-content\/uploads\/2023\/11\/FotoJet-5-3-500x280.jpg",500,280,true],"medium":["https:\/\/arantv.az\/wp-content\/uploads\/2023\/11\/FotoJet-5-3-548x365.jpg",548,365,true],"large":["https:\/\/arantv.az\/wp-content\/uploads\/2023\/11\/FotoJet-5-3.jpg",620,413,false],"1536x1536":["https:\/\/arantv.az\/wp-content\/uploads\/2023\/11\/FotoJet-5-3.jpg",620,413,false],"2048x2048":["https:\/\/arantv.az\/wp-content\/uploads\/2023\/11\/FotoJet-5-3.jpg",620,413,false],"post-thumbnail":["https:\/\/arantv.az\/wp-content\/uploads\/2023\/11\/FotoJet-5-3-240x172.jpg",240,172,true],"advps-thumb-one":["https:\/\/arantv.az\/wp-content\/uploads\/2023\/11\/FotoJet-5-3.jpg",620,413,false]},"rttpg_author":{"display_name":"V\u00fcsal Rafiqo\u011flu","author_link":"https:\/\/arantv.az\/?author=2"},"rttpg_comment":0,"rttpg_category":"<a href=\"https:\/\/arantv.az\/?cat=4\" rel=\"category\">Siyas\u0259t<\/a>","rttpg_excerpt":"Fransan\u0131n G\u00fcrc\u00fcstan vasit\u0259sil\u0259 Erm\u0259nistana silah g\u00f6nd\u0259rm\u0259si Az\u0259rbaycan m\u0259tbuat\u0131nda v\u0259 c\u0259miyy\u0259td\u0259 ciddi m\u00fczakir\u0259l\u0259r\u0259 s\u0259b\u0259b olub. Ekspertl\u0259r v\u0259 t\u0259hlil\u00e7il\u0259r Fransan\u0131n son zamanlar, x\u00fcsusil\u0259, \u00f6lk\u0259miz\u0259 qar\u015f\u0131 y\u00f6n\u0259l\u0259n bu tipli add\u0131mlar\u0131na ciddi cavab verilm\u0259sinin vacibliyi haqq\u0131nda fikirl\u0259r s\u0259sl\u0259ndirirl\u0259r. H\u0259tta b\u0259zi t\u0259klifl\u0259r aras\u0131nda Fransa istehsal\u0131 olan m\u0259hsullar\u0131n boykot edilm\u0259si, Az\u0259rbaycana bu \u00f6lk\u0259d\u0259n ixrac edil\u0259n m\u0259hsullara m\u0259hdudiyy\u0259t qoyulmas\u0131 t\u0259klifl\u0259ri d\u0259 var.&hellip;","_links":{"self":[{"href":"https:\/\/arantv.az\/index.php?rest_route=\/wp\/v2\/posts\/656743"}],"collection":[{"href":"https:\/\/arantv.az\/index.php?rest_route=\/wp\/v2\/posts"}],"about":[{"href":"https:\/\/arantv.az\/index.php?rest_route=\/wp\/v2\/types\/post"}],"author":[{"embeddable":true,"href":"https:\/\/arantv.az\/index.php?rest_route=\/wp\/v2\/users\/2"}],"replies":[{"embeddable":true,"href":"https:\/\/arantv.az\/index.php?rest_route=%2Fwp%2Fv2%2Fcomments&post=656743"}],"version-history":[{"count":0,"href":"https:\/\/arantv.az\/index.php?rest_route=\/wp\/v2\/posts\/656743\/revisions"}],"wp:featuredmedia":[{"embeddable":true,"href":"https:\/\/arantv.az\/index.php?rest_route=\/wp\/v2\/media\/656747"}],"wp:attachment":[{"href":"https:\/\/arantv.az\/index.php?rest_route=%2Fwp%2Fv2%2Fmedia&parent=656743"}],"wp:term":[{"taxonomy":"category","embeddable":true,"href":"https:\/\/arantv.az\/index.php?rest_route=%2Fwp%2Fv2%2Fcategories&post=656743"},{"taxonomy":"post_tag","embeddable":true,"href":"https:\/\/arantv.az\/index.php?rest_route=%2Fwp%2Fv2%2Ftags&post=656743"}],"curies":[{"name":"wp","href":"https:\/\/api.w.org\/{rel}","templated":true}]}}