{"id":656746,"date":"2023-11-15T21:18:58","date_gmt":"2023-11-15T17:18:58","guid":{"rendered":"https:\/\/arantv.az\/?p=656746"},"modified":"2023-11-15T21:18:58","modified_gmt":"2023-11-15T17:18:58","slug":"erm%c9%99nistan-q%c9%99rbin-oyun-meydanina-cevrilib-s%c9%99rh-foto","status":"publish","type":"post","link":"https:\/\/arantv.az\/?p=656746","title":{"rendered":"Erm\u0259nistan Q\u0259rbin oyun meydan\u0131na \u00e7evrilib &#8211; \u015e\u018fRH + FOTO"},"content":{"rendered":"<p>Q\u0259rbin Rusiyan\u0131 C\u0259nubi Qafqazdan s\u0131x\u0131\u015fd\u0131r\u0131b \u00e7\u0131xarma\u011fa hesablanm\u0131\u015f oyunlar\u0131 tam s\u00fcr\u0259tl\u0259 yeni fazaya q\u0259d\u0259m qoyub. Kollektiv Q\u0259rb regionda maraqlar\u0131n\u0131 t\u0259min etm\u0259k \u00fc\u00e7\u00fcn qurbanl\u0131q ke\u00e7i kimi Erm\u0259nistan\u0131 se\u00e7ib. Art\u0131q \u0130r\u0259van iki t\u0259r\u0259fin maraq m\u00fcnaqi\u015f\u0259sinin m\u0259rk\u0259zin\u0259 \u00e7evrilib. Bu \u00f6lk\u0259nin h\u00f6kum\u0259ti is\u0259 Rusiya \u0259leyhin\u0259 ittifaqa qo\u015fulmaq \u00fczr\u0259dir v\u0259 bunun \u00f6lk\u0259 \u00fc\u00e7\u00fcn da\u011f\u0131d\u0131c\u0131 n\u0259tic\u0259l\u0259r\u0259 s\u0259b\u0259b olaca\u011f\u0131n\u0131 unutmu\u015f kimi g\u00f6r\u00fcn\u00fcr.<\/p>\n<p>Q\u0259rb, x\u00fcsus\u0259n d\u0259 AB\u015e v\u0259 Fransa \u00f6z\u00fcn\u00fc Erm\u0259nistan\u0131n himay\u0259dar\u0131 kimi aparsa da, \u0259slind\u0259 s\u00fclh prosesini pozmaq, sabotaj etm\u0259kd\u0259n ba\u015fqa bir i\u015f\u0259 yarayan f\u0259aliyy\u0259t g\u00f6st\u0259rmir. \u015eirin v\u0259dl\u0259r\u0259 aldanan \u00f6lk\u0259nin Ba\u015f naziri Nikol Pa\u015finyan Minskd\u0259 ke\u00e7irilm\u0259si planla\u015fd\u0131r\u0131lan KTMT iclas\u0131nda i\u015ftirakdan imtina edib. B\u00fct\u00fcn bu hadis\u0259l\u0259r is\u0259 \u0130r\u0259van\u0131n Moskvaya qar\u015f\u0131 diplomatik demar\u015f\u0131 kimi q\u0259bul edilib.<\/p>\n<p>R\u0259smi \u0130r\u0259vana veril\u0259n v\u0259dl\u0259rin ill\u00fcziyadan ba\u015fqa bir \u015fey olmad\u0131\u011f\u0131 zamanla t\u0259sdiqini tap\u0131r. Bunlara inanan Nikol Pa\u015finyan is\u0259 Rusiya il\u0259 Q\u0259rbin qar\u015f\u0131durmas\u0131n\u0131 \u00f6z \u0259razisin\u0259 \u00e7\u0259km\u0259kl\u0259 d\u00f6vl\u0259tini u\u00e7uruma apar\u0131r. AB\u015e v\u0259 Fransan\u0131n diplomatik dair\u0259l\u0259ri Erm\u0259nistan\u0131n atd\u0131\u011f\u0131 add\u0131mlar\u0131 izl\u0259yirl\u0259r v\u0259 el aras\u0131nda deyildiyi kimi, \u201cbar\u0131t\u0131 bir az da art\u0131r\u0131rlar\u201d.<\/p>\n<p><img src=\"https:\/\/cdn.oxu.az\/uploads\/W1siZiIsIjIwMjMvMTEvMTUvMTYvNTcvMDEvMmFmZmVhMWUtYTJjOS00NjkzLWIwMDctMDQ5MjU3YjZlNjY4L2UzMTJiNDk5LThkOTUtMzI5Ny1hY2VhLTM1YzMyNGNkZGIxOC5qcGciXSxbInAiLCJlbmNvZGUiLCJqcGciLCItcXVhbGl0eSA4MCJdLFsicCIsInRodW1iIiwiNTkweDU5MFx1MDAzZSJdXQ?sha=961365e1eefdad0f\" alt=\"\" \/><\/p>\n<p>T\u0259sad\u00fcfi deyil ki, Avropa \u0130ttifaq\u0131 diplomatiyas\u0131n\u0131n r\u0259hb\u0259ri Jozep Borrelin \u201cErm\u0259nistan\u0131n \u0259razi b\u00fct\u00f6vl\u00fcy\u00fc v\u0259 suverenliyinin ist\u0259nil\u0259n pozulmas\u0131 yolverilm\u0259zdir v\u0259 \u201ca\u011f\u0131r n\u0259tic\u0259l\u0259r\u0259\u201d s\u0259b\u0259b olacaq\u201d tipli a\u00e7\u0131qlamas\u0131 Az\u0259rbaycan \u0259leyhin\u0259 y\u00f6n\u0259lib v\u0259 Q\u0259rbin h\u0259r zaman y\u00fcr\u00fctd\u00fcy\u00fc ikili siyas\u0259tin bariz n\u00fcmun\u0259sidir.<\/p>\n<p>Maraql\u0131d\u0131r ki, \u0130r\u0259van beyn\u0259lxalq h\u00fcququn norma v\u0259 prinsipl\u0259rin\u0259 uy\u011fun h\u0259r\u0259k\u0259t etm\u0259y\u0259, s\u00fclh m\u00fcqavil\u0259sini imzalama\u011fa, s\u0259rh\u0259dl\u0259ri demarkasiya v\u0259 delimitasiya etm\u0259y\u0259, anklavlar\u0131 qaytarma\u011fa t\u0259\u015fviq etm\u0259k \u0259v\u0259zin\u0259, Borrel v\u0259 eyni m\u00f6vqed\u0259 olan \u015f\u0259xsl\u0259r Az\u0259rbaycana qar\u015f\u0131 q\u0259r\u0259zli b\u0259yanatlar s\u0259sl\u0259ndirirl\u0259r. Buna paralel olaraq A\u0130 \u00f6lk\u0259l\u0259rind\u0259n b\u0259zil\u0259ri Erm\u0259nistan\u0131 silahland\u0131r\u0131r, C\u0259nubi Qafqazda s\u00fclh v\u0259 sabitliy\u0259 mane olan h\u0259rbil\u0259\u015fm\u0259 siyas\u0259tini d\u0259st\u0259kl\u0259yir, b\u00f6lg\u0259ni yeni qar\u015f\u0131durmalara s\u00fcr\u00fckl\u0259y\u0259n siyas\u0259ti t\u0259\u015fviq edir.<\/p>\n<p>Bir s\u0131ra platformalarda \u201cs\u00fclh\u00fc d\u0259st\u0259kl\u0259yirik, Az\u0259rbaycanla Erm\u0259nistan aras\u0131nda s\u00fclh m\u00fcqavil\u0259sinin imzalanmas\u0131 Q\u0259rbin \u0259sas m\u0259qs\u0259didir\u201d b\u0259yanatlar\u0131n\u0131 s\u0259sl\u0259ndir\u0259n, t\u0259r\u0259fl\u0259ri s\u00fclh dan\u0131\u015f\u0131qlar\u0131n\u0131 b\u0259rpa etm\u0259y\u0259 \u00e7a\u011f\u0131ran Q\u0259rbin bu oyununu nec\u0259 ba\u015fa d\u00fc\u015f\u0259k? Lap m\u0259\u015fhur l\u0259tif\u0259d\u0259 deyildiyi kimi, pi\u015fik budursa, \u0259t han\u0131, \u0259t budursa, pi\u015fik han\u0131?<\/p>\n<p><img src=\"https:\/\/cdn.oxu.az\/uploads\/W1siZiIsIjIwMjMvMTEvMTUvMTYvNTcvMDIvNmIyMTAzYzAtOTI0MC00YTg4LTk3YmQtMWY0YTk4YmQ2YjBmLzcyM2NhMDkxLTlhMDktM2E2Zi1hZGM4LTI5NDI5ZTA4ZTBhNy5qcGciXSxbInAiLCJlbmNvZGUiLCJqcGciLCItcXVhbGl0eSA4MCJdLFsicCIsInRodW1iIiwiNTkweDU5MFx1MDAzZSJdXQ?sha=87eef94e1fee426a\" alt=\"\" \/><\/p>\n<p>Amma erm\u0259ni d\u00f6vl\u0259tinin xarici siyas\u0259ti il\u0259 m\u0259\u015f\u011ful olan \u015f\u0259xsl\u0259r bunu ba\u015fa d\u00fc\u015fm\u00fcr v\u0259 ya ba\u015fa d\u00fc\u015fm\u0259k ist\u0259mirl\u0259r. \u018fv\u0259zind\u0259 is\u0259 X\u0130N ba\u015f\u00e7\u0131s\u0131 Ararat Mirzoyan \u0259lin\u0259 bir x\u0259rit\u0259 alaraq, Avropan\u0131n siyasi dair\u0259l\u0259rini g\u0259zir, Nikol Pa\u015finyan\u0131n \u201cS\u00fclh\u00fcn k\u0259si\u015fm\u0259si\u201d layih\u0259sinin faydalar\u0131 bar\u0259d\u0259 uzun-uzad\u0131 nitql\u0259r s\u00f6yl\u0259yir. Q\u0259rb diplomatiyas\u0131 is\u0259 hiyl\u0259g\u0259r t\u0259b\u0259ss\u00fcml\u0259 bu nitql\u0259ri dinl\u0259y\u0259r\u0259k \u201cyes, yes\u201d dem\u0259kl\u0259 kifay\u0259tl\u0259nir.<\/p>\n<p>H\u0259l\u0259lik bu layih\u0259y\u0259 n\u0259 ciddi maraq, n\u0259 d\u0259 d\u0259st\u0259k s\u0259rgil\u0259y\u0259n olmay\u0131b. S\u0259b\u0259b is\u0259 sad\u0259dir. Erm\u0259nistan\u0131n xarici siyas\u0259t idar\u0259si r\u0259hb\u0259rind\u0259n f\u0259rqli olaraq, Q\u0259rbin diplomatik m\u0259rk\u0259zl\u0259rind\u0259 g\u00f6z\u0259l ba\u015fa d\u00fc\u015f\u00fcrl\u0259r ki, C\u0259nubi Qafqaz regionunda qlobal layih\u0259l\u0259rin a\u00e7ar\u0131 Az\u0259rbaycand\u0131r. R\u0259smi Bak\u0131n\u0131n i\u015ftirak\u0131 v\u0259 raz\u0131l\u0131\u011f\u0131 olmadan bu regionda he\u00e7 bir layih\u0259ni realla\u015fd\u0131rmaq m\u00fcmk\u00fcn deyil.<\/p>\n<p>Jozep Borrelin ikili standartlarla dolu b\u0259yanat\u0131ndan ba\u015fqa, Erm\u0259nistan\u0131 Rusiya \u0259leyhin\u0259 c\u0259bh\u0259y\u0259 ke\u00e7m\u0259y\u0259 s\u00f6vq ed\u0259n ba\u015fqa bir faktor da AB\u015e-nin v\u0259dl\u0259ridir. El\u0259 d\u00fcn\u0259n m\u0259lum olub ki, \u0130r\u0259van v\u0259 Va\u015finqton aras\u0131nda \u0259ld\u0259 edil\u0259n raz\u0131la\u015fmaya \u0259sas\u0259n, Rusiya t\u0259r\u0259find\u0259n forpostu say\u0131lan \u00f6lk\u0259y\u0259 qar\u015f\u0131 t\u0259zyiq v\u0259 sanksiyalar t\u0259tbiq edils\u0259, AB\u015e bir s\u0131ra sah\u0259l\u0259rd\u0259 d\u0259st\u0259k g\u00f6st\u0259r\u0259c\u0259k. Siyah\u0131ya \u201cMetsamor\u201d elektrik stansiyas\u0131n\u0131 n\u00fcv\u0259 yanaca\u011f\u0131 il\u0259 t\u0259min etm\u0259k, Erm\u0259nistana dizel yanaca\u011f\u0131 g\u00f6nd\u0259rm\u0259k, bu\u011fda v\u0259 un m\u0259hsullar\u0131, internetl\u0259 t\u0259min etm\u0259k, laz\u0131mi h\u0259rbi texnika g\u00f6nd\u0259rm\u0259k kimi b\u0259ndl\u0259r yer al\u0131b.<\/p>\n<p><img src=\"https:\/\/cdn.oxu.az\/uploads\/W1siZiIsIjIwMjMvMTEvMTUvMTYvNTcvMDIvYTI4ZDE5NzYtZTkyNS00OWY1LTk1NWQtMDBlYTA0OWE2NDI3LzAxYzM0MTA4LWJjOWUtMzdiNS04ZDUxLWJhYWU1MWU5NTZiNy5qcGciXSxbInAiLCJlbmNvZGUiLCJqcGciLCItcXVhbGl0eSA4MCJdLFsicCIsInRodW1iIiwiNTkweDU5MFx1MDAzZSJdXQ?sha=52fbd64895f4316c\" alt=\"\" \/><\/p>\n<p>M\u0259lumdur ki, yuxar\u0131da sadalanan \u0259sas b\u0259ndl\u0259rl\u0259 Erm\u0259nistan\u0131 bu g\u00fcn\u0259 q\u0259d\u0259r Rusiya t\u0259min edib. G\u00f6r\u00fcnd\u00fcy\u00fc kimi, AB\u015e k\u0259\u015ffiyyat\u00e7\u0131lar\u0131 pusquda duraraq r\u0259smi \u0130r\u0259van\u0131 \u015firin v\u0259dl\u0259rl\u0259 t\u0259r\u0259fl\u0259rin\u0259 \u00e7\u0259km\u0259k ist\u0259yirl\u0259r. Bu raz\u0131la\u015fman\u0131n \u0259ld\u0259 edilm\u0259si t\u0259sad\u00fcfi deyil. Bel\u0259 ki, bu yax\u0131nlarda Rusiya K\u0259nd T\u0259s\u0259rr\u00fcfat\u0131 Nazirliyinin da\u015f bu\u011fda ixrac\u0131n\u0131 dayand\u0131rmas\u0131 bar\u0259d\u0259 q\u0259rar\u0131ndan sonra amerikal\u0131lar\u0131n h\u0259r\u0259k\u0259t\u0259 ke\u00e7\u0259c\u0259yi ehtimal edilirdi. M\u0259lum m\u0259s\u0259l\u0259dir ki, kollektiv Q\u0259rb, x\u00fcsus\u0259n d\u0259 AB\u015e he\u00e7 bir halda Rusiyan\u0131n liderlik etdiyi qurumlara, x\u00fcsus\u0259n d\u0259 h\u0259rbi-siyasi blok say\u0131lan KTMT-y\u0259 \u00fczv \u00f6lk\u0259l\u0259r\u0259 el\u0259-bel\u0259 yard\u0131m etm\u0259z.<\/p>\n<p>\u00c7ox g\u00fcman ki, bu \u201cyard\u0131m\u201dlar\u0131n \u0259v\u0259zind\u0259 r\u0259smi \u0130r\u0259vandan bu formatlar\u0131 t\u0259rk etm\u0259k t\u0259l\u0259b edil\u0259c\u0259k. Erm\u0259nistan\u0131n son aylar y\u00fcr\u00fctd\u00fcy\u00fc siyas\u0259t d\u0259 \u0130r\u0259van\u0131n buna do\u011fru getdiyini n\u00fcmayi\u015f etdirir.<\/p>\n<p><img src=\"https:\/\/cdn.oxu.az\/uploads\/W1siZiIsIjIwMjMvMTEvMTUvMTYvNTcvMDIvNzM4OWY4MTUtYTYxZC00ZDYzLTg4ZmItMGIzYjE0NTU4OGZlLzBjZGJiYjVhLWIwNDAtMzE0NS04ODcyLWVmNGEwNzA2YzkyNy5qcGciXSxbInAiLCJlbmNvZGUiLCJqcGciLCItcXVhbGl0eSA4MCJdLFsicCIsInRodW1iIiwiNTkweDU5MFx1MDAzZSJdXQ?sha=54e34084238a5096\" alt=\"\" \/><\/p>\n<p>Q\u0259rbin v\u0259dl\u0259rinin bo\u015f oldu\u011fundan s\u00f6z d\u00fc\u015fm\u00fc\u015fk\u0259n, son g\u00fcnl\u0259r ciddi \u015f\u0259kild\u0259 m\u00fczakir\u0259 olunan Fransa istehsal\u0131 \u201cBastion\u201d zirehli ma\u015f\u0131nlar\u0131n\u0131 da misal \u00e7\u0259km\u0259k olar. Erm\u0259nistanl\u0131 h\u0259rbi ekspertl\u0259r bel\u0259 bu ma\u015f\u0131nlar\u0131n \u00f6lk\u0259nin co\u011frafi relyefin\u0259 uy\u011fun olmad\u0131\u011f\u0131n\u0131 bildiribl\u0259r. Qeyd olunub ki, \u201cBastion\u201d zirehli ma\u015f\u0131nlar\u0131 Afrikada f\u0259aliyy\u0259t g\u00f6st\u0259r\u0259n frans\u0131z x\u00fcsusi t\u0259yinatl\u0131lar\u0131 \u00fc\u00e7\u00fcn n\u0259z\u0259rd\u0259 tutulub v\u0259 d\u00fcz\u0259n \u0259razil\u0259rd\u0259 effektivdirl\u0259r.<\/p>\n<p>Ekspertl\u0259r vur\u011fulay\u0131blar ki, Erm\u0259nistan\u0131n \u0259razisinin \u0259sas\u0259n da\u011fl\u0131q oldu\u011funu n\u0259z\u0259r\u0259 almaq laz\u0131md\u0131r v\u0259 bu avtomobill\u0259rin erm\u0259ni h\u0259rb\u00e7il\u0259ri \u00fc\u00e7\u00fcn yararl\u0131 olmas\u0131 sual alt\u0131na d\u00fc\u015f\u00fcr. Onlar bildiribl\u0259r ki, \u201cBastion\u201d ma\u015f\u0131nlar\u0131 d\u0259r\u0259-t\u0259p\u0259 yollarda asan h\u0259d\u0259f\u0259 \u00e7evril\u0259c\u0259kl\u0259r.<\/p>\n<p>Bundan ba\u015fqa bildirilir ki, \u201cBastion\u201dun m\u00fcdafi\u0259 qabiliyy\u0259ti z\u0259ifdir v\u0259 onu yax\u0131n m\u0259saf\u0259d\u0259n asanl\u0131qla tank \u0259leyhin\u0259 raketl\u0259 m\u0259hv etm\u0259k m\u00fcmk\u00fcnd\u00fcr. Bu xarakteristikas\u0131na g\u00f6r\u0259 zaman\u0131nda Ukrayna \u201cBastion\u201d ma\u015f\u0131nlar\u0131ndan imtina etmi\u015fdi.<\/p>\n<p>Bir daha qeyd etm\u0259k laz\u0131md\u0131r ki, Q\u0259rb Erm\u0259nistan\u0131 art\u0131q Rusiya il\u0259 m\u00fcbariz\u0259 meydan\u0131na \u00e7evirib. Bu is\u0259 r\u0259smi \u0130r\u0259van \u00fc\u00e7\u00fcn \u00e7ox ciddi n\u0259tic\u0259l\u0259r\u0259 s\u0259b\u0259b olacaq. Rusiyan\u0131n bu tip x\u0259yan\u0259ti ba\u011f\u0131\u015flamayaca\u011f\u0131 g\u00fcn kimi ayd\u0131nd\u0131r. Moskvan\u0131n hans\u0131 t\u0259dbirl\u0259r g\u00f6r\u0259c\u0259yini zaman g\u00f6st\u0259r\u0259c\u0259k. Bizi maraqland\u0131ran dig\u0259r m\u0259s\u0259l\u0259 is\u0259 imzalanacaq s\u00fclh m\u00fcqavil\u0259sinin sabotaj edilm\u0259sidir. Erm\u0259nistan h\u00f6kum\u0259ti h\u0259l\u0259 d\u0259 u\u00e7urumun k\u0259nar\u0131nda dayand\u0131\u011f\u0131n\u0131n f\u0259rqin\u0259 varm\u0131r v\u0259 Q\u0259rbin al\u0259ti olma\u011fa davam edir&#8230;<\/p>\n<p><strong>\u201cReport\u201d \u0130nformasiya Agentliyi<\/strong><\/p>\n","protected":false},"excerpt":{"rendered":"<p>Q\u0259rbin Rusiyan\u0131 C\u0259nubi Qafqazdan s\u0131x\u0131\u015fd\u0131r\u0131b \u00e7\u0131xarma\u011fa hesablanm\u0131\u015f oyunlar\u0131 tam s\u00fcr\u0259tl\u0259 yeni fazaya q\u0259d\u0259m qoyub. Kollektiv Q\u0259rb regionda maraqlar\u0131n\u0131 t\u0259min etm\u0259k \u00fc\u00e7\u00fcn qurbanl\u0131q ke\u00e7i kimi Erm\u0259nistan\u0131 se\u00e7ib. Art\u0131q \u0130r\u0259van iki t\u0259r\u0259fin maraq m\u00fcnaqi\u015f\u0259sinin m\u0259rk\u0259zin\u0259 \u00e7evrilib. Bu \u00f6lk\u0259nin h\u00f6kum\u0259ti is\u0259 Rusiya \u0259leyhin\u0259 ittifaqa qo\u015fulmaq \u00fczr\u0259dir v\u0259 bunun \u00f6lk\u0259 \u00fc\u00e7\u00fcn da\u011f\u0131d\u0131c\u0131 n\u0259tic\u0259l\u0259r\u0259 s\u0259b\u0259b olaca\u011f\u0131n\u0131 unutmu\u015f kimi g\u00f6r\u00fcn\u00fcr. Q\u0259rb, x\u00fcsus\u0259n d\u0259 AB\u015e v\u0259 Fransa \u00f6z\u00fcn\u00fc Erm\u0259nistan\u0131n himay\u0259dar\u0131 kimi aparsa da, \u0259slind\u0259 s\u00fclh prosesini pozmaq, sabotaj etm\u0259kd\u0259n ba\u015fqa bir i\u015f\u0259 yarayan f\u0259aliyy\u0259t g\u00f6st\u0259rmir. \u015eirin v\u0259dl\u0259r\u0259 aldanan \u00f6lk\u0259nin Ba\u015f naziri Nikol Pa\u015finyan Minskd\u0259 ke\u00e7irilm\u0259si planla\u015fd\u0131r\u0131lan KTMT&hellip;<\/p>\n","protected":false},"author":2,"featured_media":656750,"comment_status":"closed","ping_status":"closed","sticky":false,"template":"","format":"standard","meta":{"om_disable_all_campaigns":false,"_monsterinsights_skip_tracking":false,"_monsterinsights_sitenote_active":false,"_monsterinsights_sitenote_note":"","_monsterinsights_sitenote_category":0},"categories":[4],"tags":[],"aioseo_notices":[],"gutentor_comment":0,"rttpg_featured_image_url":{"full":["https:\/\/arantv.az\/wp-content\/uploads\/2023\/11\/FotoJet-2023-11-15T185131.134.jpg",620,413,false],"landscape":["https:\/\/arantv.az\/wp-content\/uploads\/2023\/11\/FotoJet-2023-11-15T185131.134.jpg",620,413,false],"portraits":["https:\/\/arantv.az\/wp-content\/uploads\/2023\/11\/FotoJet-2023-11-15T185131.134.jpg",620,413,false],"thumbnail":["https:\/\/arantv.az\/wp-content\/uploads\/2023\/11\/FotoJet-2023-11-15T185131.134-500x280.jpg",500,280,true],"medium":["https:\/\/arantv.az\/wp-content\/uploads\/2023\/11\/FotoJet-2023-11-15T185131.134-548x365.jpg",548,365,true],"large":["https:\/\/arantv.az\/wp-content\/uploads\/2023\/11\/FotoJet-2023-11-15T185131.134.jpg",620,413,false],"1536x1536":["https:\/\/arantv.az\/wp-content\/uploads\/2023\/11\/FotoJet-2023-11-15T185131.134.jpg",620,413,false],"2048x2048":["https:\/\/arantv.az\/wp-content\/uploads\/2023\/11\/FotoJet-2023-11-15T185131.134.jpg",620,413,false],"post-thumbnail":["https:\/\/arantv.az\/wp-content\/uploads\/2023\/11\/FotoJet-2023-11-15T185131.134-240x172.jpg",240,172,true],"advps-thumb-one":["https:\/\/arantv.az\/wp-content\/uploads\/2023\/11\/FotoJet-2023-11-15T185131.134.jpg",620,413,false]},"rttpg_author":{"display_name":"V\u00fcsal Rafiqo\u011flu","author_link":"https:\/\/arantv.az\/?author=2"},"rttpg_comment":0,"rttpg_category":"<a href=\"https:\/\/arantv.az\/?cat=4\" rel=\"category\">Siyas\u0259t<\/a>","rttpg_excerpt":"Q\u0259rbin Rusiyan\u0131 C\u0259nubi Qafqazdan s\u0131x\u0131\u015fd\u0131r\u0131b \u00e7\u0131xarma\u011fa hesablanm\u0131\u015f oyunlar\u0131 tam s\u00fcr\u0259tl\u0259 yeni fazaya q\u0259d\u0259m qoyub. Kollektiv Q\u0259rb regionda maraqlar\u0131n\u0131 t\u0259min etm\u0259k \u00fc\u00e7\u00fcn qurbanl\u0131q ke\u00e7i kimi Erm\u0259nistan\u0131 se\u00e7ib. Art\u0131q \u0130r\u0259van iki t\u0259r\u0259fin maraq m\u00fcnaqi\u015f\u0259sinin m\u0259rk\u0259zin\u0259 \u00e7evrilib. Bu \u00f6lk\u0259nin h\u00f6kum\u0259ti is\u0259 Rusiya \u0259leyhin\u0259 ittifaqa qo\u015fulmaq \u00fczr\u0259dir v\u0259 bunun \u00f6lk\u0259 \u00fc\u00e7\u00fcn da\u011f\u0131d\u0131c\u0131 n\u0259tic\u0259l\u0259r\u0259 s\u0259b\u0259b olaca\u011f\u0131n\u0131 unutmu\u015f kimi g\u00f6r\u00fcn\u00fcr. Q\u0259rb,&hellip;","_links":{"self":[{"href":"https:\/\/arantv.az\/index.php?rest_route=\/wp\/v2\/posts\/656746"}],"collection":[{"href":"https:\/\/arantv.az\/index.php?rest_route=\/wp\/v2\/posts"}],"about":[{"href":"https:\/\/arantv.az\/index.php?rest_route=\/wp\/v2\/types\/post"}],"author":[{"embeddable":true,"href":"https:\/\/arantv.az\/index.php?rest_route=\/wp\/v2\/users\/2"}],"replies":[{"embeddable":true,"href":"https:\/\/arantv.az\/index.php?rest_route=%2Fwp%2Fv2%2Fcomments&post=656746"}],"version-history":[{"count":0,"href":"https:\/\/arantv.az\/index.php?rest_route=\/wp\/v2\/posts\/656746\/revisions"}],"wp:featuredmedia":[{"embeddable":true,"href":"https:\/\/arantv.az\/index.php?rest_route=\/wp\/v2\/media\/656750"}],"wp:attachment":[{"href":"https:\/\/arantv.az\/index.php?rest_route=%2Fwp%2Fv2%2Fmedia&parent=656746"}],"wp:term":[{"taxonomy":"category","embeddable":true,"href":"https:\/\/arantv.az\/index.php?rest_route=%2Fwp%2Fv2%2Fcategories&post=656746"},{"taxonomy":"post_tag","embeddable":true,"href":"https:\/\/arantv.az\/index.php?rest_route=%2Fwp%2Fv2%2Ftags&post=656746"}],"curies":[{"name":"wp","href":"https:\/\/api.w.org\/{rel}","templated":true}]}}