{"id":656768,"date":"2023-11-15T21:23:23","date_gmt":"2023-11-15T17:23:23","guid":{"rendered":"https:\/\/arantv.az\/?p=656768"},"modified":"2023-11-15T21:23:23","modified_gmt":"2023-11-15T17:23:23","slug":"%c9%99srin-sonuna-kimi-kur-v%c9%99-arazda-su-ehtiyatlarinin-20-faiz%c9%99-q%c9%99d%c9%99r-azalacagi-proqnozlasdirilir","status":"publish","type":"post","link":"https:\/\/arantv.az\/?p=656768","title":{"rendered":"\u018fsrin sonuna kimi K\u00fcr v\u0259 Arazda su ehtiyatlar\u0131n\u0131n 20 faiz\u0259 q\u0259d\u0259r azalaca\u011f\u0131 proqnozla\u015fd\u0131r\u0131l\u0131r"},"content":{"rendered":"<p>\u018fsrin sonuna kimi K\u00fcr v\u0259 Araz \u00e7aylar\u0131n\u0131n su ehtiyatlar\u0131 20 faiz\u0259 q\u0259d\u0259r azala bil\u0259r.<\/p>\n<p>APA x\u0259b\u0259r verir ki, bunu BMT-n\u0131n \u0130nki\u015faf Proqram\u0131n\u0131n layih\u0259 meneceri Zaur \u018fliyev T\u00fcrk D\u00fcnyas\u0131 II Meteorologiya Forumunda \u00e7\u0131x\u0131\u015f\u0131 zaman\u0131 deyib<\/p>\n<p>Onun s\u00f6zl\u0259rin\u0259 g\u00f6r\u0259, GFDL, HADGEM, MPI modell\u0259ri \u0259sas\u0131nda, temperaturun iki\u00a0d\u0259r\u0259c\u0259 artmas\u0131, ya\u011f\u0131nt\u0131lar\u0131n miqdar\u0131n\u0131n d\u0259yi\u015fm\u0259m\u0259si fonunda B\u00f6y\u00fck v\u0259 Ki\u00e7ik Qafqaz \u0259razisind\u0259n, L\u0259nk\u0259ran-Astara b\u00f6lg\u0259sind\u0259n axan \u00e7aylar\u0131n, o c\u00fcml\u0259d\u0259n K\u00fcr v\u0259 Araz \u00e7aylar\u0131n\u0131n iqlim d\u0259yi\u015fm\u0259l\u0259rin\u0259 h\u0259ssasl\u0131\u011f\u0131 qiym\u0259tl\u0259ndirlib v\u0259 proqnozlar haz\u0131rlanl\u0131b:<\/p>\n<p>\u201cProqnozlara g\u00f6r\u0259, K\u00fcr v\u0259 Araz \u00e7aylar\u0131n\u0131n, o c\u00fcml\u0259d\u0259n Ki\u00e7ik Qafqaz \u0259razisind\u0259n axan \u00e7aylar\u0131n su ehtiyatlar\u0131n\u0131n 2040-c\u0131 il\u0259d\u0259k 10, 2041-2070-ci ill\u0259r \u0259rzind\u0259 15, 2071-2098-ci ill\u0259r \u0259rzind\u0259 is\u0259 20 faiz azalaca\u011f\u0131 g\u00f6zl\u0259nilir. B\u00f6y\u00fck Qafqaz \u0259razisind\u0259n v\u0259 L\u0259nk\u0259ran-Astara b\u00f6lg\u0259sind\u0259n axan \u00e7aylarda is\u0259 m\u00fcvafiq ill\u0259r \u00fczr\u0259 azalma g\u00f6st\u0259ricil\u0259rinin 5, 10, 15 faiz olaca\u011f\u0131 ehtimal edilir\u201d.<\/p>\n","protected":false},"excerpt":{"rendered":"<p>\u018fsrin sonuna kimi K\u00fcr v\u0259 Araz \u00e7aylar\u0131n\u0131n su ehtiyatlar\u0131 20 faiz\u0259 q\u0259d\u0259r azala bil\u0259r. APA x\u0259b\u0259r verir ki, bunu BMT-n\u0131n \u0130nki\u015faf Proqram\u0131n\u0131n layih\u0259 meneceri Zaur \u018fliyev T\u00fcrk D\u00fcnyas\u0131 II Meteorologiya Forumunda \u00e7\u0131x\u0131\u015f\u0131 zaman\u0131 deyib Onun s\u00f6zl\u0259rin\u0259 g\u00f6r\u0259, GFDL, HADGEM, MPI modell\u0259ri \u0259sas\u0131nda, temperaturun iki\u00a0d\u0259r\u0259c\u0259 artmas\u0131, ya\u011f\u0131nt\u0131lar\u0131n miqdar\u0131n\u0131n d\u0259yi\u015fm\u0259m\u0259si fonunda B\u00f6y\u00fck v\u0259 Ki\u00e7ik Qafqaz \u0259razisind\u0259n, L\u0259nk\u0259ran-Astara b\u00f6lg\u0259sind\u0259n axan \u00e7aylar\u0131n, o c\u00fcml\u0259d\u0259n K\u00fcr v\u0259 Araz \u00e7aylar\u0131n\u0131n iqlim d\u0259yi\u015fm\u0259l\u0259rin\u0259 h\u0259ssasl\u0131\u011f\u0131 qiym\u0259tl\u0259ndirlib v\u0259 proqnozlar haz\u0131rlanl\u0131b: \u201cProqnozlara g\u00f6r\u0259, K\u00fcr v\u0259 Araz \u00e7aylar\u0131n\u0131n, o c\u00fcml\u0259d\u0259n Ki\u00e7ik Qafqaz \u0259razisind\u0259n axan \u00e7aylar\u0131n su ehtiyatlar\u0131n\u0131n 2040-c\u0131 il\u0259d\u0259k 10, 2041-2070-ci&hellip;<\/p>\n","protected":false},"author":2,"featured_media":656772,"comment_status":"closed","ping_status":"closed","sticky":false,"template":"","format":"standard","meta":{"om_disable_all_campaigns":false,"_monsterinsights_skip_tracking":false,"_monsterinsights_sitenote_active":false,"_monsterinsights_sitenote_note":"","_monsterinsights_sitenote_category":0},"categories":[19],"tags":[],"aioseo_notices":[],"gutentor_comment":0,"rttpg_featured_image_url":{"full":["https:\/\/arantv.az\/wp-content\/uploads\/2023\/11\/6554afc0cb1d46554afc0cb1d517000488326554afc0cb1d26554afc0cb1d3.jpg",620,413,false],"landscape":["https:\/\/arantv.az\/wp-content\/uploads\/2023\/11\/6554afc0cb1d46554afc0cb1d517000488326554afc0cb1d26554afc0cb1d3.jpg",620,413,false],"portraits":["https:\/\/arantv.az\/wp-content\/uploads\/2023\/11\/6554afc0cb1d46554afc0cb1d517000488326554afc0cb1d26554afc0cb1d3.jpg",620,413,false],"thumbnail":["https:\/\/arantv.az\/wp-content\/uploads\/2023\/11\/6554afc0cb1d46554afc0cb1d517000488326554afc0cb1d26554afc0cb1d3-500x280.jpg",500,280,true],"medium":["https:\/\/arantv.az\/wp-content\/uploads\/2023\/11\/6554afc0cb1d46554afc0cb1d517000488326554afc0cb1d26554afc0cb1d3-548x365.jpg",548,365,true],"large":["https:\/\/arantv.az\/wp-content\/uploads\/2023\/11\/6554afc0cb1d46554afc0cb1d517000488326554afc0cb1d26554afc0cb1d3.jpg",620,413,false],"1536x1536":["https:\/\/arantv.az\/wp-content\/uploads\/2023\/11\/6554afc0cb1d46554afc0cb1d517000488326554afc0cb1d26554afc0cb1d3.jpg",620,413,false],"2048x2048":["https:\/\/arantv.az\/wp-content\/uploads\/2023\/11\/6554afc0cb1d46554afc0cb1d517000488326554afc0cb1d26554afc0cb1d3.jpg",620,413,false],"post-thumbnail":["https:\/\/arantv.az\/wp-content\/uploads\/2023\/11\/6554afc0cb1d46554afc0cb1d517000488326554afc0cb1d26554afc0cb1d3-240x172.jpg",240,172,true],"advps-thumb-one":["https:\/\/arantv.az\/wp-content\/uploads\/2023\/11\/6554afc0cb1d46554afc0cb1d517000488326554afc0cb1d26554afc0cb1d3.jpg",620,413,false]},"rttpg_author":{"display_name":"V\u00fcsal Rafiqo\u011flu","author_link":"https:\/\/arantv.az\/?author=2"},"rttpg_comment":0,"rttpg_category":"<a href=\"https:\/\/arantv.az\/?cat=19\" rel=\"category\">G\u00fcnd\u0259m<\/a>","rttpg_excerpt":"\u018fsrin sonuna kimi K\u00fcr v\u0259 Araz \u00e7aylar\u0131n\u0131n su ehtiyatlar\u0131 20 faiz\u0259 q\u0259d\u0259r azala bil\u0259r. APA x\u0259b\u0259r verir ki, bunu BMT-n\u0131n \u0130nki\u015faf Proqram\u0131n\u0131n layih\u0259 meneceri Zaur \u018fliyev T\u00fcrk D\u00fcnyas\u0131 II Meteorologiya Forumunda \u00e7\u0131x\u0131\u015f\u0131 zaman\u0131 deyib Onun s\u00f6zl\u0259rin\u0259 g\u00f6r\u0259, GFDL, HADGEM, MPI modell\u0259ri \u0259sas\u0131nda, temperaturun iki\u00a0d\u0259r\u0259c\u0259 artmas\u0131, ya\u011f\u0131nt\u0131lar\u0131n miqdar\u0131n\u0131n d\u0259yi\u015fm\u0259m\u0259si fonunda B\u00f6y\u00fck v\u0259 Ki\u00e7ik Qafqaz \u0259razisind\u0259n, L\u0259nk\u0259ran-Astara&hellip;","_links":{"self":[{"href":"https:\/\/arantv.az\/index.php?rest_route=\/wp\/v2\/posts\/656768"}],"collection":[{"href":"https:\/\/arantv.az\/index.php?rest_route=\/wp\/v2\/posts"}],"about":[{"href":"https:\/\/arantv.az\/index.php?rest_route=\/wp\/v2\/types\/post"}],"author":[{"embeddable":true,"href":"https:\/\/arantv.az\/index.php?rest_route=\/wp\/v2\/users\/2"}],"replies":[{"embeddable":true,"href":"https:\/\/arantv.az\/index.php?rest_route=%2Fwp%2Fv2%2Fcomments&post=656768"}],"version-history":[{"count":0,"href":"https:\/\/arantv.az\/index.php?rest_route=\/wp\/v2\/posts\/656768\/revisions"}],"wp:featuredmedia":[{"embeddable":true,"href":"https:\/\/arantv.az\/index.php?rest_route=\/wp\/v2\/media\/656772"}],"wp:attachment":[{"href":"https:\/\/arantv.az\/index.php?rest_route=%2Fwp%2Fv2%2Fmedia&parent=656768"}],"wp:term":[{"taxonomy":"category","embeddable":true,"href":"https:\/\/arantv.az\/index.php?rest_route=%2Fwp%2Fv2%2Fcategories&post=656768"},{"taxonomy":"post_tag","embeddable":true,"href":"https:\/\/arantv.az\/index.php?rest_route=%2Fwp%2Fv2%2Ftags&post=656768"}],"curies":[{"name":"wp","href":"https:\/\/api.w.org\/{rel}","templated":true}]}}