{"id":656849,"date":"2023-11-15T21:58:53","date_gmt":"2023-11-15T17:58:53","guid":{"rendered":"https:\/\/arantv.az\/?p=656849"},"modified":"2023-11-15T21:58:53","modified_gmt":"2023-11-15T17:58:53","slug":"tarixi-q%c9%99l%c9%99b%c9%99miz-qurur-m%c9%99nb%c9%99yimizdir","status":"publish","type":"post","link":"https:\/\/arantv.az\/?p=656849","title":{"rendered":"Tarixi Q\u0259l\u0259b\u0259miz q\u00fcrur m\u0259nb\u0259yimizdir"},"content":{"rendered":"<p>27 sentyabr 2020-ci ild\u0259 ba\u015flayan v\u0259 44 g\u00fcn davam ed\u0259n V\u0259t\u0259n m\u00fcharib\u0259sind\u0259 Ali Ba\u015f Komandan C\u0259nab \u0130lham \u018fliyevin ali r\u0259hb\u0259rliyi il\u0259 g\u00fccl\u00fc Ordumuz\u00a0 erm\u0259ni t\u0259cav\u00fczkarlar\u0131n\u0131 d\u00f6y\u00fc\u015f meydan\u0131nda m\u0259hv ed\u0259r\u0259k m\u00f6ht\u0259\u015f\u0259m Z\u0259f\u0259r qazand\u0131. 10 noyabr 2020-ci ild\u0259\u00a0 Erm\u0259nistan\u0131n r\u0259hb\u0259rliyi m\u0259\u011flubiyy\u0259tini etiraf ed\u0259r\u0259k kapitulyasiya akt\u0131n\u0131 imzalam\u0131\u015f v\u0259 28 il \u00f6nc\u0259 i\u015f\u011fal etdiyi\u00a0 bir ne\u00e7\u0259 ya\u015fay\u0131\u015f m\u0259nt\u0259q\u0259l\u0259rini\u00a0 \u0259sl sahibl\u0259rin\u0259 geri qaytaraca\u011f\u0131na, qo\u015funlar\u0131n\u0131 Qaraba\u011fdan \u00e7\u0131xaraca\u011f\u0131na\u00a0 v\u0259d vermi\u015fdir. Lakin\u00a0 h\u0259mi\u015f\u0259 oldu\u011fu kimi\u00a0 b\u0259zi m\u0259s\u0259l\u0259l\u0259rd\u0259 yen\u0259 onlar v\u0259dl\u0259rin\u0259 xilaf \u00e7\u0131xaraq n\u0259inki \u0259razil\u0259rimizi t\u0259rk etdil\u0259r,h\u0259tta 3 il sonra,y\u0259ni bu ilin sentyabr\u0131nda n\u00f6vb\u0259ti t\u0259xribatlara \u0259l atd\u0131lar. C\u0259nab Ali Ba\u015f Komandan\u0131m\u0131z\u0131n pe\u015f\u0259kar idar\u0259etm\u0259si alt\u0131nda Az\u0259rbaycan\u0131n r\u0259\u015fad\u0259tli Ordusu sentyabr\u0131n 19-da ba\u015flad\u0131\u011f\u0131 v\u0259 bir ne\u00e7\u0259 saatlar\u00a0 davam ed\u0259n lokal xarakterli antiterror t\u0259dbirl\u0259ri il\u0259 d\u00fc\u015fm\u0259n\u0259 n\u00f6vb\u0259ti sars\u0131d\u0131c\u0131 z\u0259rb\u0259l\u0259r endir\u0259r\u0259k,\u00a0 strateji y\u00fcks\u0259klikl\u0259ri \u0259l\u0259 ke\u00e7irdi v\u0259 d\u00fc\u015fm\u0259ni t\u0259slim olma\u011fa m\u0259cbur etdi.N\u0259tic\u0259d\u0259 Qaraba\u011fda yarad\u0131lm\u0131\u015f qondarma separat\u00e7\u0131 rejim l\u0259\u011fv olundu v\u0259\u00a0 Az\u0259rbaycan \u00f6z \u0259razisind\u0259 tam suverenliyini b\u0259rpa etdi.<\/p>\n<p>\u201cM\u0259n bu 20 il \u0259rzind\u0259 he\u00e7 vaxt \u015f\u00fcbh\u0259 etmirdim ki, bu g\u00fcn g\u0259l\u0259c\u0259k v\u0259 Xank\u0259ndi \u015f\u0259h\u0259rind\u0259 Az\u0259rbaycan Bayra\u011f\u0131 alt\u0131nda h\u0259rbi parad ke\u00e7iril\u0259c\u0259k\u201d . Bu s\u00f6zl\u0259ri\u00a0 cari ilin\u00a0 \u00a0noyabr\u0131n 8-d\u0259 Xank\u0259ndi \u015f\u0259h\u0259rind\u0259\u00a0 ke\u00e7iril\u0259n Z\u0259f\u0259r G\u00fcn\u00fcn\u00fcn 3 ilin\u0259 h\u0259sr edilmi\u015f m\u00f6ht\u0259\u015f\u0259m h\u0259rbi\u00a0 paradda Ali Ba\u015f Komandan C\u0259nab \u0130lham \u018fliyev demi\u015fdi. Bu h\u0259rbi parad \u00f6lk\u0259mizin g\u00fcc\u00fcn\u00fc, h\u0259rbi q\u00fcdr\u0259tini n\u00fcmayi\u015f etdirm\u0259kl\u0259 h\u0259m d\u00fc\u015fm\u0259n\u0259, h\u0259m d\u0259 onun havadarlar\u0131na daha bir ciddi mesaj oldu. Bu h\u0259rbi parad bir daha t\u0259sdiq etdi ki, M\u00f6ht\u0259r\u0259m Prezidentimiz, M\u00fcz\u0259ff\u0259r Ali Ba\u015f Komandan C\u0259nab \u0130lham \u018fliyev t\u0259r\u0259find\u0259n Qaraba\u011f\u0131n v\u0259 \u015e\u0259rqi Z\u0259ng\u0259zurun i\u015f\u011faldan azad edilm\u0259si m\u0259qs\u0259dil\u0259 2003-c\u00fc ild\u0259n bu g\u00fcn\u0259 q\u0259d\u0259r q\u0259bul olunmu\u015f h\u0259r bir q\u0259rar, bu istiqam\u0259td\u0259 at\u0131lm\u0131\u015f h\u0259r bir add\u0131m son d\u0259r\u0259c\u0259 do\u011fru v\u0259 effektiv olub.<\/p>\n<p>20 il \u00f6nc\u0259 ilk d\u0259f\u0259 C\u0259nab \u0130lham \u018fliyev prezident se\u00e7ildikd\u0259 \u00f6z xalq\u0131na s\u00f6z vermi\u015fdi ki, \u00f6lk\u0259nin \u0259razi b\u00fct\u00f6vl\u00fcy\u00fcn\u00fc b\u0259rpa olunmas\u0131nda \u0259lind\u0259n g\u0259l\u0259ni ed\u0259c\u0259k v\u0259 Az\u0259rbaycan\u0131n D\u00f6vl\u0259t Bayra\u011f\u0131 i\u015f\u011fal alt\u0131nda olan torpaqlar\u0131n h\u0259r bir gu\u015f\u0259sind\u0259 dal\u011falanacaq. Art\u0131q m\u00fcq\u0259dd\u0259s bayra\u011f\u0131m\u0131z \u015eu\u015fada, Xank\u0259ndid\u0259, Xocal\u0131da v\u0259 dig\u0259r b\u00fct\u00fcn i\u015f\u011faldan azad edil\u0259n \u0259razil\u0259rimizd\u0259 q\u00fcrurla dal\u011falan\u0131r v\u0259 bu tarixi hadis\u0259 d\u0259 b\u00fct\u00fcn xalq\u0131m\u0131za b\u00f6y\u00fck f\u0259xar\u0259t hissi ya\u015fad\u0131r. O, h\u0259m\u00e7inin \u00e7\u0131x\u0131\u015f\u0131nda qeyd etmi\u015fdir ki,m\u00fcharib\u0259d\u0259 n\u0259 q\u0259d\u0259r silah-sursatdan,m\u00fcasir texnologiyadan istifad\u0131\u0259 olunsa da q\u0259l\u0259b\u0259ni qazand\u0131ran \u0259sg\u0259r v\u0259 zabitdir. C\u0259nab Prezident \u00e7\u0131x\u0131\u015f\u0131nda 44 g\u00fcnl\u00fck V\u0259t\u0259n m\u00fcharib\u0259sind\u0259n sonra da ordu quruculu\u011funun davam etdirildiyini vur\u011fulay\u0131b v\u0259 \u015fahid oluruq ki, \u0130kinci Qaraba\u011f m\u00fcharib\u0259sind\u0259n sonra da ordu quruculu\u011fu prosesini s\u00fcr\u0259tl\u0259ndirilir,\u00a0 Qaraba\u011f b\u00f6lg\u0259sind\u0259 b\u00fct\u00fcn vacib olan m\u0259nt\u0259q\u0259l\u0259r\u0259 yerl\u0259\u015fdirilir. H\u0259m\u00e7inin,uzun ill\u0259r \u0259rzind\u0259 i\u015f\u011fal alt\u0131nda qalm\u0131\u015f Az\u0259rbaycan-Erm\u0259nistan s\u0259rh\u0259di n\u0259zar\u0259t\u0259 g\u00f6t\u00fcrm\u00fc\u015f v\u0259 buradak\u0131\u00a0 m\u00f6vqel\u0259rimiz t\u0259dric\u0259n yax\u015f\u0131la\u015fd\u0131r\u0131lm\u0131\u015f v\u0259 m\u00fcxt\u0259lif t\u0259dbirl\u0259r n\u0259tic\u0259sind\u0259 Az\u0259rbaycan-Erm\u0259nistan s\u0259rh\u0259dinin b\u00f6y\u00fck hiss\u0259sind\u0259 \u0259n \u0259lveri\u015fli m\u00f6vqel\u0259r\u0259 sahib olmu\u015fdur. Ke\u00e7irilmi\u015f bir ne\u00e7\u0259 h\u0259rbi \u0259m\u0259liyyatlar n\u0259tic\u0259sind\u0259 bu g\u00fcn\u00a0 Az\u0259rbaycan \u00f6z s\u0259rh\u0259dini tam olaraq qoruyur.<\/p>\n<p>C\u0259nab Prezident \u0130lham \u018fliyevin h\u0259rbi paradda s\u0259sl\u0259ndirdiyi b\u0259yanatlardan qar\u015f\u0131 t\u0259r\u0259f n\u0259tic\u0259 \u00e7\u0131xarmal\u0131 v\u0259 \u00f6z revan\u015fist m\u00f6vqeyin\u0259 son qoymal\u0131 v\u0259 s\u00fclh m\u00fcqavil\u0259sini imzalamal\u0131d\u0131r.<\/p>\n<p><strong>B\u0259yaz A\u011falarova,<\/strong><\/p>\n<p><em>YAP Yevlax rayon t\u0259\u015fkilat\u0131n\u0131n f\u0259al\u0131<\/em><\/p>\n","protected":false},"excerpt":{"rendered":"<p>27 sentyabr 2020-ci ild\u0259 ba\u015flayan v\u0259 44 g\u00fcn davam ed\u0259n V\u0259t\u0259n m\u00fcharib\u0259sind\u0259 Ali Ba\u015f Komandan C\u0259nab \u0130lham \u018fliyevin ali r\u0259hb\u0259rliyi il\u0259 g\u00fccl\u00fc Ordumuz\u00a0 erm\u0259ni t\u0259cav\u00fczkarlar\u0131n\u0131 d\u00f6y\u00fc\u015f meydan\u0131nda m\u0259hv ed\u0259r\u0259k m\u00f6ht\u0259\u015f\u0259m Z\u0259f\u0259r qazand\u0131. 10 noyabr 2020-ci ild\u0259\u00a0 Erm\u0259nistan\u0131n r\u0259hb\u0259rliyi m\u0259\u011flubiyy\u0259tini etiraf ed\u0259r\u0259k kapitulyasiya akt\u0131n\u0131 imzalam\u0131\u015f v\u0259 28 il \u00f6nc\u0259 i\u015f\u011fal etdiyi\u00a0 bir ne\u00e7\u0259 ya\u015fay\u0131\u015f m\u0259nt\u0259q\u0259l\u0259rini\u00a0 \u0259sl sahibl\u0259rin\u0259 geri qaytaraca\u011f\u0131na, qo\u015funlar\u0131n\u0131 Qaraba\u011fdan \u00e7\u0131xaraca\u011f\u0131na\u00a0 v\u0259d vermi\u015fdir. Lakin\u00a0 h\u0259mi\u015f\u0259 oldu\u011fu kimi\u00a0 b\u0259zi m\u0259s\u0259l\u0259l\u0259rd\u0259 yen\u0259 onlar v\u0259dl\u0259rin\u0259 xilaf \u00e7\u0131xaraq n\u0259inki \u0259razil\u0259rimizi t\u0259rk etdil\u0259r,h\u0259tta 3 il sonra,y\u0259ni bu ilin sentyabr\u0131nda n\u00f6vb\u0259ti t\u0259xribatlara \u0259l atd\u0131lar. C\u0259nab Ali&hellip;<\/p>\n","protected":false},"author":2,"featured_media":656853,"comment_status":"closed","ping_status":"closed","sticky":false,"template":"","format":"standard","meta":{"om_disable_all_campaigns":false,"_monsterinsights_skip_tracking":false,"_monsterinsights_sitenote_active":false,"_monsterinsights_sitenote_note":"","_monsterinsights_sitenote_category":0},"categories":[19],"tags":[],"aioseo_notices":[],"gutentor_comment":0,"rttpg_featured_image_url":{"full":["https:\/\/arantv.az\/wp-content\/uploads\/2023\/11\/c97e7a51169944697470245288910229614-1.jpg",975,540,false],"landscape":["https:\/\/arantv.az\/wp-content\/uploads\/2023\/11\/c97e7a51169944697470245288910229614-1.jpg",975,540,false],"portraits":["https:\/\/arantv.az\/wp-content\/uploads\/2023\/11\/c97e7a51169944697470245288910229614-1.jpg",975,540,false],"thumbnail":["https:\/\/arantv.az\/wp-content\/uploads\/2023\/11\/c97e7a51169944697470245288910229614-1-500x280.jpg",500,280,true],"medium":["https:\/\/arantv.az\/wp-content\/uploads\/2023\/11\/c97e7a51169944697470245288910229614-1-660x365.jpg",660,365,true],"large":["https:\/\/arantv.az\/wp-content\/uploads\/2023\/11\/c97e7a51169944697470245288910229614-1-840x465.jpg",640,354,true],"1536x1536":["https:\/\/arantv.az\/wp-content\/uploads\/2023\/11\/c97e7a51169944697470245288910229614-1.jpg",975,540,false],"2048x2048":["https:\/\/arantv.az\/wp-content\/uploads\/2023\/11\/c97e7a51169944697470245288910229614-1.jpg",975,540,false],"post-thumbnail":["https:\/\/arantv.az\/wp-content\/uploads\/2023\/11\/c97e7a51169944697470245288910229614-1-240x172.jpg",240,172,true],"advps-thumb-one":["https:\/\/arantv.az\/wp-content\/uploads\/2023\/11\/c97e7a51169944697470245288910229614-1.jpg",975,540,false]},"rttpg_author":{"display_name":"V\u00fcsal Rafiqo\u011flu","author_link":"https:\/\/arantv.az\/?author=2"},"rttpg_comment":0,"rttpg_category":"<a href=\"https:\/\/arantv.az\/?cat=19\" rel=\"category\">G\u00fcnd\u0259m<\/a>","rttpg_excerpt":"27 sentyabr 2020-ci ild\u0259 ba\u015flayan v\u0259 44 g\u00fcn davam ed\u0259n V\u0259t\u0259n m\u00fcharib\u0259sind\u0259 Ali Ba\u015f Komandan C\u0259nab \u0130lham \u018fliyevin ali r\u0259hb\u0259rliyi il\u0259 g\u00fccl\u00fc Ordumuz\u00a0 erm\u0259ni t\u0259cav\u00fczkarlar\u0131n\u0131 d\u00f6y\u00fc\u015f meydan\u0131nda m\u0259hv ed\u0259r\u0259k m\u00f6ht\u0259\u015f\u0259m Z\u0259f\u0259r qazand\u0131. 10 noyabr 2020-ci ild\u0259\u00a0 Erm\u0259nistan\u0131n r\u0259hb\u0259rliyi m\u0259\u011flubiyy\u0259tini etiraf ed\u0259r\u0259k kapitulyasiya akt\u0131n\u0131 imzalam\u0131\u015f v\u0259 28 il \u00f6nc\u0259 i\u015f\u011fal etdiyi\u00a0 bir ne\u00e7\u0259 ya\u015fay\u0131\u015f m\u0259nt\u0259q\u0259l\u0259rini\u00a0 \u0259sl&hellip;","_links":{"self":[{"href":"https:\/\/arantv.az\/index.php?rest_route=\/wp\/v2\/posts\/656849"}],"collection":[{"href":"https:\/\/arantv.az\/index.php?rest_route=\/wp\/v2\/posts"}],"about":[{"href":"https:\/\/arantv.az\/index.php?rest_route=\/wp\/v2\/types\/post"}],"author":[{"embeddable":true,"href":"https:\/\/arantv.az\/index.php?rest_route=\/wp\/v2\/users\/2"}],"replies":[{"embeddable":true,"href":"https:\/\/arantv.az\/index.php?rest_route=%2Fwp%2Fv2%2Fcomments&post=656849"}],"version-history":[{"count":0,"href":"https:\/\/arantv.az\/index.php?rest_route=\/wp\/v2\/posts\/656849\/revisions"}],"wp:featuredmedia":[{"embeddable":true,"href":"https:\/\/arantv.az\/index.php?rest_route=\/wp\/v2\/media\/656853"}],"wp:attachment":[{"href":"https:\/\/arantv.az\/index.php?rest_route=%2Fwp%2Fv2%2Fmedia&parent=656849"}],"wp:term":[{"taxonomy":"category","embeddable":true,"href":"https:\/\/arantv.az\/index.php?rest_route=%2Fwp%2Fv2%2Fcategories&post=656849"},{"taxonomy":"post_tag","embeddable":true,"href":"https:\/\/arantv.az\/index.php?rest_route=%2Fwp%2Fv2%2Ftags&post=656849"}],"curies":[{"name":"wp","href":"https:\/\/api.w.org\/{rel}","templated":true}]}}