{"id":656858,"date":"2023-11-15T22:00:46","date_gmt":"2023-11-15T18:00:46","guid":{"rendered":"https:\/\/arantv.az\/?p=656858"},"modified":"2023-11-15T22:00:46","modified_gmt":"2023-11-15T18:00:46","slug":"pakistanli-ekspert-q%c9%99rb-siyas%c9%99tcil%c9%99ri-v%c9%99-mediasi-mus%c9%99lman-dunyasi-il%c9%99-bagli-q%c9%99r%c9%99zlidir","status":"publish","type":"post","link":"https:\/\/arantv.az\/?p=656858","title":{"rendered":"Pakistanl\u0131 ekspert: \u201cQ\u0259rb siyas\u0259t\u00e7il\u0259ri v\u0259 medias\u0131 m\u00fcs\u0259lman d\u00fcnyas\u0131 il\u0259 ba\u011fl\u0131 q\u0259r\u0259zlidir\u201d"},"content":{"rendered":"<p>\u201cS\u00f6hb\u0259t m\u00fcs\u0259lmanlardan v\u0259 m\u00fcs\u0259lmanlar\u0131n \u00e7oxluq t\u0259\u015fkil etdiyi \u00f6lk\u0259l\u0259rd\u0259n gedirs\u0259, Q\u0259rb medias\u0131 ikili standartlar siyas\u0259tin\u0259 sadiqdir\u201d.<\/p>\n<p>Bunu\u00a0\u201cReport\u201da a\u00e7\u0131qlamas\u0131nda pakistanl\u0131 beyn\u0259lxalq \u0259laq\u0259l\u0259r \u00fczr\u0259 analitik Xalid Taymur \u018fkr\u0259m deyib.<\/p>\n<p>Onun fikrinc\u0259, bu ona g\u00f6r\u0259dir ki, Q\u0259rb \u00f6lk\u0259l\u0259rind\u0259ki h\u00f6kum\u0259tl\u0259r q\u0259r\u0259zsizliy\u0259 deyil, \u00f6z strateji maraqlar\u0131na v\u0259 m\u00fctt\u0259fiqlikl\u0259rin\u0259 \u00fcst\u00fcnl\u00fck verirl\u0259r.<\/p>\n<p>O, n\u00fcmun\u0259 kimi \u0130srail-H\u018fMAS m\u00fcnaqi\u015f\u0259sini d\u0259 g\u00f6st\u0259rib.<\/p>\n<p>Ekspert vur\u011fulay\u0131b ki, \u0130kinci Qaraba\u011f m\u00fcharib\u0259si zaman\u0131 da Q\u0259rb d\u00f6vl\u0259tl\u0259ri bu yana\u015fmadan \u00e7\u0131x\u0131\u015f edibl\u0259r.<\/p>\n<p>X.T.\u018fkr\u0259m qeyd edib ki, AB\u015e v\u0259 dig\u0259r Q\u0259rb d\u00f6vl\u0259tl\u0259ri ard\u0131c\u0131l olaraq Erm\u0259nistan\u0131 d\u0259st\u0259kl\u0259yib, onu silahla t\u0259min edib: \u201cOtuz ild\u0259n art\u0131q davam ed\u0259n m\u00fcnaqi\u015f\u0259 v\u0259 \u00e7oxsayl\u0131 qanl\u0131 d\u00f6y\u00fc\u015fl\u0259rd\u0259n sonra Az\u0259rbaycan Erm\u0259nistan t\u0259r\u0259find\u0259n i\u015f\u011fal olunmu\u015f Qaraba\u011f\u0131 u\u011furla geri qaytar\u0131b. N\u0259tic\u0259d\u0259 Az\u0259rbaycan\u0131n q\u0259l\u0259b\u0259si t\u0259kc\u0259 Erm\u0259nistan qo\u015funlar\u0131n\u0131n m\u0259\u011flubiyy\u0259ti deyil, h\u0259m d\u0259 \u0259dal\u0259tin t\u0259nt\u0259n\u0259si dem\u0259k idi. Bu, m\u00fcnaqi\u015f\u0259d\u0259 Erm\u0259nistan\u0131 d\u0259st\u0259kl\u0259y\u0259n \u00f6lk\u0259l\u0259r\u0259 d\u0259 ciddi z\u0259rb\u0259 vurdu\u201d.<\/p>\n","protected":false},"excerpt":{"rendered":"<p>\u201cS\u00f6hb\u0259t m\u00fcs\u0259lmanlardan v\u0259 m\u00fcs\u0259lmanlar\u0131n \u00e7oxluq t\u0259\u015fkil etdiyi \u00f6lk\u0259l\u0259rd\u0259n gedirs\u0259, Q\u0259rb medias\u0131 ikili standartlar siyas\u0259tin\u0259 sadiqdir\u201d. Bunu\u00a0\u201cReport\u201da a\u00e7\u0131qlamas\u0131nda pakistanl\u0131 beyn\u0259lxalq \u0259laq\u0259l\u0259r \u00fczr\u0259 analitik Xalid Taymur \u018fkr\u0259m deyib. Onun fikrinc\u0259, bu ona g\u00f6r\u0259dir ki, Q\u0259rb \u00f6lk\u0259l\u0259rind\u0259ki h\u00f6kum\u0259tl\u0259r q\u0259r\u0259zsizliy\u0259 deyil, \u00f6z strateji maraqlar\u0131na v\u0259 m\u00fctt\u0259fiqlikl\u0259rin\u0259 \u00fcst\u00fcnl\u00fck verirl\u0259r. O, n\u00fcmun\u0259 kimi \u0130srail-H\u018fMAS m\u00fcnaqi\u015f\u0259sini d\u0259 g\u00f6st\u0259rib. Ekspert vur\u011fulay\u0131b ki, \u0130kinci Qaraba\u011f m\u00fcharib\u0259si zaman\u0131 da Q\u0259rb d\u00f6vl\u0259tl\u0259ri bu yana\u015fmadan \u00e7\u0131x\u0131\u015f edibl\u0259r. X.T.\u018fkr\u0259m qeyd edib ki, AB\u015e v\u0259 dig\u0259r Q\u0259rb d\u00f6vl\u0259tl\u0259ri ard\u0131c\u0131l olaraq Erm\u0259nistan\u0131 d\u0259st\u0259kl\u0259yib, onu silahla t\u0259min edib: \u201cOtuz ild\u0259n art\u0131q davam ed\u0259n m\u00fcnaqi\u015f\u0259 v\u0259 \u00e7oxsayl\u0131&hellip;<\/p>\n","protected":false},"author":2,"featured_media":656859,"comment_status":"closed","ping_status":"closed","sticky":false,"template":"","format":"standard","meta":{"om_disable_all_campaigns":false,"_monsterinsights_skip_tracking":false,"_monsterinsights_sitenote_active":false,"_monsterinsights_sitenote_note":"","_monsterinsights_sitenote_category":0},"categories":[4],"tags":[],"aioseo_notices":[],"gutentor_comment":0,"rttpg_featured_image_url":{"full":["https:\/\/arantv.az\/wp-content\/uploads\/2023\/11\/3-4.jpg",620,413,false],"landscape":["https:\/\/arantv.az\/wp-content\/uploads\/2023\/11\/3-4.jpg",620,413,false],"portraits":["https:\/\/arantv.az\/wp-content\/uploads\/2023\/11\/3-4.jpg",620,413,false],"thumbnail":["https:\/\/arantv.az\/wp-content\/uploads\/2023\/11\/3-4-500x280.jpg",500,280,true],"medium":["https:\/\/arantv.az\/wp-content\/uploads\/2023\/11\/3-4-548x365.jpg",548,365,true],"large":["https:\/\/arantv.az\/wp-content\/uploads\/2023\/11\/3-4.jpg",620,413,false],"1536x1536":["https:\/\/arantv.az\/wp-content\/uploads\/2023\/11\/3-4.jpg",620,413,false],"2048x2048":["https:\/\/arantv.az\/wp-content\/uploads\/2023\/11\/3-4.jpg",620,413,false],"post-thumbnail":["https:\/\/arantv.az\/wp-content\/uploads\/2023\/11\/3-4-240x172.jpg",240,172,true],"advps-thumb-one":["https:\/\/arantv.az\/wp-content\/uploads\/2023\/11\/3-4.jpg",620,413,false]},"rttpg_author":{"display_name":"V\u00fcsal Rafiqo\u011flu","author_link":"https:\/\/arantv.az\/?author=2"},"rttpg_comment":0,"rttpg_category":"<a href=\"https:\/\/arantv.az\/?cat=4\" rel=\"category\">Siyas\u0259t<\/a>","rttpg_excerpt":"\u201cS\u00f6hb\u0259t m\u00fcs\u0259lmanlardan v\u0259 m\u00fcs\u0259lmanlar\u0131n \u00e7oxluq t\u0259\u015fkil etdiyi \u00f6lk\u0259l\u0259rd\u0259n gedirs\u0259, Q\u0259rb medias\u0131 ikili standartlar siyas\u0259tin\u0259 sadiqdir\u201d. Bunu\u00a0\u201cReport\u201da a\u00e7\u0131qlamas\u0131nda pakistanl\u0131 beyn\u0259lxalq \u0259laq\u0259l\u0259r \u00fczr\u0259 analitik Xalid Taymur \u018fkr\u0259m deyib. Onun fikrinc\u0259, bu ona g\u00f6r\u0259dir ki, Q\u0259rb \u00f6lk\u0259l\u0259rind\u0259ki h\u00f6kum\u0259tl\u0259r q\u0259r\u0259zsizliy\u0259 deyil, \u00f6z strateji maraqlar\u0131na v\u0259 m\u00fctt\u0259fiqlikl\u0259rin\u0259 \u00fcst\u00fcnl\u00fck verirl\u0259r. O, n\u00fcmun\u0259 kimi \u0130srail-H\u018fMAS m\u00fcnaqi\u015f\u0259sini d\u0259 g\u00f6st\u0259rib. Ekspert vur\u011fulay\u0131b ki, \u0130kinci&hellip;","_links":{"self":[{"href":"https:\/\/arantv.az\/index.php?rest_route=\/wp\/v2\/posts\/656858"}],"collection":[{"href":"https:\/\/arantv.az\/index.php?rest_route=\/wp\/v2\/posts"}],"about":[{"href":"https:\/\/arantv.az\/index.php?rest_route=\/wp\/v2\/types\/post"}],"author":[{"embeddable":true,"href":"https:\/\/arantv.az\/index.php?rest_route=\/wp\/v2\/users\/2"}],"replies":[{"embeddable":true,"href":"https:\/\/arantv.az\/index.php?rest_route=%2Fwp%2Fv2%2Fcomments&post=656858"}],"version-history":[{"count":0,"href":"https:\/\/arantv.az\/index.php?rest_route=\/wp\/v2\/posts\/656858\/revisions"}],"wp:featuredmedia":[{"embeddable":true,"href":"https:\/\/arantv.az\/index.php?rest_route=\/wp\/v2\/media\/656859"}],"wp:attachment":[{"href":"https:\/\/arantv.az\/index.php?rest_route=%2Fwp%2Fv2%2Fmedia&parent=656858"}],"wp:term":[{"taxonomy":"category","embeddable":true,"href":"https:\/\/arantv.az\/index.php?rest_route=%2Fwp%2Fv2%2Fcategories&post=656858"},{"taxonomy":"post_tag","embeddable":true,"href":"https:\/\/arantv.az\/index.php?rest_route=%2Fwp%2Fv2%2Ftags&post=656858"}],"curies":[{"name":"wp","href":"https:\/\/api.w.org\/{rel}","templated":true}]}}