{"id":656906,"date":"2023-11-16T09:56:18","date_gmt":"2023-11-16T05:56:18","guid":{"rendered":"https:\/\/arantv.az\/?p=656906"},"modified":"2023-11-16T09:56:18","modified_gmt":"2023-11-16T05:56:18","slug":"sabiq-m%c9%99muru-santaj-ed%c9%99n-qayini-il%c9%99-bagli-q%c9%99rar","status":"publish","type":"post","link":"https:\/\/arantv.az\/?p=656906","title":{"rendered":"Sabiq m\u0259muru \u015fantaj ed\u0259n qay\u0131n\u0131 il\u0259 ba\u011fl\u0131 Q\u018fRAR"},"content":{"rendered":"<p>Bak\u0131 Apellyasiya M\u0259hk\u0259m\u0259sind\u0259 \u201cAz\u0259rbaycan X\u0259z\u0259r D\u0259niz G\u0259mi\u00e7iliyi\u201d Qapal\u0131 S\u0259hmdar C\u0259miyy\u0259tinin ke\u00e7mi\u015f s\u0259dr m\u00fcavini Rafael R\u0259hmanovu \u015fantaj etm\u0259kd\u0259 ittiham olunan Elman Quliyevin bar\u0259sind\u0259ki h\u00f6kmd\u0259n veril\u0259n apellyasiya \u015fikay\u0259ti \u00fczr\u0259 m\u0259hk\u0259m\u0259 iclas\u0131 ba\u015fa \u00e7at\u0131b.<\/p>\n<p>Pravda.az-\u0131n \u0259ld\u0259 etdiyi m\u0259lumata g\u00f6r\u0259, hakim Mirz\u0259li Abbasovun s\u0259drliyi il\u0259 ke\u00e7iril\u0259n prosesd\u0259 q\u0259rar elan olunub.<\/p>\n<p>Q\u0259rara \u0259sas\u0259n, h\u0259r\u0259k\u0259tsiz saxlan\u0131lm\u0131\u015f i\u015fd\u0259 t\u0259yin edilmi\u015f m\u00fcdd\u0259td\u0259 t\u0259l\u0259bl\u0259r yerin\u0259 yetirilm\u0259diyind\u0259n, apellyasiya \u015fikay\u0259ti bax\u0131lmam\u0131\u015f saxlan\u0131l\u0131b.<\/p>\n<p>Bak\u0131 A\u011f\u0131r Cinay\u0259tl\u0259r M\u0259hk\u0259m\u0259sinin h\u00f6km\u00fc il\u0259 Elman Quliyev 10 il azadl\u0131qdan m\u0259hrum edilib.<\/p>\n<p>Qeyd: Elman Quliyev z\u0259r\u0259r\u00e7\u0259kmi\u015f Rafael R\u0259hmanovun ke\u00e7mi\u015f qay\u0131n\u0131 olub. \u0130ttihamda deyilir ki, Elman Quliyev z\u0259r\u0259r\u00e7\u0259kmi\u015f \u015f\u0259xs\u0259 h\u0259d\u0259-qorxu g\u0259l\u0259r\u0259k 100 000 manat t\u0259l\u0259b edib.<\/p>\n<p>Ona qar\u015f\u0131 Cinay\u0259t M\u0259c\u0259ll\u0259sinin 182-ci (h\u0259d\u0259-qorxu il\u0259 pul t\u0259l\u0259b etm\u0259) madd\u0259si il\u0259 ittiham ir\u0259li s\u00fcr\u00fcl\u00fcb.<\/p>\n<p>Qeyd ed\u0259k ki, Rafael R\u0259hmanov \u201cAz\u0259rbaycan X\u0259z\u0259r D\u0259niz G\u0259mi\u00e7iliyi\u201dnin ke\u00e7mi\u015f r\u0259isi Ayd\u0131n B\u0259\u015firovun d\u00f6vr\u00fcnd\u0259 onun m\u00fcavini olub.<\/p>\n","protected":false},"excerpt":{"rendered":"<p>Bak\u0131 Apellyasiya M\u0259hk\u0259m\u0259sind\u0259 \u201cAz\u0259rbaycan X\u0259z\u0259r D\u0259niz G\u0259mi\u00e7iliyi\u201d Qapal\u0131 S\u0259hmdar C\u0259miyy\u0259tinin ke\u00e7mi\u015f s\u0259dr m\u00fcavini Rafael R\u0259hmanovu \u015fantaj etm\u0259kd\u0259 ittiham olunan Elman Quliyevin bar\u0259sind\u0259ki h\u00f6kmd\u0259n veril\u0259n apellyasiya \u015fikay\u0259ti \u00fczr\u0259 m\u0259hk\u0259m\u0259 iclas\u0131 ba\u015fa \u00e7at\u0131b. Pravda.az-\u0131n \u0259ld\u0259 etdiyi m\u0259lumata g\u00f6r\u0259, hakim Mirz\u0259li Abbasovun s\u0259drliyi il\u0259 ke\u00e7iril\u0259n prosesd\u0259 q\u0259rar elan olunub. Q\u0259rara \u0259sas\u0259n, h\u0259r\u0259k\u0259tsiz saxlan\u0131lm\u0131\u015f i\u015fd\u0259 t\u0259yin edilmi\u015f m\u00fcdd\u0259td\u0259 t\u0259l\u0259bl\u0259r yerin\u0259 yetirilm\u0259diyind\u0259n, apellyasiya \u015fikay\u0259ti bax\u0131lmam\u0131\u015f saxlan\u0131l\u0131b. Bak\u0131 A\u011f\u0131r Cinay\u0259tl\u0259r M\u0259hk\u0259m\u0259sinin h\u00f6km\u00fc il\u0259 Elman Quliyev 10 il azadl\u0131qdan m\u0259hrum edilib. Qeyd: Elman Quliyev z\u0259r\u0259r\u00e7\u0259kmi\u015f Rafael R\u0259hmanovun ke\u00e7mi\u015f qay\u0131n\u0131 olub. \u0130ttihamda deyilir ki, Elman Quliyev z\u0259r\u0259r\u00e7\u0259kmi\u015f \u015f\u0259xs\u0259&hellip;<\/p>\n","protected":false},"author":2,"featured_media":656907,"comment_status":"closed","ping_status":"closed","sticky":false,"template":"","format":"standard","meta":{"om_disable_all_campaigns":false,"_monsterinsights_skip_tracking":false,"_monsterinsights_sitenote_active":false,"_monsterinsights_sitenote_note":"","_monsterinsights_sitenote_category":0},"categories":[5],"tags":[],"aioseo_notices":[],"gutentor_comment":0,"rttpg_featured_image_url":{"full":["https:\/\/arantv.az\/wp-content\/uploads\/2023\/11\/memur5.jpg",620,413,false],"landscape":["https:\/\/arantv.az\/wp-content\/uploads\/2023\/11\/memur5.jpg",620,413,false],"portraits":["https:\/\/arantv.az\/wp-content\/uploads\/2023\/11\/memur5.jpg",620,413,false],"thumbnail":["https:\/\/arantv.az\/wp-content\/uploads\/2023\/11\/memur5-500x280.jpg",500,280,true],"medium":["https:\/\/arantv.az\/wp-content\/uploads\/2023\/11\/memur5-548x365.jpg",548,365,true],"large":["https:\/\/arantv.az\/wp-content\/uploads\/2023\/11\/memur5.jpg",620,413,false],"1536x1536":["https:\/\/arantv.az\/wp-content\/uploads\/2023\/11\/memur5.jpg",620,413,false],"2048x2048":["https:\/\/arantv.az\/wp-content\/uploads\/2023\/11\/memur5.jpg",620,413,false],"post-thumbnail":["https:\/\/arantv.az\/wp-content\/uploads\/2023\/11\/memur5-240x172.jpg",240,172,true],"advps-thumb-one":["https:\/\/arantv.az\/wp-content\/uploads\/2023\/11\/memur5.jpg",620,413,false]},"rttpg_author":{"display_name":"V\u00fcsal Rafiqo\u011flu","author_link":"https:\/\/arantv.az\/?author=2"},"rttpg_comment":0,"rttpg_category":"<a href=\"https:\/\/arantv.az\/?cat=5\" rel=\"category\">Hadis\u0259<\/a>","rttpg_excerpt":"Bak\u0131 Apellyasiya M\u0259hk\u0259m\u0259sind\u0259 \u201cAz\u0259rbaycan X\u0259z\u0259r D\u0259niz G\u0259mi\u00e7iliyi\u201d Qapal\u0131 S\u0259hmdar C\u0259miyy\u0259tinin ke\u00e7mi\u015f s\u0259dr m\u00fcavini Rafael R\u0259hmanovu \u015fantaj etm\u0259kd\u0259 ittiham olunan Elman Quliyevin bar\u0259sind\u0259ki h\u00f6kmd\u0259n veril\u0259n apellyasiya \u015fikay\u0259ti \u00fczr\u0259 m\u0259hk\u0259m\u0259 iclas\u0131 ba\u015fa \u00e7at\u0131b. Pravda.az-\u0131n \u0259ld\u0259 etdiyi m\u0259lumata g\u00f6r\u0259, hakim Mirz\u0259li Abbasovun s\u0259drliyi il\u0259 ke\u00e7iril\u0259n prosesd\u0259 q\u0259rar elan olunub. Q\u0259rara \u0259sas\u0259n, h\u0259r\u0259k\u0259tsiz saxlan\u0131lm\u0131\u015f i\u015fd\u0259 t\u0259yin edilmi\u015f m\u00fcdd\u0259td\u0259 t\u0259l\u0259bl\u0259r&hellip;","_links":{"self":[{"href":"https:\/\/arantv.az\/index.php?rest_route=\/wp\/v2\/posts\/656906"}],"collection":[{"href":"https:\/\/arantv.az\/index.php?rest_route=\/wp\/v2\/posts"}],"about":[{"href":"https:\/\/arantv.az\/index.php?rest_route=\/wp\/v2\/types\/post"}],"author":[{"embeddable":true,"href":"https:\/\/arantv.az\/index.php?rest_route=\/wp\/v2\/users\/2"}],"replies":[{"embeddable":true,"href":"https:\/\/arantv.az\/index.php?rest_route=%2Fwp%2Fv2%2Fcomments&post=656906"}],"version-history":[{"count":0,"href":"https:\/\/arantv.az\/index.php?rest_route=\/wp\/v2\/posts\/656906\/revisions"}],"wp:featuredmedia":[{"embeddable":true,"href":"https:\/\/arantv.az\/index.php?rest_route=\/wp\/v2\/media\/656907"}],"wp:attachment":[{"href":"https:\/\/arantv.az\/index.php?rest_route=%2Fwp%2Fv2%2Fmedia&parent=656906"}],"wp:term":[{"taxonomy":"category","embeddable":true,"href":"https:\/\/arantv.az\/index.php?rest_route=%2Fwp%2Fv2%2Fcategories&post=656906"},{"taxonomy":"post_tag","embeddable":true,"href":"https:\/\/arantv.az\/index.php?rest_route=%2Fwp%2Fv2%2Ftags&post=656906"}],"curies":[{"name":"wp","href":"https:\/\/api.w.org\/{rel}","templated":true}]}}