{"id":656909,"date":"2023-11-16T09:58:18","date_gmt":"2023-11-16T05:58:18","guid":{"rendered":"https:\/\/arantv.az\/?p=656909"},"modified":"2023-11-16T09:58:18","modified_gmt":"2023-11-16T05:58:18","slug":"avropanin-xamilyon-siyas%c9%99tcil%c9%99ri","status":"publish","type":"post","link":"https:\/\/arantv.az\/?p=656909","title":{"rendered":"Avropan\u0131n xamilyon siyas\u0259t\u00e7il\u0259ri&#8230;"},"content":{"rendered":"<p>V\u0259zif\u0259si xalqlar\u0131n haqq\u0131n\u0131-h\u00fcququnu qorumaqdan ibar\u0259t olan Avropa \u0130ttifaq\u0131 \u0259ksin\u0259 m\u00f6vqe tutaraq r\u0259ngini d\u0259yi\u015f\u0259n buq\u0259l\u0259muna \u00e7evrilib.\u00a0 Fransan\u0131n \u0259lind\u0259 oyunca\u011fa \u00e7evrilmi\u015f bu beyn\u0259lxalq t\u0259\u015fkilat noyabr\u0131n 14-d\u0259\u00a0 n\u00f6vb\u0259ti d\u0259f\u0259 r\u0259smi Bak\u0131n\u0131n i\u015ftirak\u0131 olmadan Az\u0259rbaycan-Erm\u0259nistan m\u00fcnasib\u0259tl\u0259rini m\u00fczakir\u0259y\u0259 \u00e7\u0131xard\u0131 v\u0259 beyn\u0259lxalq h\u00fcquqa v\u0259 siyasi etik normalara zidd f\u0259aliyy\u0259td\u0259n \u0259l \u00e7\u0259km\u0259diyini n\u00fcmayi\u015f etdirdi&#8230;<\/p>\n<p>Erm\u0259nistan\u0131n xarici i\u015fl\u0259r naziri Ararat Mirzoyan da h\u0259min t\u0259dbir\u0259 d\u0259v\u0259t edilmi\u015fdi. Az\u0259rbaycan\u0131 is\u0259 qurumun toplant\u0131s\u0131nda he\u00e7 kim t\u0259msil etm\u0259di. Y\u0259ni, n\u00f6vb\u0259ti d\u0259f\u0259 r\u0259smi Bak\u0131n\u0131n i\u015ftirak\u0131 olmadan Erm\u0259nistan-Az\u0259rbaycan m\u00fcnasib\u0259tl\u0259ri m\u00fczakir\u0259 olundu. Halbuki, iclasa simvolik balans xatirin\u0259 olsa da Az\u0259rbaycan Xarici \u0130\u015fl\u0259r Naziriliyinin r\u0259smisini d\u0259 d\u0259v\u0259t ed\u0259, Bak\u0131n\u0131n m\u00f6vqeyini dinl\u0259y\u0259 bil\u0259rdil\u0259r. Ancaq q\u0259r\u0259z onlara bunu etm\u0259y\u0259 imkan verm\u0259di. Bel\u0259c\u0259, \u00f6z\u00fcn\u00fc neytral vasit\u0259\u00e7i kimi q\u0259l\u0259m\u0259 verm\u0259y\u0259 \u00e7al\u0131\u015fan Avropa \u0130ttifaq\u0131 Erm\u0259nistan siyas\u0259tinin yed\u0259yind\u0259 getm\u0259y\u0259 davam edir. Bak\u0131ya qar\u015f\u0131 \u201ct\u0259k qap\u0131l\u0131\u201d oyunlarla, bitm\u0259y\u0259n \u015f\u0259r v\u0259 yalan ritorikas\u0131 il\u0259, destruktiv g\u00fcnd\u0259ml\u0259 k\u00f6vr\u0259k s\u00fclh prosesini baltalay\u0131r, erm\u0259ni revan\u015fist q\u00fcvv\u0259l\u0259rin \u0259lalt\u0131s\u0131na \u00e7evrilir. Bu c\u00fcr m\u00fczakir\u0259l\u0259r \u0259lb\u0259tt\u0259 ki, regionda s\u00fclh \u00fc\u00e7\u00fcn yax\u015f\u0131 he\u00e7 n\u0259 v\u0259d etmir. \u018fksin\u0259, Br\u00fcssel\u0259 qar\u015f\u0131 etimads\u0131zl\u0131\u011f\u0131 getdikc\u0259 g\u00fccl\u0259ndirir. Onlar\u0131n ard\u0131-aras\u0131 k\u0259silm\u0259y\u0259n h\u00fccumlar\u0131 tarixd\u0259 l\u0259n\u0259tl\u0259 xat\u0131rlanan Orta \u0259srl\u0259rd\u0259 xa\u00e7l\u0131lar\u0131n b\u0259dnam &#8220;s\u0259lib y\u00fcr\u00fc\u015fl\u0259rin\u0259&#8221; b\u0259nz\u0259yir. T\u0259kc\u0259 zaman\u00a0 v\u0259 m\u0259kan d\u0259yi\u015fib.<\/p>\n<p>Az\u0259rbaycan\u0131n i\u015ftirak\u0131 olmadan onunla ba\u011fl\u0131 h\u0259r hans\u0131 bir m\u0259s\u0259l\u0259nin m\u00fczakir\u0259 edilm\u0259si, x\u00fcsusil\u0259 d\u0259 Erm\u0259nistan-Az\u0259rbaycan m\u00fcnasib\u0259tl\u0259ri il\u0259 ba\u011fl\u0131 m\u0259s\u0259l\u0259l\u0259rin m\u00fczakir\u0259si v\u0259 bununla \u0259laq\u0259dar n\u0259tic\u0259 \u00e7\u0131xar\u0131lmas\u0131 beyn\u0259lxalq h\u00fcquqa, siyasi etik normalara v\u0259 adi m\u0259ntiq\u0259 bel\u0259 ziddir. Bu, h\u0259min t\u0259\u015fkilatlar\u0131n qeyri-ciddiliyind\u0259n x\u0259b\u0259r verir. \u018fg\u0259r bir d\u00f6vl\u0259tin i\u015ftirak\u0131 olmadan onunla \u0259laq\u0259dar h\u0259r hans\u0131 bir m\u0259s\u0259l\u0259 m\u00fczakir\u0259 edilirs\u0259, bu, m\u00fczakir\u0259ni aparan t\u0259r\u0259fin t\u0259r\u0259f tutmas\u0131n\u0131n, q\u0259r\u0259zinin, qeyri-ciddiliyinin g\u00f6st\u0259ricisidir. B\u0259y\u0259m Az\u0259rbaycan onlar\u0131 \u00f6z\u00fcn\u0259 v\u0259kil edib? Xeyr! Az\u0259rbaycan\u0131n Br\u00fcssel format\u0131na d\u0259st\u0259yi h\u0259mi\u015f\u0259 olub. Prezident \u0130lham \u018fliyev bununla ba\u011fl\u0131 d\u0259f\u0259l\u0259rl\u0259 \u00f6z m\u00f6vqeyini bildirib. \u00c7exiyan\u0131n paytaxt\u0131 Praqa \u015f\u0259h\u0259rind\u0259 &#8220;Avropa Siyasi Birliyi&#8221;nin Zirv\u0259 toplant\u0131s\u0131 \u00e7\u0259r\u00e7iv\u0259sind\u0259 ke\u00e7iril\u0259nd\u0259n sonra Prezident \u0130lham \u018fliyev m\u0259tbuat \u00fc\u00e7\u00fcn a\u00e7\u0131qlama verdi v\u0259 Az\u0259rbaycan\u0131n Br\u00fcssel format\u0131na d\u0259st\u0259yini n\u00fcmayi\u015f etdirdi. Amma t\u0259\u0259ss\u00fcfl\u0259r olsun ki, h\u0259min o Br\u00fcssel format\u0131n\u0131 sonradan Fransa v\u0259 dig\u0259r erm\u0259nip\u0259r\u0259st q\u00fcvv\u0259l\u0259r f\u0259rqli m\u0259craya y\u00f6n\u0259ltdil\u0259r v\u0259 ke\u00e7mi\u015f Minsk qrupuna ox\u015far formata salma\u011fa \u00e7al\u0131\u015fd\u0131lar. \u018fvv\u0259lc\u0259 Fransan\u0131 g\u00f6r\u00fc\u015f\u0259 d\u0259v\u0259t etdil\u0259r, sonra Almaniyan\u0131. Az\u0259rbaycan h\u0259r d\u0259f\u0259 deyirdi ki, bizim \u00fc\u00e7\u00fcn bu, Br\u00fcssel format\u0131n\u0131n alternativi deyil. Amma onlar buna Br\u00fcssel format\u0131n\u0131n alternativi kimi bax\u0131rd\u0131lar. Az\u0259rbaycan 5 oktyabrda Qranadada g\u00f6r\u00fc\u015f ke\u00e7irilm\u0259zd\u0259n \u00f6nc\u0259 T\u00fcrkiy\u0259nin prosesd\u0259 i\u015ftirak\u0131n\u0131n t\u0259min olunmas\u0131n\u0131 t\u0259l\u0259b etdi. Lakin bu, onlara s\u0259rf etm\u0259diyi \u00fc\u00e7\u00fcn t\u0259klifi n\u0259z\u0259r\u0259 almad\u0131lar.<\/p>\n<p>Biz biz\u0259 nec\u0259 yana\u015fmalar\u0131ndan as\u0131l\u0131 olmayaraq qar\u015f\u0131ya qoydu\u011fumuz h\u0259d\u0259fl\u0259rimiz\u0259 add\u0131m-add\u0131m nail oluruq. \u018fg\u0259r xarici i\u015fl\u0259r nazirimiz qar\u015f\u0131dak\u0131 g\u00f6r\u00fc\u015f\u0259 d\u0259 d\u0259v\u0259t edilm\u0259y\u0259c\u0259ks\u0259 v\u0259 Az\u0259rbaycan\u0131n i\u015ftirak\u0131 olmadan m\u00fczakir\u0259 apar\u0131lacaqsa, hans\u0131sa s\u0259n\u0259d q\u0259bul edil\u0259c\u0259ks\u0259, bu, Az\u0259rbaycan \u00fc\u00e7\u00fcn adi ka\u011f\u0131z par\u00e7as\u0131ndan ba\u015fqa he\u00e7 bir \u0259h\u0259miyy\u0259t da\u015f\u0131mayacaq. Az\u0259rbaycan\u0131n i\u015ftirak etm\u0259diyi, Az\u0259rbaycan\u0131n imzalamad\u0131\u011f\u0131 s\u0259n\u0259dl\u0259rin \u00f6lk\u0259miz \u00fc\u00e7\u00fcn he\u00e7 bir \u0259h\u0259miyy\u0259ti yoxdur. Az\u0259rbaycana qar\u015f\u0131 bel\u0259 h\u0259ml\u0259l\u0259r n\u0259 q\u0259d\u0259r davam ets\u0259 d\u0259 onu haqq yolundan d\u00f6nd\u0259r\u0259 bilm\u0259z. Gec-tez h\u0259r k\u0259s Az\u0259rbaycan\u0131n regionda yaratd\u0131\u011f\u0131 yeni reall\u0131qlar\u0131 q\u0259bul ed\u0259c\u0259k.<\/p>\n<p>Avropa \u0130ttifaq\u0131n\u0131n bel\u0259 siyasi m\u0259d\u0259niyy\u0259tsizliyin\u0259 qar\u015f\u0131 olan t\u0259dbir is\u0259 onun s\u0259viyy\u0259siz h\u0259r\u0259k\u0259tl\u0259rin\u0259 bir z\u0259rb\u0259 oldu. Bel\u0259 ki, el\u0259 h\u0259min g\u00fcn, y\u0259ni, noyabr\u0131n 14-d\u0259 BMT-nin \u0130nsan H\u00fcquqlar\u0131 \u015euras\u0131n\u0131n (\u0130H\u015e) Universal D\u00f6vri \u0130cmal (UD\u0130) \u00fczr\u0259 \u0130\u015f\u00e7i Qrupunun 44-c\u00fc sessiyas\u0131 \u00e7\u0259r\u00e7iv\u0259sind\u0259 Az\u0259rbaycan Respublikas\u0131n\u0131n 4-c\u00fc d\u00f6vri m\u0259ruz\u0259si n\u0259z\u0259rd\u0259n ke\u00e7irildi. T\u0259dbird\u0259 \u00f6lk\u0259mizi xarici i\u015fl\u0259r nazirinin m\u00fcavini Samir \u015e\u0259rifovun r\u0259hb\u0259rlik etdiyi n\u00fcmay\u0259nd\u0259 hey\u0259ti t\u0259msil etdi.<\/p>\n<p>Qeyd ed\u0259k ki, be\u015f ild\u0259n bir ke\u00e7iril\u0259n UD\u0130 bax\u0131\u015f\u0131 zaman\u0131 insan h\u00fcquqlar\u0131n\u0131n qorunmas\u0131 sah\u0259sind\u0259 beyn\u0259lxalq \u00f6hd\u0259likl\u0259rin BMT \u00fczv d\u00f6vl\u0259ti t\u0259r\u0259find\u0259n icras\u0131 v\u0259ziyy\u0259ti qiym\u0259tl\u0259ndirilir v\u0259 dig\u0259r d\u00f6vl\u0259tl\u0259r t\u0259r\u0259find\u0259n m\u0259ruz\u0259si dinl\u0259nil\u0259n d\u00f6vl\u0259t\u0259 m\u00fcvafiq istiqam\u0259tl\u0259rd\u0259 t\u00f6vsiy\u0259l\u0259r verilir.<\/p>\n<p>Nazir m\u00fcavini d\u00f6vri m\u0259ruz\u0259 \u00e7\u0259r\u00e7iv\u0259sind\u0259 \u00e7\u0131x\u0131\u015f ed\u0259r\u0259k, \u00f6lk\u0259mizd\u0259 h\u0259yata ke\u00e7iril\u0259n i\u015fl\u0259r, beyn\u0259lxalq insan h\u00fcquqlar\u0131 mexanizml\u0259ri \u00e7\u0259r\u00e7iv\u0259sind\u0259 \u0259m\u0259kda\u015fl\u0131q, B\u00f6y\u00fck Qay\u0131d\u0131\u015f\u00a0 Proqram\u0131, Erm\u0259nistan\u0131n t\u0259cav\u00fcz\u00fc n\u0259tic\u0259sind\u0259 yaranm\u0131\u015f qa\u00e7q\u0131n v\u0259 m\u0259cburi k\u00f6\u00e7k\u00fcn problemi, az\u0259rbaycanl\u0131lar\u0131n h\u00fcquqlar\u0131n\u0131 pozulmas\u0131 fakrlar\u0131, itkin d\u00fc\u015fm\u00fc\u015f \u015f\u0259xsl\u0259r m\u0259s\u0259l\u0259si v\u0259 s. il\u0259 ba\u011fl\u0131 \u0259trafl\u0131 m\u0259lumat t\u0259qdim etdi.<\/p>\n<p>Az\u0259rbaycan \u00fczr\u0259 UD\u0130 bax\u0131\u015f\u0131 \u00e7\u0259r\u00e7iv\u0259sind\u0259 BMT-nin 120-y\u0259 yax\u0131n \u00fczv d\u00f6vl\u0259tinin n\u00fcmay\u0259nd\u0259l\u0259ri \u00e7\u0131x\u0131\u015f ed\u0259r\u0259k \u00f6lk\u0259mizd\u0259 insan h\u00fcquqlar\u0131n\u0131n v\u0259ziyy\u0259tin\u0259 dair \u00f6z t\u00f6vsiy\u0259l\u0259rini t\u0259qdim etdil\u0259r.<\/p>\n<p>\u00dczv \u00f6lk\u0259l\u0259rin b\u00f6y\u00fck \u0259ks\u0259riyy\u0259ti Az\u0259rbaycanda insan h\u00fcquqlar\u0131 sah\u0259sind\u0259 h\u0259yata ke\u00e7iril\u0259n islahatlar\u0131 y\u00fcks\u0259k qiym\u0259tl\u0259ndirdil\u0259r v\u0259 bu sah\u0259d\u0259 m\u00fcsb\u0259t dinamikan\u0131n davam etdirilm\u0259si t\u00f6vsiy\u0259 olundu.<\/p>\n<p>\u00c7\u0131x\u0131\u015f ed\u0259nl\u0259rin \u0259ks\u0259ri \u00f6lk\u0259mizd\u0259 m\u00fclki, iqtisadi v\u0259 m\u0259d\u0259ni h\u00fcquqlar\u0131n qorunmas\u0131, dayan\u0131ql\u0131 iqtisadi v\u0259 sosial inki\u015faf\u0131n t\u0259min edilm\u0259si, \u0259halinin h\u0259yat s\u0259viyy\u0259sinin daha da yax\u015f\u0131la\u015fd\u0131r\u0131lmas\u0131, el\u0259c\u0259 d\u0259 ictimai xidm\u0259tl\u0259rin g\u00f6st\u0259rilm\u0259sind\u0259 informasiya texnologiylar\u0131ndan istifad\u0259sini t\u0259qdir etdil\u0259r. \u0130clasda Az\u0259rbaycan\u0131n multikulturalizm modelinin, m\u0259d\u0259niyy\u0259tl\u0259raras\u0131 v\u0259 dinl\u0259raras\u0131 dialoqun t\u0259\u015fviqi sah\u0259sind\u0259 \u0259h\u0259miyy\u0259tli rolu vur\u011fuland\u0131. Az\u0259rbaycan Qo\u015fulmama H\u0259r\u0259kat\u0131na f\u0259al s\u0259drlik etdiyi \u00fc\u00e7\u00fcn alq\u0131\u015fland\u0131. Bu alq\u0131\u015flar \u0259lb\u0259tt\u0259, d\u00fc\u015fm\u0259nl\u0259rimizin v\u0259 b\u0259dxahlar\u0131m\u0131z\u0131n qulaqlar\u0131nda bomba kimi partlad\u0131. Olsun, \u00f6zl\u0259ri qazan\u0131blar!<\/p>\n","protected":false},"excerpt":{"rendered":"<p>V\u0259zif\u0259si xalqlar\u0131n haqq\u0131n\u0131-h\u00fcququnu qorumaqdan ibar\u0259t olan Avropa \u0130ttifaq\u0131 \u0259ksin\u0259 m\u00f6vqe tutaraq r\u0259ngini d\u0259yi\u015f\u0259n buq\u0259l\u0259muna \u00e7evrilib.\u00a0 Fransan\u0131n \u0259lind\u0259 oyunca\u011fa \u00e7evrilmi\u015f bu beyn\u0259lxalq t\u0259\u015fkilat noyabr\u0131n 14-d\u0259\u00a0 n\u00f6vb\u0259ti d\u0259f\u0259 r\u0259smi Bak\u0131n\u0131n i\u015ftirak\u0131 olmadan Az\u0259rbaycan-Erm\u0259nistan m\u00fcnasib\u0259tl\u0259rini m\u00fczakir\u0259y\u0259 \u00e7\u0131xard\u0131 v\u0259 beyn\u0259lxalq h\u00fcquqa v\u0259 siyasi etik normalara zidd f\u0259aliyy\u0259td\u0259n \u0259l \u00e7\u0259km\u0259diyini n\u00fcmayi\u015f etdirdi&#8230; Erm\u0259nistan\u0131n xarici i\u015fl\u0259r naziri Ararat Mirzoyan da h\u0259min t\u0259dbir\u0259 d\u0259v\u0259t edilmi\u015fdi. Az\u0259rbaycan\u0131 is\u0259 qurumun toplant\u0131s\u0131nda he\u00e7 kim t\u0259msil etm\u0259di. Y\u0259ni, n\u00f6vb\u0259ti d\u0259f\u0259 r\u0259smi Bak\u0131n\u0131n i\u015ftirak\u0131 olmadan Erm\u0259nistan-Az\u0259rbaycan m\u00fcnasib\u0259tl\u0259ri m\u00fczakir\u0259 olundu. Halbuki, iclasa simvolik balans xatirin\u0259 olsa da Az\u0259rbaycan Xarici \u0130\u015fl\u0259r Naziriliyinin r\u0259smisini d\u0259&hellip;<\/p>\n","protected":false},"author":2,"featured_media":656910,"comment_status":"closed","ping_status":"closed","sticky":false,"template":"","format":"standard","meta":{"om_disable_all_campaigns":false,"_monsterinsights_skip_tracking":false,"_monsterinsights_sitenote_active":false,"_monsterinsights_sitenote_note":"","_monsterinsights_sitenote_category":0},"categories":[19],"tags":[],"aioseo_notices":[],"gutentor_comment":0,"rttpg_featured_image_url":{"full":["https:\/\/arantv.az\/wp-content\/uploads\/2023\/11\/bf5a1d90161390727681686457810189354.jpg",975,540,false],"landscape":["https:\/\/arantv.az\/wp-content\/uploads\/2023\/11\/bf5a1d90161390727681686457810189354.jpg",975,540,false],"portraits":["https:\/\/arantv.az\/wp-content\/uploads\/2023\/11\/bf5a1d90161390727681686457810189354.jpg",975,540,false],"thumbnail":["https:\/\/arantv.az\/wp-content\/uploads\/2023\/11\/bf5a1d90161390727681686457810189354-500x280.jpg",500,280,true],"medium":["https:\/\/arantv.az\/wp-content\/uploads\/2023\/11\/bf5a1d90161390727681686457810189354-660x365.jpg",660,365,true],"large":["https:\/\/arantv.az\/wp-content\/uploads\/2023\/11\/bf5a1d90161390727681686457810189354-840x465.jpg",640,354,true],"1536x1536":["https:\/\/arantv.az\/wp-content\/uploads\/2023\/11\/bf5a1d90161390727681686457810189354.jpg",975,540,false],"2048x2048":["https:\/\/arantv.az\/wp-content\/uploads\/2023\/11\/bf5a1d90161390727681686457810189354.jpg",975,540,false],"post-thumbnail":["https:\/\/arantv.az\/wp-content\/uploads\/2023\/11\/bf5a1d90161390727681686457810189354-240x172.jpg",240,172,true],"advps-thumb-one":["https:\/\/arantv.az\/wp-content\/uploads\/2023\/11\/bf5a1d90161390727681686457810189354.jpg",975,540,false]},"rttpg_author":{"display_name":"V\u00fcsal Rafiqo\u011flu","author_link":"https:\/\/arantv.az\/?author=2"},"rttpg_comment":0,"rttpg_category":"<a href=\"https:\/\/arantv.az\/?cat=19\" rel=\"category\">G\u00fcnd\u0259m<\/a>","rttpg_excerpt":"V\u0259zif\u0259si xalqlar\u0131n haqq\u0131n\u0131-h\u00fcququnu qorumaqdan ibar\u0259t olan Avropa \u0130ttifaq\u0131 \u0259ksin\u0259 m\u00f6vqe tutaraq r\u0259ngini d\u0259yi\u015f\u0259n buq\u0259l\u0259muna \u00e7evrilib.\u00a0 Fransan\u0131n \u0259lind\u0259 oyunca\u011fa \u00e7evrilmi\u015f bu beyn\u0259lxalq t\u0259\u015fkilat noyabr\u0131n 14-d\u0259\u00a0 n\u00f6vb\u0259ti d\u0259f\u0259 r\u0259smi Bak\u0131n\u0131n i\u015ftirak\u0131 olmadan Az\u0259rbaycan-Erm\u0259nistan m\u00fcnasib\u0259tl\u0259rini m\u00fczakir\u0259y\u0259 \u00e7\u0131xard\u0131 v\u0259 beyn\u0259lxalq h\u00fcquqa v\u0259 siyasi etik normalara zidd f\u0259aliyy\u0259td\u0259n \u0259l \u00e7\u0259km\u0259diyini n\u00fcmayi\u015f etdirdi&#8230; Erm\u0259nistan\u0131n xarici i\u015fl\u0259r naziri Ararat Mirzoyan da h\u0259min&hellip;","_links":{"self":[{"href":"https:\/\/arantv.az\/index.php?rest_route=\/wp\/v2\/posts\/656909"}],"collection":[{"href":"https:\/\/arantv.az\/index.php?rest_route=\/wp\/v2\/posts"}],"about":[{"href":"https:\/\/arantv.az\/index.php?rest_route=\/wp\/v2\/types\/post"}],"author":[{"embeddable":true,"href":"https:\/\/arantv.az\/index.php?rest_route=\/wp\/v2\/users\/2"}],"replies":[{"embeddable":true,"href":"https:\/\/arantv.az\/index.php?rest_route=%2Fwp%2Fv2%2Fcomments&post=656909"}],"version-history":[{"count":0,"href":"https:\/\/arantv.az\/index.php?rest_route=\/wp\/v2\/posts\/656909\/revisions"}],"wp:featuredmedia":[{"embeddable":true,"href":"https:\/\/arantv.az\/index.php?rest_route=\/wp\/v2\/media\/656910"}],"wp:attachment":[{"href":"https:\/\/arantv.az\/index.php?rest_route=%2Fwp%2Fv2%2Fmedia&parent=656909"}],"wp:term":[{"taxonomy":"category","embeddable":true,"href":"https:\/\/arantv.az\/index.php?rest_route=%2Fwp%2Fv2%2Fcategories&post=656909"},{"taxonomy":"post_tag","embeddable":true,"href":"https:\/\/arantv.az\/index.php?rest_route=%2Fwp%2Fv2%2Ftags&post=656909"}],"curies":[{"name":"wp","href":"https:\/\/api.w.org\/{rel}","templated":true}]}}