{"id":656927,"date":"2023-11-16T10:42:07","date_gmt":"2023-11-16T06:42:07","guid":{"rendered":"https:\/\/arantv.az\/?p=656927"},"modified":"2023-11-16T10:42:07","modified_gmt":"2023-11-16T06:42:07","slug":"z%c9%99ngilanda-n%c9%99qliyyat-logistika-sah%c9%99si-uzr%c9%99-beyn%c9%99lxalq-konfrans-is%c9%99-baslayib","status":"publish","type":"post","link":"https:\/\/arantv.az\/?p=656927","title":{"rendered":"Z\u0259ngilanda n\u0259qliyyat-logistika sah\u0259si \u00fczr\u0259 beyn\u0259lxalq konfrans i\u015f\u0259 ba\u015flay\u0131b"},"content":{"rendered":"<p>Bu g\u00fcn Z\u0259ngilan \u015f\u0259h\u0259rind\u0259 \u201cBeyn\u0259lxalq n\u0259qliyyat-logistika d\u0259hlizi: Z\u0259ngilandan inki\u015faf impulslar\u0131\u201d m\u00f6vzusunda beyn\u0259lxalq konfrans i\u015f\u0259 ba\u015flay\u0131b.<\/p>\n<p>\u201cReport\u201dun Z\u0259ngilana ezam olunmu\u015f x\u00fcsusi m\u00fcxbiri x\u0259b\u0259r verir ki, konfrans \u015e\u0259rqi Z\u0259ng\u0259zur iqtisadi rayonuna daxil olan C\u0259bray\u0131l, Qubadl\u0131 v\u0259 Z\u0259ngilan rayonlar\u0131nda Prezidentin X\u00fcsusi N\u00fcmay\u0259nd\u0259liyinin, R\u0259q\u0259msal \u0130nki\u015faf v\u0259 N\u0259qliyyat Nazirliyinin, D\u00f6vl\u0259t G\u00f6mr\u00fck Komit\u0259sinin, Elm v\u0259 T\u0259hsil Nazirliyinin \u0130qtisadiyyat \u0130nstitutunun birg\u0259 t\u0259\u015fkilat\u00e7\u0131l\u0131\u011f\u0131 il\u0259 ke\u00e7irilir.<\/p>\n<p>T\u0259dbirin m\u0259qs\u0259di trans-regional n\u0259qliyyat d\u0259hlizl\u0259rinin inki\u015faf\u0131 v\u0259 geni\u015fl\u0259ndirilm\u0259si il\u0259 ba\u011fl\u0131 d\u00f6vl\u0259t, \u00f6z\u0259l v\u0259 akademik sektorlar aras\u0131nda m\u00fczakir\u0259l\u0259rin t\u0259\u015fkil edilm\u0259si, maraql\u0131 t\u0259r\u0259fl\u0259r aras\u0131nda \u0259m\u0259kda\u015fl\u0131\u011f\u0131n qurulmas\u0131d\u0131r.<\/p>\n<p>Konfransda 15 \u00f6lk\u0259d\u0259n, 8 beyn\u0259lxalq t\u0259\u015fkilat t\u0259\u015fkilat\u0131ndan, o c\u00fcml\u0259d\u0259n beyn\u0259lxalq maliyy\u0259 institutlar\u0131ndan 200-d\u0259n \u00e7ox qonaq i\u015ftirak edir. T\u0259dbird\u0259 yerli v\u0259 xarici d\u00f6vl\u0259t qurumlar\u0131n\u0131n, beyn\u0259lxalq t\u0259\u015fkilatlar\u0131n, beyn\u0259lxalq maliyy\u0259 institutlar\u0131n\u0131n, beyin m\u0259rk\u0259zl\u0259rinin \u0259m\u0259kda\u015flar\u0131, aliml\u0259r v\u0259 beyn\u0259lxalq n\u0259qliyyat \u015firk\u0259tl\u0259rinin r\u0259hb\u0259rl\u0259rinin i\u015ftirak\u0131 il\u0259 bir ne\u00e7\u0259 m\u00f6vzuda panel m\u00fczakir\u0259l\u0259r n\u0259z\u0259rd\u0259 tutulur.<\/p>\n<p>Konfrans i\u015fini sabah Bak\u0131da davam etdir\u0259c\u0259k.<\/p>\n","protected":false},"excerpt":{"rendered":"<p>Bu g\u00fcn Z\u0259ngilan \u015f\u0259h\u0259rind\u0259 \u201cBeyn\u0259lxalq n\u0259qliyyat-logistika d\u0259hlizi: Z\u0259ngilandan inki\u015faf impulslar\u0131\u201d m\u00f6vzusunda beyn\u0259lxalq konfrans i\u015f\u0259 ba\u015flay\u0131b. \u201cReport\u201dun Z\u0259ngilana ezam olunmu\u015f x\u00fcsusi m\u00fcxbiri x\u0259b\u0259r verir ki, konfrans \u015e\u0259rqi Z\u0259ng\u0259zur iqtisadi rayonuna daxil olan C\u0259bray\u0131l, Qubadl\u0131 v\u0259 Z\u0259ngilan rayonlar\u0131nda Prezidentin X\u00fcsusi N\u00fcmay\u0259nd\u0259liyinin, R\u0259q\u0259msal \u0130nki\u015faf v\u0259 N\u0259qliyyat Nazirliyinin, D\u00f6vl\u0259t G\u00f6mr\u00fck Komit\u0259sinin, Elm v\u0259 T\u0259hsil Nazirliyinin \u0130qtisadiyyat \u0130nstitutunun birg\u0259 t\u0259\u015fkilat\u00e7\u0131l\u0131\u011f\u0131 il\u0259 ke\u00e7irilir. T\u0259dbirin m\u0259qs\u0259di trans-regional n\u0259qliyyat d\u0259hlizl\u0259rinin inki\u015faf\u0131 v\u0259 geni\u015fl\u0259ndirilm\u0259si il\u0259 ba\u011fl\u0131 d\u00f6vl\u0259t, \u00f6z\u0259l v\u0259 akademik sektorlar aras\u0131nda m\u00fczakir\u0259l\u0259rin t\u0259\u015fkil edilm\u0259si, maraql\u0131 t\u0259r\u0259fl\u0259r aras\u0131nda \u0259m\u0259kda\u015fl\u0131\u011f\u0131n qurulmas\u0131d\u0131r. Konfransda 15 \u00f6lk\u0259d\u0259n, 8 beyn\u0259lxalq t\u0259\u015fkilat t\u0259\u015fkilat\u0131ndan, o c\u00fcml\u0259d\u0259n&hellip;<\/p>\n","protected":false},"author":2,"featured_media":426976,"comment_status":"closed","ping_status":"closed","sticky":false,"template":"","format":"standard","meta":{"om_disable_all_campaigns":false,"_monsterinsights_skip_tracking":false,"_monsterinsights_sitenote_active":false,"_monsterinsights_sitenote_note":"","_monsterinsights_sitenote_category":0},"categories":[4],"tags":[],"aioseo_notices":[],"gutentor_comment":0,"rttpg_featured_image_url":{"full":["https:\/\/arantv.az\/wp-content\/uploads\/2022\/01\/zengilan.jpg",550,550,false],"landscape":["https:\/\/arantv.az\/wp-content\/uploads\/2022\/01\/zengilan.jpg",550,550,false],"portraits":["https:\/\/arantv.az\/wp-content\/uploads\/2022\/01\/zengilan.jpg",550,550,false],"thumbnail":["https:\/\/arantv.az\/wp-content\/uploads\/2022\/01\/zengilan-500x280.jpg",500,280,true],"medium":["https:\/\/arantv.az\/wp-content\/uploads\/2022\/01\/zengilan-365x365.jpg",365,365,true],"large":["https:\/\/arantv.az\/wp-content\/uploads\/2022\/01\/zengilan.jpg",550,550,false],"1536x1536":["https:\/\/arantv.az\/wp-content\/uploads\/2022\/01\/zengilan.jpg",550,550,false],"2048x2048":["https:\/\/arantv.az\/wp-content\/uploads\/2022\/01\/zengilan.jpg",550,550,false],"post-thumbnail":["https:\/\/arantv.az\/wp-content\/uploads\/2022\/01\/zengilan-240x172.jpg",240,172,true],"advps-thumb-one":["https:\/\/arantv.az\/wp-content\/uploads\/2022\/01\/zengilan.jpg",550,550,false]},"rttpg_author":{"display_name":"V\u00fcsal Rafiqo\u011flu","author_link":"https:\/\/arantv.az\/?author=2"},"rttpg_comment":0,"rttpg_category":"<a href=\"https:\/\/arantv.az\/?cat=4\" rel=\"category\">Siyas\u0259t<\/a>","rttpg_excerpt":"Bu g\u00fcn Z\u0259ngilan \u015f\u0259h\u0259rind\u0259 \u201cBeyn\u0259lxalq n\u0259qliyyat-logistika d\u0259hlizi: Z\u0259ngilandan inki\u015faf impulslar\u0131\u201d m\u00f6vzusunda beyn\u0259lxalq konfrans i\u015f\u0259 ba\u015flay\u0131b. \u201cReport\u201dun Z\u0259ngilana ezam olunmu\u015f x\u00fcsusi m\u00fcxbiri x\u0259b\u0259r verir ki, konfrans \u015e\u0259rqi Z\u0259ng\u0259zur iqtisadi rayonuna daxil olan C\u0259bray\u0131l, Qubadl\u0131 v\u0259 Z\u0259ngilan rayonlar\u0131nda Prezidentin X\u00fcsusi N\u00fcmay\u0259nd\u0259liyinin, R\u0259q\u0259msal \u0130nki\u015faf v\u0259 N\u0259qliyyat Nazirliyinin, D\u00f6vl\u0259t G\u00f6mr\u00fck Komit\u0259sinin, Elm v\u0259 T\u0259hsil Nazirliyinin \u0130qtisadiyyat \u0130nstitutunun birg\u0259 t\u0259\u015fkilat\u00e7\u0131l\u0131\u011f\u0131&hellip;","_links":{"self":[{"href":"https:\/\/arantv.az\/index.php?rest_route=\/wp\/v2\/posts\/656927"}],"collection":[{"href":"https:\/\/arantv.az\/index.php?rest_route=\/wp\/v2\/posts"}],"about":[{"href":"https:\/\/arantv.az\/index.php?rest_route=\/wp\/v2\/types\/post"}],"author":[{"embeddable":true,"href":"https:\/\/arantv.az\/index.php?rest_route=\/wp\/v2\/users\/2"}],"replies":[{"embeddable":true,"href":"https:\/\/arantv.az\/index.php?rest_route=%2Fwp%2Fv2%2Fcomments&post=656927"}],"version-history":[{"count":0,"href":"https:\/\/arantv.az\/index.php?rest_route=\/wp\/v2\/posts\/656927\/revisions"}],"wp:featuredmedia":[{"embeddable":true,"href":"https:\/\/arantv.az\/index.php?rest_route=\/wp\/v2\/media\/426976"}],"wp:attachment":[{"href":"https:\/\/arantv.az\/index.php?rest_route=%2Fwp%2Fv2%2Fmedia&parent=656927"}],"wp:term":[{"taxonomy":"category","embeddable":true,"href":"https:\/\/arantv.az\/index.php?rest_route=%2Fwp%2Fv2%2Fcategories&post=656927"},{"taxonomy":"post_tag","embeddable":true,"href":"https:\/\/arantv.az\/index.php?rest_route=%2Fwp%2Fv2%2Ftags&post=656927"}],"curies":[{"name":"wp","href":"https:\/\/api.w.org\/{rel}","templated":true}]}}