{"id":656929,"date":"2023-11-16T10:43:02","date_gmt":"2023-11-16T06:43:02","guid":{"rendered":"https:\/\/arantv.az\/?p=656929"},"modified":"2023-11-16T10:43:02","modified_gmt":"2023-11-16T06:43:02","slug":"naftalanda-27-yasli-qiz-itkin-dusdu-foto","status":"publish","type":"post","link":"https:\/\/arantv.az\/?p=656929","title":{"rendered":"Naftalanda 27 ya\u015fl\u0131 q\u0131z itkin d\u00fc\u015fd\u00fc &#8211; FOTO"},"content":{"rendered":"<p>Naftalanda itkin d\u00fc\u015f\u0259n \u015f\u0259xs axtar\u0131l\u0131r.<\/p>\n<p>Daxili \u0130\u015fl\u0259r Nazirliyinin M\u0259tbuat Xidm\u0259tinin G\u0259nc\u0259 regional qrupundan\u00a0veril\u0259n m\u0259lumata g\u00f6r\u0259, Ucar rayon K\u00fc\u00e7\u0259k\u0259nd k\u0259nd sakini 1996-c\u0131 il t\u0259v\u0259ll\u00fcdl\u00fc Fatim\u0259 Quliyeva noyabr ay\u0131n\u0131n 11-d\u0259 Naftalan \u015f\u0259h\u0259rind\u0259 ya\u015fayan valideynl\u0259rinin evind\u0259n \u00e7\u0131xaraq bir daha geri qay\u0131tmay\u0131b.<\/p>\n<p>H\u0259min \u015f\u0259xsin \u0259lam\u0259tl\u0259ri bel\u0259dir: boyu 155 santimetr, g\u00f6zl\u0259rinin r\u0259ngi q\u0259hv\u0259yi, orta b\u0259d\u0259n qurulu\u015fludur. Evd\u0259n \u00e7\u0131xark\u0259n onun \u0259ynind\u0259 qara r\u0259ngli hicab v\u0259 dini geyim olub.<\/p>\n<p>\u015e\u0259kild\u0259 g\u00f6rd\u00fcy\u00fcn\u00fcz \u015f\u0259xsi tan\u0131yanlardan v\u0259 bar\u0259sind\u0259 m\u0259lumat\u0131 olanlardan D\u0130N-in \u201c102\u201d Z\u0259ng M\u0259rk\u0259zi xidm\u0259tin\u0259, h\u0259m\u00e7inin (050) 664-94-00, (050) 242-26-66 mobil n\u00f6mr\u0259sin\u0259 z\u0259ng vuraraq m\u0259lumat verm\u0259l\u0259ri xahi\u015f olunur.<\/p>\n<p>&nbsp;<\/p>\n<div class=\"gallery\">\n<div class=\"gallery-i\"><img src=\"https:\/\/cdn.oxu.az\/uploads\/W1siZiIsIjIwMjMvMTEvMTYvMDkvNDAvMDAvZWNhYTU2OTAtYjViNi00MTM1LTkwZjItYWU2MmU4YTY4ODZlLzY1NTVhYWExNjg3OWI2NTU1YWFhMTY4NzljMTcwMDExMzA1NzY1NTVhYWExNjg3OTk2NTU1YWFhMTY4NzlhLmpwZWciXSxbInAiLCJlbmNvZGUiLCJqcGciLCItcXVhbGl0eSA4MCJdLFsicCIsInRodW1iIiwiNTkweDU5MFx1MDAzZSJdXQ?sha=9acbfdfa7eab228c\" alt=\"\" \/><\/div>\n<\/div>\n","protected":false},"excerpt":{"rendered":"<p>Naftalanda itkin d\u00fc\u015f\u0259n \u015f\u0259xs axtar\u0131l\u0131r. Daxili \u0130\u015fl\u0259r Nazirliyinin M\u0259tbuat Xidm\u0259tinin G\u0259nc\u0259 regional qrupundan\u00a0veril\u0259n m\u0259lumata g\u00f6r\u0259, Ucar rayon K\u00fc\u00e7\u0259k\u0259nd k\u0259nd sakini 1996-c\u0131 il t\u0259v\u0259ll\u00fcdl\u00fc Fatim\u0259 Quliyeva noyabr ay\u0131n\u0131n 11-d\u0259 Naftalan \u015f\u0259h\u0259rind\u0259 ya\u015fayan valideynl\u0259rinin evind\u0259n \u00e7\u0131xaraq bir daha geri qay\u0131tmay\u0131b. H\u0259min \u015f\u0259xsin \u0259lam\u0259tl\u0259ri bel\u0259dir: boyu 155 santimetr, g\u00f6zl\u0259rinin r\u0259ngi q\u0259hv\u0259yi, orta b\u0259d\u0259n qurulu\u015fludur. Evd\u0259n \u00e7\u0131xark\u0259n onun \u0259ynind\u0259 qara r\u0259ngli hicab v\u0259 dini geyim olub. \u015e\u0259kild\u0259 g\u00f6rd\u00fcy\u00fcn\u00fcz \u015f\u0259xsi tan\u0131yanlardan v\u0259 bar\u0259sind\u0259 m\u0259lumat\u0131 olanlardan D\u0130N-in \u201c102\u201d Z\u0259ng M\u0259rk\u0259zi xidm\u0259tin\u0259, h\u0259m\u00e7inin (050) 664-94-00, (050) 242-26-66 mobil n\u00f6mr\u0259sin\u0259 z\u0259ng vuraraq m\u0259lumat verm\u0259l\u0259ri xahi\u015f olunur. &nbsp;<\/p>\n","protected":false},"author":2,"featured_media":656930,"comment_status":"closed","ping_status":"closed","sticky":false,"template":"","format":"standard","meta":{"om_disable_all_campaigns":false,"_monsterinsights_skip_tracking":false,"_monsterinsights_sitenote_active":false,"_monsterinsights_sitenote_note":"","_monsterinsights_sitenote_category":0},"categories":[1],"tags":[],"aioseo_notices":[],"gutentor_comment":0,"rttpg_featured_image_url":{"full":["https:\/\/arantv.az\/wp-content\/uploads\/2023\/11\/75b90eeb-6a6e-3368-87ed-acf6ed6c0ddf_850-1.jpg",620,413,false],"landscape":["https:\/\/arantv.az\/wp-content\/uploads\/2023\/11\/75b90eeb-6a6e-3368-87ed-acf6ed6c0ddf_850-1.jpg",620,413,false],"portraits":["https:\/\/arantv.az\/wp-content\/uploads\/2023\/11\/75b90eeb-6a6e-3368-87ed-acf6ed6c0ddf_850-1.jpg",620,413,false],"thumbnail":["https:\/\/arantv.az\/wp-content\/uploads\/2023\/11\/75b90eeb-6a6e-3368-87ed-acf6ed6c0ddf_850-1-500x280.jpg",500,280,true],"medium":["https:\/\/arantv.az\/wp-content\/uploads\/2023\/11\/75b90eeb-6a6e-3368-87ed-acf6ed6c0ddf_850-1-548x365.jpg",548,365,true],"large":["https:\/\/arantv.az\/wp-content\/uploads\/2023\/11\/75b90eeb-6a6e-3368-87ed-acf6ed6c0ddf_850-1.jpg",620,413,false],"1536x1536":["https:\/\/arantv.az\/wp-content\/uploads\/2023\/11\/75b90eeb-6a6e-3368-87ed-acf6ed6c0ddf_850-1.jpg",620,413,false],"2048x2048":["https:\/\/arantv.az\/wp-content\/uploads\/2023\/11\/75b90eeb-6a6e-3368-87ed-acf6ed6c0ddf_850-1.jpg",620,413,false],"post-thumbnail":["https:\/\/arantv.az\/wp-content\/uploads\/2023\/11\/75b90eeb-6a6e-3368-87ed-acf6ed6c0ddf_850-1-240x172.jpg",240,172,true],"advps-thumb-one":["https:\/\/arantv.az\/wp-content\/uploads\/2023\/11\/75b90eeb-6a6e-3368-87ed-acf6ed6c0ddf_850-1.jpg",620,413,false]},"rttpg_author":{"display_name":"V\u00fcsal Rafiqo\u011flu","author_link":"https:\/\/arantv.az\/?author=2"},"rttpg_comment":0,"rttpg_category":"<a href=\"https:\/\/arantv.az\/?cat=1\" rel=\"category\">C\u0259miyy\u0259t<\/a>","rttpg_excerpt":"Naftalanda itkin d\u00fc\u015f\u0259n \u015f\u0259xs axtar\u0131l\u0131r. Daxili \u0130\u015fl\u0259r Nazirliyinin M\u0259tbuat Xidm\u0259tinin G\u0259nc\u0259 regional qrupundan\u00a0veril\u0259n m\u0259lumata g\u00f6r\u0259, Ucar rayon K\u00fc\u00e7\u0259k\u0259nd k\u0259nd sakini 1996-c\u0131 il t\u0259v\u0259ll\u00fcdl\u00fc Fatim\u0259 Quliyeva noyabr ay\u0131n\u0131n 11-d\u0259 Naftalan \u015f\u0259h\u0259rind\u0259 ya\u015fayan valideynl\u0259rinin evind\u0259n \u00e7\u0131xaraq bir daha geri qay\u0131tmay\u0131b. H\u0259min \u015f\u0259xsin \u0259lam\u0259tl\u0259ri bel\u0259dir: boyu 155 santimetr, g\u00f6zl\u0259rinin r\u0259ngi q\u0259hv\u0259yi, orta b\u0259d\u0259n qurulu\u015fludur. Evd\u0259n \u00e7\u0131xark\u0259n onun \u0259ynind\u0259&hellip;","_links":{"self":[{"href":"https:\/\/arantv.az\/index.php?rest_route=\/wp\/v2\/posts\/656929"}],"collection":[{"href":"https:\/\/arantv.az\/index.php?rest_route=\/wp\/v2\/posts"}],"about":[{"href":"https:\/\/arantv.az\/index.php?rest_route=\/wp\/v2\/types\/post"}],"author":[{"embeddable":true,"href":"https:\/\/arantv.az\/index.php?rest_route=\/wp\/v2\/users\/2"}],"replies":[{"embeddable":true,"href":"https:\/\/arantv.az\/index.php?rest_route=%2Fwp%2Fv2%2Fcomments&post=656929"}],"version-history":[{"count":0,"href":"https:\/\/arantv.az\/index.php?rest_route=\/wp\/v2\/posts\/656929\/revisions"}],"wp:featuredmedia":[{"embeddable":true,"href":"https:\/\/arantv.az\/index.php?rest_route=\/wp\/v2\/media\/656930"}],"wp:attachment":[{"href":"https:\/\/arantv.az\/index.php?rest_route=%2Fwp%2Fv2%2Fmedia&parent=656929"}],"wp:term":[{"taxonomy":"category","embeddable":true,"href":"https:\/\/arantv.az\/index.php?rest_route=%2Fwp%2Fv2%2Fcategories&post=656929"},{"taxonomy":"post_tag","embeddable":true,"href":"https:\/\/arantv.az\/index.php?rest_route=%2Fwp%2Fv2%2Ftags&post=656929"}],"curies":[{"name":"wp","href":"https:\/\/api.w.org\/{rel}","templated":true}]}}