{"id":656932,"date":"2023-11-16T10:43:33","date_gmt":"2023-11-16T06:43:33","guid":{"rendered":"https:\/\/arantv.az\/?p=656932"},"modified":"2023-11-16T10:43:33","modified_gmt":"2023-11-16T06:43:33","slug":"din-d%c9%99n-%c9%99m%c9%99liyyat-qanunsuz-saxlanilan-ov-tuf%c9%99ngl%c9%99ri-askarlandi","status":"publish","type":"post","link":"https:\/\/arantv.az\/?p=656932","title":{"rendered":"D\u0130N-d\u0259n \u018fM\u018fL\u0130YYAT: Qanunsuz saxlan\u0131lan ov t\u00fcf\u0259ngl\u0259ri a\u015fkarland\u0131"},"content":{"rendered":"<p>Polis \u0259m\u0259kda\u015flar\u0131 t\u0259r\u0259find\u0259n qanunsuz saxlan\u0131lan odlu silahlar\u0131n k\u00f6n\u00fcll\u00fc t\u0259hvil verilm\u0259si il\u0259 ba\u011fl\u0131 profilaktiki t\u0259dbirl\u0259r davam etdirilir.<\/p>\n<p>Bu bar\u0259d\u0259 Daxili \u0130\u015fl\u0259r Nazirliyinin M\u0259tbuat Xidm\u0259ti m\u0259lumat yay\u0131b.<\/p>\n<p>Bildirilib ki, noyabr\u0131n 15-d\u0259 respublikan\u0131n ayr\u0131-ayr\u0131 rayonlar\u0131nda\u00a0be\u015f \u0259d\u0259d m\u00fcxt\u0259lif markal\u0131 ov t\u00fcf\u0259ngi polis\u0259 t\u0259hvil verilib.<\/p>\n<p>Ke\u00e7iril\u0259n \u0259m\u0259liyyat t\u0259dbirl\u0259ri il\u0259 s\u0259kkiz ov t\u00fcf\u0259ngi is\u0259 a\u015fkar edil\u0259r\u0259k g\u00f6t\u00fcr\u00fcl\u00fcb.<\/p>\n","protected":false},"excerpt":{"rendered":"<p>Polis \u0259m\u0259kda\u015flar\u0131 t\u0259r\u0259find\u0259n qanunsuz saxlan\u0131lan odlu silahlar\u0131n k\u00f6n\u00fcll\u00fc t\u0259hvil verilm\u0259si il\u0259 ba\u011fl\u0131 profilaktiki t\u0259dbirl\u0259r davam etdirilir. Bu bar\u0259d\u0259 Daxili \u0130\u015fl\u0259r Nazirliyinin M\u0259tbuat Xidm\u0259ti m\u0259lumat yay\u0131b. Bildirilib ki, noyabr\u0131n 15-d\u0259 respublikan\u0131n ayr\u0131-ayr\u0131 rayonlar\u0131nda\u00a0be\u015f \u0259d\u0259d m\u00fcxt\u0259lif markal\u0131 ov t\u00fcf\u0259ngi polis\u0259 t\u0259hvil verilib. Ke\u00e7iril\u0259n \u0259m\u0259liyyat t\u0259dbirl\u0259ri il\u0259 s\u0259kkiz ov t\u00fcf\u0259ngi is\u0259 a\u015fkar edil\u0259r\u0259k g\u00f6t\u00fcr\u00fcl\u00fcb.<\/p>\n","protected":false},"author":2,"featured_media":656933,"comment_status":"closed","ping_status":"closed","sticky":false,"template":"","format":"standard","meta":{"om_disable_all_campaigns":false,"_monsterinsights_skip_tracking":false,"_monsterinsights_sitenote_active":false,"_monsterinsights_sitenote_note":"","_monsterinsights_sitenote_category":0},"categories":[5],"tags":[],"aioseo_notices":[],"gutentor_comment":0,"rttpg_featured_image_url":{"full":["https:\/\/arantv.az\/wp-content\/uploads\/2023\/11\/FotoJet-2023-11-09T172557.601-1.jpg",620,413,false],"landscape":["https:\/\/arantv.az\/wp-content\/uploads\/2023\/11\/FotoJet-2023-11-09T172557.601-1.jpg",620,413,false],"portraits":["https:\/\/arantv.az\/wp-content\/uploads\/2023\/11\/FotoJet-2023-11-09T172557.601-1.jpg",620,413,false],"thumbnail":["https:\/\/arantv.az\/wp-content\/uploads\/2023\/11\/FotoJet-2023-11-09T172557.601-1-500x280.jpg",500,280,true],"medium":["https:\/\/arantv.az\/wp-content\/uploads\/2023\/11\/FotoJet-2023-11-09T172557.601-1-548x365.jpg",548,365,true],"large":["https:\/\/arantv.az\/wp-content\/uploads\/2023\/11\/FotoJet-2023-11-09T172557.601-1.jpg",620,413,false],"1536x1536":["https:\/\/arantv.az\/wp-content\/uploads\/2023\/11\/FotoJet-2023-11-09T172557.601-1.jpg",620,413,false],"2048x2048":["https:\/\/arantv.az\/wp-content\/uploads\/2023\/11\/FotoJet-2023-11-09T172557.601-1.jpg",620,413,false],"post-thumbnail":["https:\/\/arantv.az\/wp-content\/uploads\/2023\/11\/FotoJet-2023-11-09T172557.601-1-240x172.jpg",240,172,true],"advps-thumb-one":["https:\/\/arantv.az\/wp-content\/uploads\/2023\/11\/FotoJet-2023-11-09T172557.601-1.jpg",620,413,false]},"rttpg_author":{"display_name":"V\u00fcsal Rafiqo\u011flu","author_link":"https:\/\/arantv.az\/?author=2"},"rttpg_comment":0,"rttpg_category":"<a href=\"https:\/\/arantv.az\/?cat=5\" rel=\"category\">Hadis\u0259<\/a>","rttpg_excerpt":"Polis \u0259m\u0259kda\u015flar\u0131 t\u0259r\u0259find\u0259n qanunsuz saxlan\u0131lan odlu silahlar\u0131n k\u00f6n\u00fcll\u00fc t\u0259hvil verilm\u0259si il\u0259 ba\u011fl\u0131 profilaktiki t\u0259dbirl\u0259r davam etdirilir. Bu bar\u0259d\u0259 Daxili \u0130\u015fl\u0259r Nazirliyinin M\u0259tbuat Xidm\u0259ti m\u0259lumat yay\u0131b. Bildirilib ki, noyabr\u0131n 15-d\u0259 respublikan\u0131n ayr\u0131-ayr\u0131 rayonlar\u0131nda\u00a0be\u015f \u0259d\u0259d m\u00fcxt\u0259lif markal\u0131 ov t\u00fcf\u0259ngi polis\u0259 t\u0259hvil verilib. Ke\u00e7iril\u0259n \u0259m\u0259liyyat t\u0259dbirl\u0259ri il\u0259 s\u0259kkiz ov t\u00fcf\u0259ngi is\u0259 a\u015fkar edil\u0259r\u0259k g\u00f6t\u00fcr\u00fcl\u00fcb.","_links":{"self":[{"href":"https:\/\/arantv.az\/index.php?rest_route=\/wp\/v2\/posts\/656932"}],"collection":[{"href":"https:\/\/arantv.az\/index.php?rest_route=\/wp\/v2\/posts"}],"about":[{"href":"https:\/\/arantv.az\/index.php?rest_route=\/wp\/v2\/types\/post"}],"author":[{"embeddable":true,"href":"https:\/\/arantv.az\/index.php?rest_route=\/wp\/v2\/users\/2"}],"replies":[{"embeddable":true,"href":"https:\/\/arantv.az\/index.php?rest_route=%2Fwp%2Fv2%2Fcomments&post=656932"}],"version-history":[{"count":0,"href":"https:\/\/arantv.az\/index.php?rest_route=\/wp\/v2\/posts\/656932\/revisions"}],"wp:featuredmedia":[{"embeddable":true,"href":"https:\/\/arantv.az\/index.php?rest_route=\/wp\/v2\/media\/656933"}],"wp:attachment":[{"href":"https:\/\/arantv.az\/index.php?rest_route=%2Fwp%2Fv2%2Fmedia&parent=656932"}],"wp:term":[{"taxonomy":"category","embeddable":true,"href":"https:\/\/arantv.az\/index.php?rest_route=%2Fwp%2Fv2%2Fcategories&post=656932"},{"taxonomy":"post_tag","embeddable":true,"href":"https:\/\/arantv.az\/index.php?rest_route=%2Fwp%2Fv2%2Ftags&post=656932"}],"curies":[{"name":"wp","href":"https:\/\/api.w.org\/{rel}","templated":true}]}}