{"id":656945,"date":"2023-11-16T10:50:39","date_gmt":"2023-11-16T06:50:39","guid":{"rendered":"https:\/\/arantv.az\/?p=656945"},"modified":"2023-11-16T10:50:39","modified_gmt":"2023-11-16T06:50:39","slug":"iqlim-d%c9%99yisikliyinin-mes%c9%99l%c9%99r%c9%99-t%c9%99siri","status":"publish","type":"post","link":"https:\/\/arantv.az\/?p=656945","title":{"rendered":"\u0130qlim d\u0259yi\u015fikliyinin me\u015f\u0259l\u0259r\u0259 t\u0259siri"},"content":{"rendered":"<p>Planetimizin qlobal ekoloji probleml\u0259rind\u0259n biri olan iqlim d\u0259yi\u015fikliyi dig\u0259r sah\u0259l\u0259rd\u0259 oldu\u011fu kimi, me\u015f\u0259 ekosisteml\u0259rin\u0259 d\u0259 t\u0259sirsiz \u00f6t\u00fc\u015fm\u00fcr. Bu t\u0259sirl\u0259r \u00f6z\u00fcn\u00fc tez v\u0259 ya da gec g\u00f6st\u0259r\u0259 bilir. Z\u0259r\u0259rverici h\u0259\u015f\u0259ratlar\u0131n say\u0131n\u0131n \u00e7oxalmas\u0131, me\u015f\u0259 yan\u011f\u0131nlar\u0131n\u0131n artmas\u0131, invaziv n\u00f6vl\u0259rin daha geni\u015f \u0259razil\u0259rd\u0259 yay\u0131lmas\u0131 kimi hallar \u00f6z\u00fcn\u00fc \u00e7ox tez g\u00f6st\u0259rir. X\u00fcsus\u0259n d\u0259 uzun s\u00fcr\u0259n quraql\u0131qlar a\u011faclar\u0131n z\u0259ifl\u0259m\u0259sin\u0259 v\u0259 n\u0259tic\u0259d\u0259 z\u0259r\u0259rverici h\u0259\u015f\u0259ratlar\u0131n ciddi m\u0259nfi t\u0259sirin\u0259 m\u0259ruz qalmas\u0131na s\u0259b\u0259b olur. Bunu\u00a0<a class=\"azertac-link\" href=\"https:\/\/azertag.az\/\" target=\"_blank\" rel=\"noopener\">AZ\u018fRTAC<\/a>-a Me\u015f\u0259l\u0259rin \u0130nki\u015faf\u0131 Xidm\u0259tinin r\u0259smisi Vahid F\u0259rz\u0259liyev bildirib.<\/p>\n<p>Xidm\u0259t r\u0259smisinin s\u00f6zl\u0259rin\u0259 g\u00f6r\u0259, iqlim d\u0259yi\u015fiklikl\u0259ri me\u015f\u0259 biom\u00fcxt\u0259lifliyin\u0259 d\u0259 ciddi t\u0259sir g\u00f6st\u0259rir. A\u011faclar\u0131n fenoloji x\u00fcsusiyy\u0259tl\u0259rind\u0259, n\u00f6v t\u0259rkibind\u0259, \u0259sas me\u015f\u0259 \u0259m\u0259l\u0259g\u0259tir\u0259n cinsl\u0259rin h\u00fcnd\u00fcrl\u00fck zonalar\u0131 \u00fczr\u0259 yay\u0131lmas\u0131nda, areallar\u0131nda bu f\u0259rql\u0259r m\u00fc\u015fahid\u0259 olunur. Qiym\u0259tli cinsl\u0259rin daha az qiym\u0259tli cinsl\u0259rl\u0259 \u0259v\u0259z olunmas\u0131 prosesi s\u00fcr\u0259tl\u0259nir, t\u0259bii b\u0259rpa z\u0259ifl\u0259yir, bel\u0259likl\u0259 me\u015f\u0259l\u0259rin k\u0259miyy\u0259t v\u0259 keyfiyy\u0259t g\u00f6st\u0259ricil\u0259ri d\u0259yi\u015f\u0259r\u0259k m\u0259hsuldarl\u0131\u011f\u0131 azal\u0131r.<\/p>\n<p>\u201c\u0130qlim d\u0259yi\u015fikliyinin t\u0259sirl\u0259rinin azald\u0131lmas\u0131nda \u0259sas prioritet sah\u0259l\u0259rd\u0259n biri me\u015f\u0259l\u0259rin b\u0259rpas\u0131, yeni ya\u015f\u0131ll\u0131qlar\u0131n sal\u0131nmas\u0131d\u0131r ki, buna nail olmaq \u00fc\u00e7\u00fcn \u00f6lk\u0259mizd\u0259 irimiqyasl\u0131 a\u011fac\u0259km\u0259 aksiyalar\u0131 ke\u00e7irilir, ya\u015f\u0131ll\u0131q sah\u0259l\u0259ri geni\u015fl\u0259ndirilir\u201d,- dey\u0259 V.F\u0259rz\u0259liyev fikrini yekunla\u015fd\u0131r\u0131b.<\/p>\n","protected":false},"excerpt":{"rendered":"<p>Planetimizin qlobal ekoloji probleml\u0259rind\u0259n biri olan iqlim d\u0259yi\u015fikliyi dig\u0259r sah\u0259l\u0259rd\u0259 oldu\u011fu kimi, me\u015f\u0259 ekosisteml\u0259rin\u0259 d\u0259 t\u0259sirsiz \u00f6t\u00fc\u015fm\u00fcr. Bu t\u0259sirl\u0259r \u00f6z\u00fcn\u00fc tez v\u0259 ya da gec g\u00f6st\u0259r\u0259 bilir. Z\u0259r\u0259rverici h\u0259\u015f\u0259ratlar\u0131n say\u0131n\u0131n \u00e7oxalmas\u0131, me\u015f\u0259 yan\u011f\u0131nlar\u0131n\u0131n artmas\u0131, invaziv n\u00f6vl\u0259rin daha geni\u015f \u0259razil\u0259rd\u0259 yay\u0131lmas\u0131 kimi hallar \u00f6z\u00fcn\u00fc \u00e7ox tez g\u00f6st\u0259rir. X\u00fcsus\u0259n d\u0259 uzun s\u00fcr\u0259n quraql\u0131qlar a\u011faclar\u0131n z\u0259ifl\u0259m\u0259sin\u0259 v\u0259 n\u0259tic\u0259d\u0259 z\u0259r\u0259rverici h\u0259\u015f\u0259ratlar\u0131n ciddi m\u0259nfi t\u0259sirin\u0259 m\u0259ruz qalmas\u0131na s\u0259b\u0259b olur. Bunu\u00a0AZ\u018fRTAC-a Me\u015f\u0259l\u0259rin \u0130nki\u015faf\u0131 Xidm\u0259tinin r\u0259smisi Vahid F\u0259rz\u0259liyev bildirib. Xidm\u0259t r\u0259smisinin s\u00f6zl\u0259rin\u0259 g\u00f6r\u0259, iqlim d\u0259yi\u015fiklikl\u0259ri me\u015f\u0259 biom\u00fcxt\u0259lifliyin\u0259 d\u0259 ciddi t\u0259sir g\u00f6st\u0259rir. A\u011faclar\u0131n fenoloji x\u00fcsusiyy\u0259tl\u0259rind\u0259, n\u00f6v t\u0259rkibind\u0259, \u0259sas&hellip;<\/p>\n","protected":false},"author":2,"featured_media":656946,"comment_status":"closed","ping_status":"closed","sticky":false,"template":"","format":"standard","meta":{"om_disable_all_campaigns":false,"_monsterinsights_skip_tracking":false,"_monsterinsights_sitenote_active":false,"_monsterinsights_sitenote_note":"","_monsterinsights_sitenote_category":0},"categories":[1],"tags":[],"aioseo_notices":[],"gutentor_comment":0,"rttpg_featured_image_url":{"full":["https:\/\/arantv.az\/wp-content\/uploads\/2023\/11\/17001160251113551408_1200x630.jpg",923,630,false],"landscape":["https:\/\/arantv.az\/wp-content\/uploads\/2023\/11\/17001160251113551408_1200x630.jpg",923,630,false],"portraits":["https:\/\/arantv.az\/wp-content\/uploads\/2023\/11\/17001160251113551408_1200x630.jpg",923,630,false],"thumbnail":["https:\/\/arantv.az\/wp-content\/uploads\/2023\/11\/17001160251113551408_1200x630-500x280.jpg",500,280,true],"medium":["https:\/\/arantv.az\/wp-content\/uploads\/2023\/11\/17001160251113551408_1200x630-535x365.jpg",535,365,true],"large":["https:\/\/arantv.az\/wp-content\/uploads\/2023\/11\/17001160251113551408_1200x630-840x573.jpg",640,437,true],"1536x1536":["https:\/\/arantv.az\/wp-content\/uploads\/2023\/11\/17001160251113551408_1200x630.jpg",923,630,false],"2048x2048":["https:\/\/arantv.az\/wp-content\/uploads\/2023\/11\/17001160251113551408_1200x630.jpg",923,630,false],"post-thumbnail":["https:\/\/arantv.az\/wp-content\/uploads\/2023\/11\/17001160251113551408_1200x630-240x172.jpg",240,172,true],"advps-thumb-one":["https:\/\/arantv.az\/wp-content\/uploads\/2023\/11\/17001160251113551408_1200x630-923x620.jpg",923,620,true]},"rttpg_author":{"display_name":"V\u00fcsal Rafiqo\u011flu","author_link":"https:\/\/arantv.az\/?author=2"},"rttpg_comment":0,"rttpg_category":"<a href=\"https:\/\/arantv.az\/?cat=1\" rel=\"category\">C\u0259miyy\u0259t<\/a>","rttpg_excerpt":"Planetimizin qlobal ekoloji probleml\u0259rind\u0259n biri olan iqlim d\u0259yi\u015fikliyi dig\u0259r sah\u0259l\u0259rd\u0259 oldu\u011fu kimi, me\u015f\u0259 ekosisteml\u0259rin\u0259 d\u0259 t\u0259sirsiz \u00f6t\u00fc\u015fm\u00fcr. Bu t\u0259sirl\u0259r \u00f6z\u00fcn\u00fc tez v\u0259 ya da gec g\u00f6st\u0259r\u0259 bilir. Z\u0259r\u0259rverici h\u0259\u015f\u0259ratlar\u0131n say\u0131n\u0131n \u00e7oxalmas\u0131, me\u015f\u0259 yan\u011f\u0131nlar\u0131n\u0131n artmas\u0131, invaziv n\u00f6vl\u0259rin daha geni\u015f \u0259razil\u0259rd\u0259 yay\u0131lmas\u0131 kimi hallar \u00f6z\u00fcn\u00fc \u00e7ox tez g\u00f6st\u0259rir. X\u00fcsus\u0259n d\u0259 uzun s\u00fcr\u0259n quraql\u0131qlar a\u011faclar\u0131n z\u0259ifl\u0259m\u0259sin\u0259 v\u0259 n\u0259tic\u0259d\u0259&hellip;","_links":{"self":[{"href":"https:\/\/arantv.az\/index.php?rest_route=\/wp\/v2\/posts\/656945"}],"collection":[{"href":"https:\/\/arantv.az\/index.php?rest_route=\/wp\/v2\/posts"}],"about":[{"href":"https:\/\/arantv.az\/index.php?rest_route=\/wp\/v2\/types\/post"}],"author":[{"embeddable":true,"href":"https:\/\/arantv.az\/index.php?rest_route=\/wp\/v2\/users\/2"}],"replies":[{"embeddable":true,"href":"https:\/\/arantv.az\/index.php?rest_route=%2Fwp%2Fv2%2Fcomments&post=656945"}],"version-history":[{"count":0,"href":"https:\/\/arantv.az\/index.php?rest_route=\/wp\/v2\/posts\/656945\/revisions"}],"wp:featuredmedia":[{"embeddable":true,"href":"https:\/\/arantv.az\/index.php?rest_route=\/wp\/v2\/media\/656946"}],"wp:attachment":[{"href":"https:\/\/arantv.az\/index.php?rest_route=%2Fwp%2Fv2%2Fmedia&parent=656945"}],"wp:term":[{"taxonomy":"category","embeddable":true,"href":"https:\/\/arantv.az\/index.php?rest_route=%2Fwp%2Fv2%2Fcategories&post=656945"},{"taxonomy":"post_tag","embeddable":true,"href":"https:\/\/arantv.az\/index.php?rest_route=%2Fwp%2Fv2%2Ftags&post=656945"}],"curies":[{"name":"wp","href":"https:\/\/api.w.org\/{rel}","templated":true}]}}