{"id":656948,"date":"2023-11-16T10:51:28","date_gmt":"2023-11-16T06:51:28","guid":{"rendered":"https:\/\/arantv.az\/?p=656948"},"modified":"2023-11-16T10:51:28","modified_gmt":"2023-11-16T06:51:28","slug":"noyabrin-16-si-umumdunya-f%c9%99ls%c9%99f%c9%99-gunudur","status":"publish","type":"post","link":"https:\/\/arantv.az\/?p=656948","title":{"rendered":"Noyabr\u0131n 16-s\u0131 \u00dcmumd\u00fcnya F\u0259ls\u0259f\u0259 G\u00fcn\u00fcd\u00fcr"},"content":{"rendered":"<p>UNESCO h\u0259r il noyabr\u0131n \u00fc\u00e7\u00fcnc\u00fc c\u00fcm\u0259 ax\u015fam\u0131 g\u00fcn\u00fcnd\u0259 \u00dcmumd\u00fcnya F\u0259ls\u0259f\u0259 G\u00fcn\u00fcn\u00fc qeyd etm\u0259kl\u0259 b\u0259\u015f\u0259r t\u0259f\u0259kk\u00fcr\u00fcn\u00fcn inki\u015faf\u0131, h\u0259r bir m\u0259d\u0259niyy\u0259t v\u0259 h\u0259r bir f\u0259rd \u00fc\u00e7\u00fcn f\u0259ls\u0259f\u0259nin daimi d\u0259y\u0259rini vur\u011fulay\u0131r.<\/p>\n<p><strong>ARANTV.AZ<\/strong> x\u0259b\u0259r verir ki, bu fikirl\u0259r t\u0259\u015fkilat\u0131n \u00dcmumd\u00fcnya F\u0259ls\u0259f\u0259 G\u00fcn\u00fc m\u00fcnasib\u0259ti il\u0259 yayd\u0131\u011f\u0131 m\u00fcraci\u0259td\u0259 yer al\u0131b. UNESCO qeyd edib ki, f\u0259ls\u0259f\u0259 c\u0259miyy\u0259tl\u0259ri d\u0259yi\u015fdir\u0259 bil\u0259n ilhamverici bir elm v\u0259 g\u00fcnd\u0259lik t\u0259cr\u00fcb\u0259dir. D\u00fcnyadak\u0131 intellektual c\u0259r\u0259yanlar\u0131n m\u00fcxt\u0259lifliyini k\u0259\u015ff etm\u0259y\u0259 imkan verm\u0259kl\u0259, f\u0259ls\u0259f\u0259 m\u0259d\u0259niyy\u0259tl\u0259raras\u0131 dialoqa t\u0259kan verir. Beyinl\u0259ri t\u0259f\u0259kk\u00fcr\u0259 v\u0259 fikirl\u0259rin \u0259sasland\u0131r\u0131lm\u0131\u015f qar\u015f\u0131durmas\u0131na c\u0259lb etm\u0259kl\u0259, f\u0259ls\u0259f\u0259 daha tolerant, daha xo\u015fb\u0259xt bir c\u0259miyy\u0259t qurma\u011fa k\u00f6m\u0259k edir. Bel\u0259likl\u0259, o, d\u0259yi\u015fiklik \u00fc\u00e7\u00fcn intellektual \u015f\u0259rait yaratmaqla yana\u015f\u0131, \u0259sas m\u00fcasir \u00e7a\u011f\u0131r\u0131\u015flar\u0131 anlama\u011fa v\u0259 onlara cavab verm\u0259y\u0259 \u015f\u0259rait yarad\u0131r.<\/p>\n<p>UNESCO bildirib ki, d\u00f6vr\u00fcm\u00fcz\u00fcn \u0259sas \u00e7a\u011f\u0131r\u0131\u015flar\u0131 \u00fczr\u0259 s\u0259rb\u0259st, \u0259sasland\u0131r\u0131lm\u0131\u015f v\u0259 m\u0259lumatl\u0131 d\u00fc\u015f\u00fcnc\u0259 t\u0259rzin\u0259 malik kollektiv m\u00fczakir\u0259 g\u00fcn\u00fcnd\u0259 t\u0259\u015fkilat\u0131n b\u00fct\u00fcn t\u0259r\u0259fda\u015flar\u0131 m\u00fcxt\u0259lif f\u0259aliyy\u0259t n\u00f6vl\u0259ri &#8211; f\u0259ls\u0259fi dialoqlar, debatlar, konfranslar, seminarlar, m\u0259d\u0259ni t\u0259dbirl\u0259r v\u0259 t\u0259qdimatlar t\u0259\u015fkil etm\u0259y\u0259 t\u0259\u015fviq olunurlar. T\u0259bi\u0259t v\u0259 ictimai elml\u0259rin b\u00fct\u00fcn sah\u0259l\u0259rini t\u0259msil ed\u0259n filosof v\u0259 aliml\u0259rin, t\u0259hsil i\u015f\u00e7il\u0259rinin, m\u00fc\u0259lliml\u0259rin, t\u0259l\u0259b\u0259l\u0259rin, k\u00fctl\u0259vi informasiya vasit\u0259l\u0259rinin n\u00fcmay\u0259nd\u0259l\u0259rinin, geni\u015f ictimaiyy\u0259tin i\u015ftirak\u0131 il\u0259 g\u00fcn\u00fcn m\u00f6vzusu \u2013 daha yax\u015f\u0131 bir d\u00fcnya qurmaq yollar\u0131 m\u00fczakir\u0259 edilir.<\/p>\n<p>T\u0259\u015fkilat\u0131n m\u00fcraci\u0259tind\u0259 bildirilir ki, daha yax\u015f\u0131 bir d\u00fcnya qurmaq, s\u00fclh ideal\u0131na do\u011fru ir\u0259lil\u0259m\u0259k \u00fc\u00e7\u00fcn biz f\u0259ls\u0259fi yana\u015fman\u0131 m\u0259nims\u0259m\u0259li, b\u00f6hranlar\u0131n gurultusundan k\u0259narda d\u00fcnyam\u0131z\u0131n q\u00fcsurlar\u0131n\u0131 \u015f\u00fcbh\u0259 alt\u0131na almal\u0131y\u0131q. F\u0259ls\u0259f\u0259 b\u0259\u015f\u0259riyy\u0259tin r\u0259hb\u0259r tutmal\u0131 oldu\u011fu etik prinsipl\u0259ri m\u00fc\u0259yy\u0259n etm\u0259kd\u0259 vacib amildir.<\/p>\n<p>\u201cH\u0259r k\u0259sin ortaq d\u00fcnyan\u0131 yenid\u0259n k\u0259\u015ff etm\u0259k \u00fc\u00e7\u00fcn f\u0259ls\u0259fi d\u00fc\u015f\u00fcnc\u0259l\u0259ri olmal\u0131d\u0131r. Bu g\u00fcn UNESCO b\u00fct\u00fcn c\u0259miyy\u0259tl\u0259rimizi bir anl\u0131q geri \u00e7\u0259kilm\u0259y\u0259 v\u0259 b\u0259\u015f\u0259riyy\u0259tin g\u0259l\u0259c\u0259yi haqq\u0131nda kollektiv \u015f\u0259kild\u0259 d\u00fc\u015f\u00fcnm\u0259y\u0259, daha yax\u015f\u0131 bir d\u00fcnya t\u0259s\u0259vv\u00fcr etm\u0259y\u0259 \u00e7a\u011f\u0131r\u0131r\u201d \u2013dey\u0259 sonda qeyd olunub.<\/p>\n","protected":false},"excerpt":{"rendered":"<p>UNESCO h\u0259r il noyabr\u0131n \u00fc\u00e7\u00fcnc\u00fc c\u00fcm\u0259 ax\u015fam\u0131 g\u00fcn\u00fcnd\u0259 \u00dcmumd\u00fcnya F\u0259ls\u0259f\u0259 G\u00fcn\u00fcn\u00fc qeyd etm\u0259kl\u0259 b\u0259\u015f\u0259r t\u0259f\u0259kk\u00fcr\u00fcn\u00fcn inki\u015faf\u0131, h\u0259r bir m\u0259d\u0259niyy\u0259t v\u0259 h\u0259r bir f\u0259rd \u00fc\u00e7\u00fcn f\u0259ls\u0259f\u0259nin daimi d\u0259y\u0259rini vur\u011fulay\u0131r. ARANTV.AZ x\u0259b\u0259r verir ki, bu fikirl\u0259r t\u0259\u015fkilat\u0131n \u00dcmumd\u00fcnya F\u0259ls\u0259f\u0259 G\u00fcn\u00fc m\u00fcnasib\u0259ti il\u0259 yayd\u0131\u011f\u0131 m\u00fcraci\u0259td\u0259 yer al\u0131b. UNESCO qeyd edib ki, f\u0259ls\u0259f\u0259 c\u0259miyy\u0259tl\u0259ri d\u0259yi\u015fdir\u0259 bil\u0259n ilhamverici bir elm v\u0259 g\u00fcnd\u0259lik t\u0259cr\u00fcb\u0259dir. D\u00fcnyadak\u0131 intellektual c\u0259r\u0259yanlar\u0131n m\u00fcxt\u0259lifliyini k\u0259\u015ff etm\u0259y\u0259 imkan verm\u0259kl\u0259, f\u0259ls\u0259f\u0259 m\u0259d\u0259niyy\u0259tl\u0259raras\u0131 dialoqa t\u0259kan verir. Beyinl\u0259ri t\u0259f\u0259kk\u00fcr\u0259 v\u0259 fikirl\u0259rin \u0259sasland\u0131r\u0131lm\u0131\u015f qar\u015f\u0131durmas\u0131na c\u0259lb etm\u0259kl\u0259, f\u0259ls\u0259f\u0259 daha tolerant, daha xo\u015fb\u0259xt bir c\u0259miyy\u0259t qurma\u011fa k\u00f6m\u0259k edir. Bel\u0259likl\u0259,&hellip;<\/p>\n","protected":false},"author":2,"featured_media":656949,"comment_status":"closed","ping_status":"closed","sticky":false,"template":"","format":"standard","meta":{"om_disable_all_campaigns":false,"_monsterinsights_skip_tracking":false,"_monsterinsights_sitenote_active":false,"_monsterinsights_sitenote_note":"","_monsterinsights_sitenote_category":0},"categories":[1],"tags":[],"aioseo_notices":[],"gutentor_comment":0,"rttpg_featured_image_url":{"full":["https:\/\/arantv.az\/wp-content\/uploads\/2023\/11\/17001165632988873_1200x630.jpg",924,630,false],"landscape":["https:\/\/arantv.az\/wp-content\/uploads\/2023\/11\/17001165632988873_1200x630.jpg",924,630,false],"portraits":["https:\/\/arantv.az\/wp-content\/uploads\/2023\/11\/17001165632988873_1200x630.jpg",924,630,false],"thumbnail":["https:\/\/arantv.az\/wp-content\/uploads\/2023\/11\/17001165632988873_1200x630-500x280.jpg",500,280,true],"medium":["https:\/\/arantv.az\/wp-content\/uploads\/2023\/11\/17001165632988873_1200x630-535x365.jpg",535,365,true],"large":["https:\/\/arantv.az\/wp-content\/uploads\/2023\/11\/17001165632988873_1200x630-840x573.jpg",640,437,true],"1536x1536":["https:\/\/arantv.az\/wp-content\/uploads\/2023\/11\/17001165632988873_1200x630.jpg",924,630,false],"2048x2048":["https:\/\/arantv.az\/wp-content\/uploads\/2023\/11\/17001165632988873_1200x630.jpg",924,630,false],"post-thumbnail":["https:\/\/arantv.az\/wp-content\/uploads\/2023\/11\/17001165632988873_1200x630-240x172.jpg",240,172,true],"advps-thumb-one":["https:\/\/arantv.az\/wp-content\/uploads\/2023\/11\/17001165632988873_1200x630-924x620.jpg",924,620,true]},"rttpg_author":{"display_name":"V\u00fcsal Rafiqo\u011flu","author_link":"https:\/\/arantv.az\/?author=2"},"rttpg_comment":0,"rttpg_category":"<a href=\"https:\/\/arantv.az\/?cat=1\" rel=\"category\">C\u0259miyy\u0259t<\/a>","rttpg_excerpt":"UNESCO h\u0259r il noyabr\u0131n \u00fc\u00e7\u00fcnc\u00fc c\u00fcm\u0259 ax\u015fam\u0131 g\u00fcn\u00fcnd\u0259 \u00dcmumd\u00fcnya F\u0259ls\u0259f\u0259 G\u00fcn\u00fcn\u00fc qeyd etm\u0259kl\u0259 b\u0259\u015f\u0259r t\u0259f\u0259kk\u00fcr\u00fcn\u00fcn inki\u015faf\u0131, h\u0259r bir m\u0259d\u0259niyy\u0259t v\u0259 h\u0259r bir f\u0259rd \u00fc\u00e7\u00fcn f\u0259ls\u0259f\u0259nin daimi d\u0259y\u0259rini vur\u011fulay\u0131r. ARANTV.AZ x\u0259b\u0259r verir ki, bu fikirl\u0259r t\u0259\u015fkilat\u0131n \u00dcmumd\u00fcnya F\u0259ls\u0259f\u0259 G\u00fcn\u00fc m\u00fcnasib\u0259ti il\u0259 yayd\u0131\u011f\u0131 m\u00fcraci\u0259td\u0259 yer al\u0131b. UNESCO qeyd edib ki, f\u0259ls\u0259f\u0259 c\u0259miyy\u0259tl\u0259ri d\u0259yi\u015fdir\u0259 bil\u0259n ilhamverici bir elm&hellip;","_links":{"self":[{"href":"https:\/\/arantv.az\/index.php?rest_route=\/wp\/v2\/posts\/656948"}],"collection":[{"href":"https:\/\/arantv.az\/index.php?rest_route=\/wp\/v2\/posts"}],"about":[{"href":"https:\/\/arantv.az\/index.php?rest_route=\/wp\/v2\/types\/post"}],"author":[{"embeddable":true,"href":"https:\/\/arantv.az\/index.php?rest_route=\/wp\/v2\/users\/2"}],"replies":[{"embeddable":true,"href":"https:\/\/arantv.az\/index.php?rest_route=%2Fwp%2Fv2%2Fcomments&post=656948"}],"version-history":[{"count":0,"href":"https:\/\/arantv.az\/index.php?rest_route=\/wp\/v2\/posts\/656948\/revisions"}],"wp:featuredmedia":[{"embeddable":true,"href":"https:\/\/arantv.az\/index.php?rest_route=\/wp\/v2\/media\/656949"}],"wp:attachment":[{"href":"https:\/\/arantv.az\/index.php?rest_route=%2Fwp%2Fv2%2Fmedia&parent=656948"}],"wp:term":[{"taxonomy":"category","embeddable":true,"href":"https:\/\/arantv.az\/index.php?rest_route=%2Fwp%2Fv2%2Fcategories&post=656948"},{"taxonomy":"post_tag","embeddable":true,"href":"https:\/\/arantv.az\/index.php?rest_route=%2Fwp%2Fv2%2Ftags&post=656948"}],"curies":[{"name":"wp","href":"https:\/\/api.w.org\/{rel}","templated":true}]}}