{"id":656951,"date":"2023-11-16T10:52:25","date_gmt":"2023-11-16T06:52:25","guid":{"rendered":"https:\/\/arantv.az\/?p=656951"},"modified":"2023-11-16T10:52:25","modified_gmt":"2023-11-16T06:52:25","slug":"kubanin-bas-naziri-az%c9%99rbaycanin-s%c9%99hiyy%c9%99-nazirini-q%c9%99bul-edib-foto","status":"publish","type":"post","link":"https:\/\/arantv.az\/?p=656951","title":{"rendered":"Kuban\u0131n Ba\u015f naziri Az\u0259rbaycan\u0131n s\u0259hiyy\u0259 nazirini q\u0259bul edib &#8211; FOTO"},"content":{"rendered":"<p>Kuba Respublikas\u0131n\u0131n Ba\u015f naziri Manuel Marrero Kruz Az\u0259rbaycan Respublikas\u0131n\u0131n s\u0259hiyy\u0259 naziri Teymur Musayevin ba\u015f\u00e7\u0131l\u0131q etdiyi n\u00fcmay\u0259nd\u0259 hey\u0259tini q\u0259bul edib.<\/p>\n<p>Bu bar\u0259d\u0259 S\u0259hiyy\u0259 Nazirliyi m\u0259lumat yay\u0131b.<\/p>\n<p>Bildirilib ki, Az\u0259rbaycan Respublikas\u0131n\u0131n s\u0259hiyy\u0259 naziri Teymur Musayevin ba\u015f\u00e7\u0131l\u0131q etdiyi n\u00fcmay\u0259nd\u0259 hey\u0259ti Kuba Respublikas\u0131nda i\u015fg\u00fczar s\u0259f\u0259rd\u0259dir.<\/p>\n<p>Az\u0259rbaycan Respublikas\u0131n\u0131n s\u0259hiyy\u0259 naziri Teymur Musayevin ba\u015f\u00e7\u0131l\u0131q etdiyi n\u00fcmay\u0259nd\u0259 hey\u0259tini Kuba Respublikas\u0131n\u0131n Ba\u015f naziri Manuel Marrero Kruz q\u0259bul edib.<\/p>\n<p>G\u00f6r\u00fc\u015fd\u0259 Kuba Respublikas\u0131n\u0131n Ba\u015f naziri Az\u0259rbaycan v\u0259 Kuban\u0131n tarixi milli liderl\u0259ri aras\u0131ndak\u0131 m\u00fcnasib\u0259tl\u0259rin xalqlar aras\u0131ndak\u0131 \u0259laq\u0259l\u0259rin s\u0259viyy\u0259sin\u0259 \u0259h\u0259miyy\u0259tli t\u0259sirini qeyd edib v\u0259 bundan m\u0259mnunlu\u011funu bildirib.<\/p>\n<p>Ba\u015f nazir Az\u0259rbaycan Respublikas\u0131n\u0131n Prezidenti\u00a0<strong>\u0130lham \u018fliyevin<\/strong>\u00a0r\u0259hb\u0259rliyi alt\u0131nda Qo\u015fulmama H\u0259r\u0259kat\u0131n\u0131n beyn\u0259lxalq arenadak\u0131 n\u00fcfuzunun y\u00fcks\u0259ldiyini v\u0259 apar\u0131c\u0131 siyasi q\u00fcvv\u0259y\u0259 malik t\u0259\u015fkilata \u00e7evrildiyini x\u00fcsusil\u0259 vur\u011fulay\u0131b.<\/p>\n<p>Manuel Marrero Kruz son d\u00f6vrl\u0259r \u00f6lk\u0259l\u0259r aras\u0131ndak\u0131 t\u0259maslar\u0131n artd\u0131\u011f\u0131n\u0131 v\u0259 m\u00fcxt\u0259lif sah\u0259l\u0259rd\u0259 birg\u0259 \u0259m\u0259kda\u015fl\u0131q \u00fc\u00e7\u00fcn geni\u015f perspektivl\u0259rin oldu\u011funu qeyd edib.<\/p>\n<p>Az\u0259rbaycan Republikas\u0131n\u0131n s\u0259hiyy\u0259 naziri Teymur Musayev s\u0259mimi q\u0259bul v\u0259 qonaqp\u0259rv\u0259rliy\u0259 g\u00f6r\u0259 Kuba Respublikas\u0131n\u0131n Ba\u015f naziri Manuel Marrero Kruza t\u0259\u015f\u0259kk\u00fcrl\u0259rini bildirib. Nazir, bu s\u0259f\u0259rin \u00f6lk\u0259 r\u0259hb\u0259rl\u0259ri aras\u0131ndak\u0131 m\u00fcnasib\u0259tl\u0259rin m\u0259ntiqi n\u0259tic\u0259si oldu\u011funu qeyd edib.<\/p>\n<p>&nbsp;<\/p>\n<div class=\"gallery\">\n<div class=\"gallery-i\"><img src=\"https:\/\/cdn.oxu.az\/uploads\/W1siZiIsIjIwMjMvMTEvMTYvMTAvMzcvMDIvYjgwZDI3NjEtNWQxNS00N2JhLTk2MWYtZjk0ZGQ4YjFmNzY2LzM3MDIxMjE5M18yNzg5MDc5ODQ2MDIwNTRfODYwNzQ3OTYyNDQxOTE3Mzk3X24uanBnIl0sWyJwIiwiZW5jb2RlIiwianBnIiwiLXF1YWxpdHkgODAiXSxbInAiLCJ0aHVtYiIsIjU5MHg1OTBcdTAwM2UiXV0?sha=2f234cb112520e96\" alt=\"\" \/><\/p>\n<div class=\"gallery-i-caption\"><\/div>\n<\/div>\n<div class=\"gallery-i\"><img src=\"https:\/\/cdn.oxu.az\/uploads\/W1siZiIsIjIwMjMvMTEvMTYvMTAvMzcvMDIvOTY2M2VlYTEtNDY4Zi00YWViLWE4MWItN2I2NzlmYjY4ODU0LzQwMDI5MTkzMV8zMDY0MDI2MTIyMzA0MTZfNTk5MDI3MjY0NjMyODc1Mjg3Nl9uLmpwZyJdLFsicCIsImVuY29kZSIsImpwZyIsIi1xdWFsaXR5IDgwIl0sWyJwIiwidGh1bWIiLCI1OTB4NTkwXHUwMDNlIl1d?sha=218c3476ffc641df\" alt=\"\" \/><\/div>\n<\/div>\n","protected":false},"excerpt":{"rendered":"<p>Kuba Respublikas\u0131n\u0131n Ba\u015f naziri Manuel Marrero Kruz Az\u0259rbaycan Respublikas\u0131n\u0131n s\u0259hiyy\u0259 naziri Teymur Musayevin ba\u015f\u00e7\u0131l\u0131q etdiyi n\u00fcmay\u0259nd\u0259 hey\u0259tini q\u0259bul edib. Bu bar\u0259d\u0259 S\u0259hiyy\u0259 Nazirliyi m\u0259lumat yay\u0131b. Bildirilib ki, Az\u0259rbaycan Respublikas\u0131n\u0131n s\u0259hiyy\u0259 naziri Teymur Musayevin ba\u015f\u00e7\u0131l\u0131q etdiyi n\u00fcmay\u0259nd\u0259 hey\u0259ti Kuba Respublikas\u0131nda i\u015fg\u00fczar s\u0259f\u0259rd\u0259dir. Az\u0259rbaycan Respublikas\u0131n\u0131n s\u0259hiyy\u0259 naziri Teymur Musayevin ba\u015f\u00e7\u0131l\u0131q etdiyi n\u00fcmay\u0259nd\u0259 hey\u0259tini Kuba Respublikas\u0131n\u0131n Ba\u015f naziri Manuel Marrero Kruz q\u0259bul edib. G\u00f6r\u00fc\u015fd\u0259 Kuba Respublikas\u0131n\u0131n Ba\u015f naziri Az\u0259rbaycan v\u0259 Kuban\u0131n tarixi milli liderl\u0259ri aras\u0131ndak\u0131 m\u00fcnasib\u0259tl\u0259rin xalqlar aras\u0131ndak\u0131 \u0259laq\u0259l\u0259rin s\u0259viyy\u0259sin\u0259 \u0259h\u0259miyy\u0259tli t\u0259sirini qeyd edib v\u0259 bundan m\u0259mnunlu\u011funu bildirib. Ba\u015f nazir Az\u0259rbaycan Respublikas\u0131n\u0131n Prezidenti\u00a0\u0130lham&hellip;<\/p>\n","protected":false},"author":2,"featured_media":656952,"comment_status":"closed","ping_status":"closed","sticky":false,"template":"","format":"standard","meta":{"om_disable_all_campaigns":false,"_monsterinsights_skip_tracking":false,"_monsterinsights_sitenote_active":false,"_monsterinsights_sitenote_note":"","_monsterinsights_sitenote_category":0},"categories":[1],"tags":[],"aioseo_notices":[],"gutentor_comment":0,"rttpg_featured_image_url":{"full":["https:\/\/arantv.az\/wp-content\/uploads\/2023\/11\/370270338_310743141844790_3121189853864680320_n.jpg",620,413,false],"landscape":["https:\/\/arantv.az\/wp-content\/uploads\/2023\/11\/370270338_310743141844790_3121189853864680320_n.jpg",620,413,false],"portraits":["https:\/\/arantv.az\/wp-content\/uploads\/2023\/11\/370270338_310743141844790_3121189853864680320_n.jpg",620,413,false],"thumbnail":["https:\/\/arantv.az\/wp-content\/uploads\/2023\/11\/370270338_310743141844790_3121189853864680320_n-500x280.jpg",500,280,true],"medium":["https:\/\/arantv.az\/wp-content\/uploads\/2023\/11\/370270338_310743141844790_3121189853864680320_n-548x365.jpg",548,365,true],"large":["https:\/\/arantv.az\/wp-content\/uploads\/2023\/11\/370270338_310743141844790_3121189853864680320_n.jpg",620,413,false],"1536x1536":["https:\/\/arantv.az\/wp-content\/uploads\/2023\/11\/370270338_310743141844790_3121189853864680320_n.jpg",620,413,false],"2048x2048":["https:\/\/arantv.az\/wp-content\/uploads\/2023\/11\/370270338_310743141844790_3121189853864680320_n.jpg",620,413,false],"post-thumbnail":["https:\/\/arantv.az\/wp-content\/uploads\/2023\/11\/370270338_310743141844790_3121189853864680320_n-240x172.jpg",240,172,true],"advps-thumb-one":["https:\/\/arantv.az\/wp-content\/uploads\/2023\/11\/370270338_310743141844790_3121189853864680320_n.jpg",620,413,false]},"rttpg_author":{"display_name":"V\u00fcsal Rafiqo\u011flu","author_link":"https:\/\/arantv.az\/?author=2"},"rttpg_comment":0,"rttpg_category":"<a href=\"https:\/\/arantv.az\/?cat=1\" rel=\"category\">C\u0259miyy\u0259t<\/a>","rttpg_excerpt":"Kuba Respublikas\u0131n\u0131n Ba\u015f naziri Manuel Marrero Kruz Az\u0259rbaycan Respublikas\u0131n\u0131n s\u0259hiyy\u0259 naziri Teymur Musayevin ba\u015f\u00e7\u0131l\u0131q etdiyi n\u00fcmay\u0259nd\u0259 hey\u0259tini q\u0259bul edib. Bu bar\u0259d\u0259 S\u0259hiyy\u0259 Nazirliyi m\u0259lumat yay\u0131b. Bildirilib ki, Az\u0259rbaycan Respublikas\u0131n\u0131n s\u0259hiyy\u0259 naziri Teymur Musayevin ba\u015f\u00e7\u0131l\u0131q etdiyi n\u00fcmay\u0259nd\u0259 hey\u0259ti Kuba Respublikas\u0131nda i\u015fg\u00fczar s\u0259f\u0259rd\u0259dir. Az\u0259rbaycan Respublikas\u0131n\u0131n s\u0259hiyy\u0259 naziri Teymur Musayevin ba\u015f\u00e7\u0131l\u0131q etdiyi n\u00fcmay\u0259nd\u0259 hey\u0259tini Kuba Respublikas\u0131n\u0131n Ba\u015f naziri&hellip;","_links":{"self":[{"href":"https:\/\/arantv.az\/index.php?rest_route=\/wp\/v2\/posts\/656951"}],"collection":[{"href":"https:\/\/arantv.az\/index.php?rest_route=\/wp\/v2\/posts"}],"about":[{"href":"https:\/\/arantv.az\/index.php?rest_route=\/wp\/v2\/types\/post"}],"author":[{"embeddable":true,"href":"https:\/\/arantv.az\/index.php?rest_route=\/wp\/v2\/users\/2"}],"replies":[{"embeddable":true,"href":"https:\/\/arantv.az\/index.php?rest_route=%2Fwp%2Fv2%2Fcomments&post=656951"}],"version-history":[{"count":0,"href":"https:\/\/arantv.az\/index.php?rest_route=\/wp\/v2\/posts\/656951\/revisions"}],"wp:featuredmedia":[{"embeddable":true,"href":"https:\/\/arantv.az\/index.php?rest_route=\/wp\/v2\/media\/656952"}],"wp:attachment":[{"href":"https:\/\/arantv.az\/index.php?rest_route=%2Fwp%2Fv2%2Fmedia&parent=656951"}],"wp:term":[{"taxonomy":"category","embeddable":true,"href":"https:\/\/arantv.az\/index.php?rest_route=%2Fwp%2Fv2%2Fcategories&post=656951"},{"taxonomy":"post_tag","embeddable":true,"href":"https:\/\/arantv.az\/index.php?rest_route=%2Fwp%2Fv2%2Ftags&post=656951"}],"curies":[{"name":"wp","href":"https:\/\/api.w.org\/{rel}","templated":true}]}}