{"id":656954,"date":"2023-11-16T10:53:06","date_gmt":"2023-11-16T06:53:06","guid":{"rendered":"https:\/\/arantv.az\/?p=656954"},"modified":"2023-11-16T10:53:06","modified_gmt":"2023-11-16T06:53:06","slug":"az%c9%99rbaycanda-prorektorun-q%c9%99tlini-sabiq-rektor-sifaris-edibmis-r%c9%99smi","status":"publish","type":"post","link":"https:\/\/arantv.az\/?p=656954","title":{"rendered":"Az\u0259rbaycanda prorektorun q\u0259tlini sabiq rektor sifari\u015f edibmi\u015f &#8211; R\u018fSM\u0130"},"content":{"rendered":"<p>12 il \u0259vv\u0259l t\u00f6r\u0259dilmi\u015f q\u0259sd\u0259n adam \u00f6ld\u00fcrm\u0259 cinay\u0259ti \u00fczr\u0259 daha iki\u00a0\u015f\u0259xs m\u0259suliyy\u0259t\u0259 c\u0259lb edilib.<\/p>\n<p>Bu bar\u0259d\u0259\u00a0Ba\u015f Prokurorlu\u011fun M\u0259tbuat Xidm\u0259ti\u00a0m\u0259lumat yay\u0131b.<\/p>\n<p>M\u0259lumata g\u00f6r\u0259,Elm v\u0259 T\u0259hsil M\u0259rk\u0259zi \u201cT\u0259f\u0259kk\u00fcr\u201d Universitetinin prorektoru Tariyel \u018fhm\u0259dovun 16 sentyabr 2011-ci il tarixind\u0259 q\u0259sd\u0259n \u00f6ld\u00fcr\u00fclm\u0259si fakt\u0131 il\u0259 ba\u011fl\u0131 ba\u015flanm\u0131\u015f cinay\u0259t i\u015fi \u00fczr\u0259 cari ilin aprel ay\u0131nda D\u0259yan\u0259t Quliyev Cinay\u0259t M\u0259c\u0259ll\u0259sinin m\u00fcvafiq madd\u0259sil\u0259 t\u0259qsirl\u0259ndiril\u0259n \u015f\u0259xs qismind\u0259 c\u0259lb edilm\u0259kl\u0259 i\u015f \u00fczr\u0259 \u0259h\u0259miyy\u0259t k\u0259sb ed\u0259n hallar\u0131n m\u00fc\u0259yy\u0259n olunmas\u0131 istiqam\u0259tind\u0259 t\u0259dbirl\u0259r g\u00f6r\u00fcl\u00fcr.<\/p>\n<p>Ba\u015f Prokurorluq, Daxili \u0130\u015fl\u0259r Nazirliyi v\u0259 \u018fdliyy\u0259 Nazirliyinin Penitensiar Xidm\u0259ti t\u0259r\u0259find\u0259n birg\u0259 ke\u00e7iril\u0259n \u00e7oxsayl\u0131 istintaq v\u0259 \u0259m\u0259liyyat-axtar\u0131\u015f t\u0259dbirl\u0259ri n\u0259tic\u0259sind\u0259 cinay\u0259t \u0259m\u0259linin sifari\u015f \u0259sas\u0131nda t\u00f6r\u0259dilm\u0259sin\u0259 dair s\u00fcbutlar \u0259ld\u0259 edilib.<\/p>\n<p>Bel\u0259 ki, cinay\u0259t hadis\u0259sinin ba\u015f verdiyi vaxt qeyd olunan t\u0259hsil m\u00fc\u0259ssis\u0259sinin rektoru v\u0259zif\u0259sind\u0259 i\u015fl\u0259mi\u015f, haz\u0131rda is\u0259 Az\u0259rbaycan Respublikas\u0131n\u0131n Elm v\u0259 T\u0259hsil Nazirliyinin \u0130qtisadiyyat \u0130nstitutunun icra\u00e7\u0131 direktoru v\u0259 h\u0259min \u0130qtisadiyyat \u0130nstitutu n\u0259zdind\u0259 \u0130qtisad elml\u0259ri sah\u0259sind\u0259 doktorluq dissertasiya \u015furas\u0131n\u0131n s\u0259dri v\u0259zif\u0259sind\u0259 \u00e7al\u0131\u015fan M\u00fc\u015fviq Ataki\u015fiyevin z\u0259r\u0259r\u00e7\u0259kmi\u015f \u015f\u0259xs Tariyel \u018fhm\u0259dovu i\u015fg\u00fczar n\u00fcfuzuna v\u0259 rektor v\u0259zif\u0259sind\u0259 qalmas\u0131na mane\u0259 kimi q\u0259bul etm\u0259si, bu s\u0259b\u0259bd\u0259n qisas m\u0259qs\u0259dil\u0259 pul m\u00fcqabilind\u0259 onun \u00f6ld\u00fcr\u00fclm\u0259sini \u00f6z qohumu D\u0259yan\u0259t Quliyev\u0259 sifari\u015f verm\u0259si, sonuncunun is\u0259 h\u0259mk\u0259ndlisi Samir Quliyevl\u0259 birg\u0259 cinay\u0259t \u0259m\u0259lini t\u00f6r\u0259tm\u0259sin\u0259 \u0259sasl\u0131 \u015f\u00fcbh\u0259l\u0259r m\u00fc\u0259yy\u0259n edilib.<\/p>\n<p>M\u00fc\u015fviq Ataki\u015fiyev (sifari\u015f\u00e7i) v\u0259 Samir Quliyev (icra\u00e7\u0131) i\u015f \u00fczr\u0259 Cinay\u0259t M\u0259c\u0259ll\u0259sinin 120.2.5-ci (tamah m\u0259qs\u0259dil\u0259 q\u0259sd\u0259n adam \u00f6ld\u00fcrm\u0259) madd\u0259si il\u0259 t\u0259qsirl\u0259ndiril\u0259n \u015f\u0259xs qismind\u0259 c\u0259lb edilib, m\u0259hk\u0259m\u0259nin q\u0259rar\u0131 il\u0259 M\u00fc\u015fviq Ataki\u015fiyev bar\u0259sind\u0259 v\u0259zif\u0259d\u0259n k\u0259narla\u015fd\u0131rmaqla h\u0259bs, Samir Quliyev bar\u0259sind\u0259 is\u0259 h\u0259bs q\u0259timkan t\u0259dbiri se\u00e7ilib.<\/p>\n<p>\u00d6t\u0259n ill\u0259rd\u0259n ba\u011fl\u0131 qalan qeyri-a\u015fkar \u015f\u0259raitd\u0259 t\u00f6r\u0259dilmi\u015f q\u0259sd\u0259n adam \u00f6ld\u00fcrm\u0259 cinay\u0259tl\u0259rinin \u00fcst\u00fcn\u00fcn a\u00e7\u0131lmas\u0131, cinay\u0259t t\u00f6r\u0259tmi\u015f \u015f\u0259xsl\u0259rin m\u0259suliyy\u0259t\u0259 c\u0259lb edilm\u0259l\u0259rinin t\u0259min olunmas\u0131 sah\u0259sind\u0259 kompleks t\u0259dbirl\u0259rin icras\u0131 davam etdirilir.<\/p>\n","protected":false},"excerpt":{"rendered":"<p>12 il \u0259vv\u0259l t\u00f6r\u0259dilmi\u015f q\u0259sd\u0259n adam \u00f6ld\u00fcrm\u0259 cinay\u0259ti \u00fczr\u0259 daha iki\u00a0\u015f\u0259xs m\u0259suliyy\u0259t\u0259 c\u0259lb edilib. Bu bar\u0259d\u0259\u00a0Ba\u015f Prokurorlu\u011fun M\u0259tbuat Xidm\u0259ti\u00a0m\u0259lumat yay\u0131b. M\u0259lumata g\u00f6r\u0259,Elm v\u0259 T\u0259hsil M\u0259rk\u0259zi \u201cT\u0259f\u0259kk\u00fcr\u201d Universitetinin prorektoru Tariyel \u018fhm\u0259dovun 16 sentyabr 2011-ci il tarixind\u0259 q\u0259sd\u0259n \u00f6ld\u00fcr\u00fclm\u0259si fakt\u0131 il\u0259 ba\u011fl\u0131 ba\u015flanm\u0131\u015f cinay\u0259t i\u015fi \u00fczr\u0259 cari ilin aprel ay\u0131nda D\u0259yan\u0259t Quliyev Cinay\u0259t M\u0259c\u0259ll\u0259sinin m\u00fcvafiq madd\u0259sil\u0259 t\u0259qsirl\u0259ndiril\u0259n \u015f\u0259xs qismind\u0259 c\u0259lb edilm\u0259kl\u0259 i\u015f \u00fczr\u0259 \u0259h\u0259miyy\u0259t k\u0259sb ed\u0259n hallar\u0131n m\u00fc\u0259yy\u0259n olunmas\u0131 istiqam\u0259tind\u0259 t\u0259dbirl\u0259r g\u00f6r\u00fcl\u00fcr. Ba\u015f Prokurorluq, Daxili \u0130\u015fl\u0259r Nazirliyi v\u0259 \u018fdliyy\u0259 Nazirliyinin Penitensiar Xidm\u0259ti t\u0259r\u0259find\u0259n birg\u0259 ke\u00e7iril\u0259n \u00e7oxsayl\u0131 istintaq v\u0259 \u0259m\u0259liyyat-axtar\u0131\u015f t\u0259dbirl\u0259ri n\u0259tic\u0259sind\u0259 cinay\u0259t&hellip;<\/p>\n","protected":false},"author":2,"featured_media":600215,"comment_status":"closed","ping_status":"closed","sticky":false,"template":"","format":"standard","meta":{"om_disable_all_campaigns":false,"_monsterinsights_skip_tracking":false,"_monsterinsights_sitenote_active":false,"_monsterinsights_sitenote_note":"","_monsterinsights_sitenote_category":0},"categories":[5],"tags":[],"aioseo_notices":[],"gutentor_comment":0,"rttpg_featured_image_url":{"full":["https:\/\/arantv.az\/wp-content\/uploads\/2023\/05\/bas_prokurorluq_yeni.jpg",1000,656,false],"landscape":["https:\/\/arantv.az\/wp-content\/uploads\/2023\/05\/bas_prokurorluq_yeni.jpg",1000,656,false],"portraits":["https:\/\/arantv.az\/wp-content\/uploads\/2023\/05\/bas_prokurorluq_yeni.jpg",1000,656,false],"thumbnail":["https:\/\/arantv.az\/wp-content\/uploads\/2023\/05\/bas_prokurorluq_yeni-500x280.jpg",500,280,true],"medium":["https:\/\/arantv.az\/wp-content\/uploads\/2023\/05\/bas_prokurorluq_yeni-556x365.jpg",556,365,true],"large":["https:\/\/arantv.az\/wp-content\/uploads\/2023\/05\/bas_prokurorluq_yeni-840x551.jpg",640,420,true],"1536x1536":["https:\/\/arantv.az\/wp-content\/uploads\/2023\/05\/bas_prokurorluq_yeni.jpg",1000,656,false],"2048x2048":["https:\/\/arantv.az\/wp-content\/uploads\/2023\/05\/bas_prokurorluq_yeni.jpg",1000,656,false],"post-thumbnail":["https:\/\/arantv.az\/wp-content\/uploads\/2023\/05\/bas_prokurorluq_yeni-240x172.jpg",240,172,true],"advps-thumb-one":["https:\/\/arantv.az\/wp-content\/uploads\/2023\/05\/bas_prokurorluq_yeni-1000x620.jpg",1000,620,true]},"rttpg_author":{"display_name":"V\u00fcsal Rafiqo\u011flu","author_link":"https:\/\/arantv.az\/?author=2"},"rttpg_comment":0,"rttpg_category":"<a href=\"https:\/\/arantv.az\/?cat=5\" rel=\"category\">Hadis\u0259<\/a>","rttpg_excerpt":"12 il \u0259vv\u0259l t\u00f6r\u0259dilmi\u015f q\u0259sd\u0259n adam \u00f6ld\u00fcrm\u0259 cinay\u0259ti \u00fczr\u0259 daha iki\u00a0\u015f\u0259xs m\u0259suliyy\u0259t\u0259 c\u0259lb edilib. Bu bar\u0259d\u0259\u00a0Ba\u015f Prokurorlu\u011fun M\u0259tbuat Xidm\u0259ti\u00a0m\u0259lumat yay\u0131b. M\u0259lumata g\u00f6r\u0259,Elm v\u0259 T\u0259hsil M\u0259rk\u0259zi \u201cT\u0259f\u0259kk\u00fcr\u201d Universitetinin prorektoru Tariyel \u018fhm\u0259dovun 16 sentyabr 2011-ci il tarixind\u0259 q\u0259sd\u0259n \u00f6ld\u00fcr\u00fclm\u0259si fakt\u0131 il\u0259 ba\u011fl\u0131 ba\u015flanm\u0131\u015f cinay\u0259t i\u015fi \u00fczr\u0259 cari ilin aprel ay\u0131nda D\u0259yan\u0259t Quliyev Cinay\u0259t M\u0259c\u0259ll\u0259sinin m\u00fcvafiq madd\u0259sil\u0259 t\u0259qsirl\u0259ndiril\u0259n&hellip;","_links":{"self":[{"href":"https:\/\/arantv.az\/index.php?rest_route=\/wp\/v2\/posts\/656954"}],"collection":[{"href":"https:\/\/arantv.az\/index.php?rest_route=\/wp\/v2\/posts"}],"about":[{"href":"https:\/\/arantv.az\/index.php?rest_route=\/wp\/v2\/types\/post"}],"author":[{"embeddable":true,"href":"https:\/\/arantv.az\/index.php?rest_route=\/wp\/v2\/users\/2"}],"replies":[{"embeddable":true,"href":"https:\/\/arantv.az\/index.php?rest_route=%2Fwp%2Fv2%2Fcomments&post=656954"}],"version-history":[{"count":0,"href":"https:\/\/arantv.az\/index.php?rest_route=\/wp\/v2\/posts\/656954\/revisions"}],"wp:featuredmedia":[{"embeddable":true,"href":"https:\/\/arantv.az\/index.php?rest_route=\/wp\/v2\/media\/600215"}],"wp:attachment":[{"href":"https:\/\/arantv.az\/index.php?rest_route=%2Fwp%2Fv2%2Fmedia&parent=656954"}],"wp:term":[{"taxonomy":"category","embeddable":true,"href":"https:\/\/arantv.az\/index.php?rest_route=%2Fwp%2Fv2%2Fcategories&post=656954"},{"taxonomy":"post_tag","embeddable":true,"href":"https:\/\/arantv.az\/index.php?rest_route=%2Fwp%2Fv2%2Ftags&post=656954"}],"curies":[{"name":"wp","href":"https:\/\/api.w.org\/{rel}","templated":true}]}}