{"id":656960,"date":"2023-11-16T11:02:46","date_gmt":"2023-11-16T07:02:46","guid":{"rendered":"https:\/\/arantv.az\/?p=656960"},"modified":"2023-11-16T11:02:46","modified_gmt":"2023-11-16T07:02:46","slug":"fransa-s%c9%99firl%c9%99ri-makrona-usyan-etdil%c9%99r-parisd%c9%99-ara-qarisib","status":"publish","type":"post","link":"https:\/\/arantv.az\/?p=656960","title":{"rendered":"Fransa s\u0259firl\u0259ri Makrona \u00fcsyan etdil\u0259r: Parisd\u0259 ara qar\u0131\u015f\u0131b"},"content":{"rendered":"<blockquote><p><em><strong>\u00c7a\u011fda\u015f Fransan\u0131n tarixind\u0259 ilk d\u0259f\u0259 olaraq \u00f6lk\u0259 diplomatlar\u0131 d\u00f6vl\u0259t ba\u015f\u00e7\u0131s\u0131n\u0131n y\u00fcr\u00fctd\u00fcy\u00fc siyas\u0259t\u0259 a\u00e7\u0131q \u015f\u0259kild\u0259, \u00e7ox s\u0259rt formada etiraz edibl\u0259r. Bunu art\u0131q diplomatik \u00fcsyan, Fransan\u0131n Yax\u0131n \u015e\u0259rqd\u0259ki xarici siyas\u0259tinin fiaskosu da adland\u0131r\u0131rlar.<\/strong><\/em><\/p><\/blockquote>\n<p>Fransan\u0131n Livan, Tunis, M\u0259rake\u015f, Misir, \u0130ordaniya, \u0130raq, Q\u0259t\u0259r, Birl\u0259\u015fmi\u015f \u018fr\u0259b \u018fmirlikl\u0259ri, B\u0259hreyn, K\u00fcveytd\u0259ki s\u0259firl\u0259ri \u00f6lk\u0259 prezidenti Emmanuel Makrona &#8220;birg\u0259 nota&#8221; format\u0131nda m\u0259ktub \u00fcnvanlayaraq \u0130srail-F\u0259l\u0259stin m\u00fcnaqi\u015f\u0259sind\u0259 r\u0259smi Parisin tutdu\u011fu m\u00f6vqey\u0259 g\u00f6r\u0259 t\u0259\u0259ss\u00fcfl\u0259ndikl\u0259rini v\u0259 qay\u011f\u0131land\u0131qlar\u0131n\u0131 bildiribl\u0259r.<\/p>\n<p><strong>&#8220;Le Figaro&#8221; v\u0259 &#8220;Le Parisien&#8221; bildirirl\u0259r ki, Fransa diplomatiyas\u0131n\u0131n Yax\u0131n \u015e\u0259rqd\u0259 v\u0259 \u00fcmumiyy\u0259tl\u0259, \u0259r\u0259b \u00f6lk\u0259l\u0259rind\u0259ki f\u0259aliyy\u0259tind\u0259 indiy\u0259d\u0259k misli g\u00f6r\u00fcnm\u0259mi\u015f demar\u015f say\u0131la bil\u0259c\u0259k birg\u0259 nota t\u0259cr\u00fcb\u0259li diplomatlar\u0131n s\u0259brinin t\u00fck\u0259ndiyind\u0259n x\u0259b\u0259r verir.<\/strong><\/p>\n<p>S\u0259firl\u0259rin fikrinc\u0259, Emmanuel Makronun \u0130srail-F\u0259l\u0259stin m\u00fcnaqi\u015f\u0259sind\u0259ki m\u00f6vqeyi Parisin \u0259r\u0259b d\u00f6vl\u0259tl\u0259rind\u0259ki n\u00fcfuzuna \u00e7ox a\u011f\u0131r z\u0259rb\u0259 vurur.<\/p>\n<p>M\u0259ktub Fransan\u0131n X\u0130N-n\u0259 v\u0259 Yelisey Saray\u0131na g\u00f6nd\u0259rilib.<\/p>\n<p>Diplomatlar\u0131n fikrinc\u0259, Emmanuel Makronun Yax\u0131n \u015e\u0259rqd\u0259ki prosesl\u0259rl\u0259 ba\u011fl\u0131 m\u00f6vqeyi v\u0259 regional siyas\u0259ti normall\u0131qdan, balansla\u015fd\u0131r\u0131lm\u0131\u015f strategiyadan v\u0259 d\u00fc\u015f\u00fcn\u00fclm\u00fc\u015f yana\u015fmadan \u00e7ox uzaqd\u0131r.<\/p>\n<p>&#8220;N\u0259tic\u0259d\u0259 \u015eimali Afrika v\u0259 Yax\u0131n \u015e\u0259rq \u00f6lk\u0259l\u0259rind\u0259 Fransan\u0131n n\u00fcfuzuna \u00e7ox a\u011f\u0131r z\u0259rb\u0259l\u0259r d\u0259yir&#8221;, &#8211; s\u0259firl\u0259rin birg\u0259 notas\u0131nda bildirilib.<\/p>\n<p>Yelisey Saray\u0131 v\u0259 Fransa X\u0130N-i s\u0259firl\u0259rin birg\u0259 m\u0259ktubunu \u015f\u0259rh etm\u0259kd\u0259n boyun qa\u00e7\u0131r\u0131blar.<\/p>\n<p>X\u0130N m\u0259nsubu sad\u0259c\u0259, s\u00f6yl\u0259yib: &#8220;Fransan\u0131n xarici siyas\u0259tini v\u0259t\u0259nda\u015flar\u0131n se\u00e7dikl\u0259ri prezident v\u0259 h\u00f6kum\u0259tt m\u00fc\u0259yy\u0259nl\u0259\u015fdirir. Konkret halda diplomatik f\u0259aliyy\u0259t\u0259 xarici i\u015fl\u0259r naziri r\u0259hb\u0259rlik edir. M\u0259ktubun m\u0259zmunu konfidensial oldu\u011fundan, \u015f\u0259rh ed\u0259 bilm\u0259rik&#8221;.<\/p>\n<p>M\u00fcxt\u0259lif ill\u0259rd\u0259 Fransan\u0131n \u015eimali Afrika \u00f6lk\u0259l\u0259rind\u0259 s\u0259firl\u0259ri olmu\u015f\u00a0<strong>Deni Bo\u015far, \u015earl-Anri d-Araqon v\u0259 \u0130v Oben de la Messyuzyer<\/strong>in fikrinc\u0259, birg\u0259 notan\u0131n tam m\u0259zmununu m\u00fc\u0259llifl\u0259ri, y\u0259ni s\u0259firl\u0259r d\u0259 a\u00e7\u0131qlamaq ist\u0259mirl\u0259r.<\/p>\n<p>Lakin \u0259ld\u0259 etdiyimiz m\u0259lumatlara g\u00f6r\u0259, Fransa s\u0259firl\u0259rinin s\u0259rt demar\u015f t\u0259siri ba\u011f\u0131\u015flayan birg\u0259 notas\u0131 Emmanuel Makrona qar\u015f\u0131 at\u0131lm\u0131\u015f &#8220;ilk add\u0131m&#8221;d\u0131r.<\/p>\n<p>Fransa X\u0130N-in yerl\u0259\u015fdiyi Orse Bulvar\u0131nda \u00f6lk\u0259 prezidentinin v\u0259 \u00fcmumiyy\u0259tl\u0259, r\u0259smi Parisin Yax\u0131n \u015e\u0259rq, \u015eimali Afrika v\u0259 postsovet \u00f6lk\u0259l\u0259rind\u0259ki siyas\u0259ti il\u0259 ba\u011fl\u0131 naraz\u0131l\u0131q art\u0131r. T\u0259cr\u00fcb\u0259li diplomatlar Fransan\u0131n bu b\u00f6lg\u0259l\u0259rd\u0259 faktiki fiaskoya u\u011frad\u0131\u011f\u0131n\u0131, diplomatiya m\u00fcst\u0259visind\u0259 s\u00fcr\u0259kli m\u0259\u011flubiyy\u0259tl\u0259r\u0259 d\u00fc\u00e7ar oldu\u011funu vur\u011fulay\u0131rlar.<\/p>\n<p>Makron administrasiyas\u0131n\u0131n Afrikadan sonra Yax\u0131n \u015e\u0259rqd\u0259 d\u0259 ciddi diplomatik, siyasi v\u0259 geosiyasi itkil\u0259rl\u0259 \u00fczzl\u0259\u015fdiiyini etiraf ed\u0259n fransal\u0131 diplomatlar\u0131n fikrinc\u0259, C\u0259nubi Qafqazdak\u0131 situasiyada da Parisin birm\u0259nal\u0131 olaraq t\u0259r\u0259f tutmas\u0131, m\u00fcvazin\u0259t\u0259 uy\u011funla\u015fmayan siyas\u0259t y\u00fcr\u00fctm\u0259si Fransan\u0131n yeni itkil\u0259r verm\u0259si il\u0259 n\u0259tic\u0259l\u0259n\u0259 bil\u0259r.<\/p>\n<p><strong>&#8220;Parisd\u0259 ara qar\u0131\u015f\u0131b: ilk d\u0259f\u0259dir prezident\u0259 qar\u015f\u0131 diplomatik qiyam ba\u015flan\u0131b&#8221;, &#8211; Fransan\u0131n n\u00fcfuzlu medias\u0131 olay\u0131 bel\u0259 \u015f\u0259rh ed<\/strong>ir.<\/p>\n<p>Frasnan\u0131n tan\u0131nm\u0131\u015f, t\u0259cr\u00fcb\u0259li diplomatlar\u0131 onu da vur\u011fulay\u0131blar ki, &#8220;birg\u0259 nota&#8221;dan sonra yeni add\u0131m olacaq.<\/p>\n<p>H\u0259min add\u0131m bar\u0259d\u0259 t\u0259f\u0259rr\u00fcatl\u0131 a\u00e7\u0131qlama verilm\u0259s\u0259 d\u0259, Emmanuel Makrona he\u00e7 xo\u015f olmayacaq &#8220;s\u00fcrpriz&#8221; t\u0259siri ba\u011f\u0131\u015flayaca\u011f\u0131 \u015f\u00fcbh\u0259sizdir.<\/p>\n<p><strong>El\u00e7in Al\u0131o\u011flu<br \/>\nTREND<\/strong><\/p>\n","protected":false},"excerpt":{"rendered":"<p>\u00c7a\u011fda\u015f Fransan\u0131n tarixind\u0259 ilk d\u0259f\u0259 olaraq \u00f6lk\u0259 diplomatlar\u0131 d\u00f6vl\u0259t ba\u015f\u00e7\u0131s\u0131n\u0131n y\u00fcr\u00fctd\u00fcy\u00fc siyas\u0259t\u0259 a\u00e7\u0131q \u015f\u0259kild\u0259, \u00e7ox s\u0259rt formada etiraz edibl\u0259r. Bunu art\u0131q diplomatik \u00fcsyan, Fransan\u0131n Yax\u0131n \u015e\u0259rqd\u0259ki xarici siyas\u0259tinin fiaskosu da adland\u0131r\u0131rlar. Fransan\u0131n Livan, Tunis, M\u0259rake\u015f, Misir, \u0130ordaniya, \u0130raq, Q\u0259t\u0259r, Birl\u0259\u015fmi\u015f \u018fr\u0259b \u018fmirlikl\u0259ri, B\u0259hreyn, K\u00fcveytd\u0259ki s\u0259firl\u0259ri \u00f6lk\u0259 prezidenti Emmanuel Makrona &#8220;birg\u0259 nota&#8221; format\u0131nda m\u0259ktub \u00fcnvanlayaraq \u0130srail-F\u0259l\u0259stin m\u00fcnaqi\u015f\u0259sind\u0259 r\u0259smi Parisin tutdu\u011fu m\u00f6vqey\u0259 g\u00f6r\u0259 t\u0259\u0259ss\u00fcfl\u0259ndikl\u0259rini v\u0259 qay\u011f\u0131land\u0131qlar\u0131n\u0131 bildiribl\u0259r. &#8220;Le Figaro&#8221; v\u0259 &#8220;Le Parisien&#8221; bildirirl\u0259r ki, Fransa diplomatiyas\u0131n\u0131n Yax\u0131n \u015e\u0259rqd\u0259 v\u0259 \u00fcmumiyy\u0259tl\u0259, \u0259r\u0259b \u00f6lk\u0259l\u0259rind\u0259ki f\u0259aliyy\u0259tind\u0259 indiy\u0259d\u0259k misli g\u00f6r\u00fcnm\u0259mi\u015f demar\u015f say\u0131la bil\u0259c\u0259k birg\u0259 nota t\u0259cr\u00fcb\u0259li&hellip;<\/p>\n","protected":false},"author":2,"featured_media":656961,"comment_status":"closed","ping_status":"closed","sticky":false,"template":"","format":"standard","meta":{"om_disable_all_campaigns":false,"_monsterinsights_skip_tracking":false,"_monsterinsights_sitenote_active":false,"_monsterinsights_sitenote_note":"","_monsterinsights_sitenote_category":0},"categories":[4],"tags":[],"aioseo_notices":[],"gutentor_comment":0,"rttpg_featured_image_url":{"full":["https:\/\/arantv.az\/wp-content\/uploads\/2023\/11\/48ce8a6e03f4f3e14f1f57db70d457b3.jpg",870,500,false],"landscape":["https:\/\/arantv.az\/wp-content\/uploads\/2023\/11\/48ce8a6e03f4f3e14f1f57db70d457b3.jpg",870,500,false],"portraits":["https:\/\/arantv.az\/wp-content\/uploads\/2023\/11\/48ce8a6e03f4f3e14f1f57db70d457b3.jpg",870,500,false],"thumbnail":["https:\/\/arantv.az\/wp-content\/uploads\/2023\/11\/48ce8a6e03f4f3e14f1f57db70d457b3-500x280.jpg",500,280,true],"medium":["https:\/\/arantv.az\/wp-content\/uploads\/2023\/11\/48ce8a6e03f4f3e14f1f57db70d457b3-635x365.jpg",635,365,true],"large":["https:\/\/arantv.az\/wp-content\/uploads\/2023\/11\/48ce8a6e03f4f3e14f1f57db70d457b3-840x483.jpg",640,368,true],"1536x1536":["https:\/\/arantv.az\/wp-content\/uploads\/2023\/11\/48ce8a6e03f4f3e14f1f57db70d457b3.jpg",870,500,false],"2048x2048":["https:\/\/arantv.az\/wp-content\/uploads\/2023\/11\/48ce8a6e03f4f3e14f1f57db70d457b3.jpg",870,500,false],"post-thumbnail":["https:\/\/arantv.az\/wp-content\/uploads\/2023\/11\/48ce8a6e03f4f3e14f1f57db70d457b3-240x172.jpg",240,172,true],"advps-thumb-one":["https:\/\/arantv.az\/wp-content\/uploads\/2023\/11\/48ce8a6e03f4f3e14f1f57db70d457b3.jpg",870,500,false]},"rttpg_author":{"display_name":"V\u00fcsal Rafiqo\u011flu","author_link":"https:\/\/arantv.az\/?author=2"},"rttpg_comment":0,"rttpg_category":"<a href=\"https:\/\/arantv.az\/?cat=4\" rel=\"category\">Siyas\u0259t<\/a>","rttpg_excerpt":"\u00c7a\u011fda\u015f Fransan\u0131n tarixind\u0259 ilk d\u0259f\u0259 olaraq \u00f6lk\u0259 diplomatlar\u0131 d\u00f6vl\u0259t ba\u015f\u00e7\u0131s\u0131n\u0131n y\u00fcr\u00fctd\u00fcy\u00fc siyas\u0259t\u0259 a\u00e7\u0131q \u015f\u0259kild\u0259, \u00e7ox s\u0259rt formada etiraz edibl\u0259r. Bunu art\u0131q diplomatik \u00fcsyan, Fransan\u0131n Yax\u0131n \u015e\u0259rqd\u0259ki xarici siyas\u0259tinin fiaskosu da adland\u0131r\u0131rlar. Fransan\u0131n Livan, Tunis, M\u0259rake\u015f, Misir, \u0130ordaniya, \u0130raq, Q\u0259t\u0259r, Birl\u0259\u015fmi\u015f \u018fr\u0259b \u018fmirlikl\u0259ri, B\u0259hreyn, K\u00fcveytd\u0259ki s\u0259firl\u0259ri \u00f6lk\u0259 prezidenti Emmanuel Makrona &#8220;birg\u0259 nota&#8221; format\u0131nda m\u0259ktub \u00fcnvanlayaraq \u0130srail-F\u0259l\u0259stin&hellip;","_links":{"self":[{"href":"https:\/\/arantv.az\/index.php?rest_route=\/wp\/v2\/posts\/656960"}],"collection":[{"href":"https:\/\/arantv.az\/index.php?rest_route=\/wp\/v2\/posts"}],"about":[{"href":"https:\/\/arantv.az\/index.php?rest_route=\/wp\/v2\/types\/post"}],"author":[{"embeddable":true,"href":"https:\/\/arantv.az\/index.php?rest_route=\/wp\/v2\/users\/2"}],"replies":[{"embeddable":true,"href":"https:\/\/arantv.az\/index.php?rest_route=%2Fwp%2Fv2%2Fcomments&post=656960"}],"version-history":[{"count":0,"href":"https:\/\/arantv.az\/index.php?rest_route=\/wp\/v2\/posts\/656960\/revisions"}],"wp:featuredmedia":[{"embeddable":true,"href":"https:\/\/arantv.az\/index.php?rest_route=\/wp\/v2\/media\/656961"}],"wp:attachment":[{"href":"https:\/\/arantv.az\/index.php?rest_route=%2Fwp%2Fv2%2Fmedia&parent=656960"}],"wp:term":[{"taxonomy":"category","embeddable":true,"href":"https:\/\/arantv.az\/index.php?rest_route=%2Fwp%2Fv2%2Fcategories&post=656960"},{"taxonomy":"post_tag","embeddable":true,"href":"https:\/\/arantv.az\/index.php?rest_route=%2Fwp%2Fv2%2Ftags&post=656960"}],"curies":[{"name":"wp","href":"https:\/\/api.w.org\/{rel}","templated":true}]}}