{"id":656963,"date":"2023-11-16T11:04:53","date_gmt":"2023-11-16T07:04:53","guid":{"rendered":"https:\/\/arantv.az\/?p=656963"},"modified":"2023-11-16T11:04:53","modified_gmt":"2023-11-16T07:04:53","slug":"ai-nin-q%c9%99r%c9%99zli-c%c9%99nubi-qafqaz-siyas%c9%99ti-az%c9%99rbaycanin-baris-movqeyi-kiml%c9%99rin-planlarini-pozur","status":"publish","type":"post","link":"https:\/\/arantv.az\/?p=656963","title":{"rendered":"A\u0130-nin q\u0259r\u0259zli C\u0259nubi Qafqaz siyas\u0259ti &#8211; Az\u0259rbaycan\u0131n bar\u0131\u015f m\u00f6vqeyi kiml\u0259rin planlar\u0131n\u0131 pozur&#8230;"},"content":{"rendered":"<p><strong>Qoca qit\u0259nin d\u00f6vl\u0259tl\u0259ri s\u00fclh\u0259 yox, onun ba\u015f tutmamas\u0131na h\u0259d\u0259fl\u0259nib; politoloq: \u201cRusiyan\u0131 C\u0259nubi Qafqazdan s\u0131x\u0131\u015fd\u0131r\u0131b \u00e7\u0131xarmaq niyy\u0259ti Avropa \u00f6lk\u0259l\u0259rinin i\u015ftah\u0131n\u0131 art\u0131r\u0131b\u201d<\/strong><\/p>\n<p>Postm\u00fcharib\u0259 d\u00f6vr\u00fcnd\u0259 Avropa \u0130ttifaq\u0131 (A\u0130) Az\u0259rbaycanla Erm\u0259nistan aras\u0131nda s\u00fclh m\u00fcqavil\u0259sinin imzalanmas\u0131 \u00fc\u00e7\u00fcn \u00f6z\u00fcn\u00fc maraql\u0131 v\u0259 s\u0259mimi (?) vasit\u0259\u00e7i kimi g\u00f6st\u0259rm\u0259y\u0259 \u00e7al\u0131\u015fd\u0131. Bu istiqam\u0259td\u0259 bir ne\u00e7\u0259 g\u00f6r\u00fc\u015f t\u0259\u015fkil olundu v\u0259 Az\u0259rbaycan b\u00fct\u00fcn t\u0259maslarda i\u015ftirak ed\u0259r\u0259k, \u00f6z bar\u0131\u015f m\u00f6vqeyini bir daha s\u0259rgil\u0259di.<\/p>\n<p>Lakin zaman ke\u00e7dikc\u0259 b\u0259lli oldu ki, A\u0130 he\u00e7 d\u0259 s\u0259mimi deyil v\u0259 onlar\u0131 maraqland\u0131ran s\u00fclh m\u00fcqavil\u0259si deyil. Fransa v\u0259 Almaniyan\u0131n tam, a\u00e7\u0131q q\u0259r\u0259zli m\u00f6vqel\u0259ri o h\u0259dd\u0259 \u00e7atd\u0131 ki, Az\u0259rbaycan oktyabr\u0131n 5-d\u0259 \u0130spaniyan\u0131n Qranada \u015f\u0259h\u0259rind\u0259 ke\u00e7iril\u0259n g\u00f6r\u00fc\u015fd\u0259 i\u015ftirakdan imtina el\u0259di. Faktiki olaraq Avropa co\u011frafiyas\u0131nda tutulan C\u0259nubi Qafqaz siyas\u0259ti birm\u0259nal\u0131 olaraq s\u00fclh\u00fcn ba\u015f tutmamas\u0131na y\u00f6n\u0259lib. Az\u0259rbaycan bunu if\u015fa ed\u0259nd\u0259n v\u0259 \u201cregionla ba\u011fl\u0131 m\u0259s\u0259l\u0259l\u0259r regiondan k\u0259nar q\u00fcvv\u0259l\u0259rl\u0259 m\u00fczakir\u0259 olunmamal\u0131d\u0131r\u201d kimi haql\u0131 m\u00f6vqeyini ortaya qoyandan sonra A\u0130 kartlar\u0131 a\u00e7\u0131b. Birm\u0259nal\u0131 \u015f\u0259kild\u0259 anti-Az\u0259rbaycan m\u00f6vqeyi n\u00fcmayi\u015f etdirirl\u0259r. H\u0259m\u00e7inin Erm\u0259nistan\u0131 n\u00f6vb\u0259ti d\u0259f\u0259 fitvalamaq, v\u0259ziyy\u0259ti g\u0259rginl\u0259\u015fdirm\u0259k \u00fc\u00e7\u00fcn onu silahland\u0131r\u0131rlar.<\/p>\n<p><strong>\u201cA\u0130 t\u0259r\u0259finin Erm\u0259nistan\u0131 silahland\u0131rmaq v\u0259 bununla b\u00f6lg\u0259mizd\u0259 s\u00fclh v\u0259 sabitliy\u0259 mane olan m\u0259krli h\u0259rbil\u0259\u015fm\u0259 siyas\u0259tini d\u0259st\u0259kl\u0259m\u0259k s\u0259yl\u0259ri, b\u00f6lg\u0259mizd\u0259 yeni qar\u015f\u0131durmalara s\u00fcr\u00fckl\u0259y\u0259n siyas\u0259tin t\u0259\u015fviq olunmas\u0131d\u0131r v\u0259 bunun m\u0259suliyy\u0259ti eyni zamanda A\u0130-nin \u00fcz\u0259rin\u0259 d\u00fc\u015f\u00fcr\u201d.\u00a0<\/strong><\/p>\n<p>Bu, Az\u0259rbaycan Xarici \u0130\u015fl\u0259r Nazirliyi (X\u0130N) Avropa \u0130ttifaq\u0131n\u0131n (A\u0130) xarici i\u015fl\u0259r v\u0259 t\u0259hl\u00fck\u0259sizlik siyas\u0259ti \u00fczr\u0259 ali n\u00fcmay\u0259nd\u0259si Cozep Borrel\u0259 cavab\u0131nda qeyd edilib. \u201cBu m\u0259qs\u0259dl\u0259, dig\u0259r sah\u0259l\u0259rl\u0259 yana\u015f\u0131, h\u0259rbi potensial\u0131n g\u00fccl\u0259ndirilm\u0259sini n\u0259z\u0259rd\u0259 tutan Avropa S\u00fclh T\u0259\u015f\u0259bb\u00fcs\u00fcnd\u0259n istifad\u0259 edilm\u0259si planlar\u0131 b\u00f6lg\u0259d\u0259 g\u0259rginliyin artmas\u0131na xidm\u0259t edir. Bir daha xat\u0131rlad\u0131r\u0131q ki, Az\u0259rbaycanla t\u0259hdid dili il\u0259 dan\u0131\u015fmaq q\u0259buledilm\u0259zdir v\u0259 h\u0259r hans\u0131 qeyri-dost h\u0259r\u0259k\u0259t m\u00fcsb\u0259t n\u0259tic\u0259l\u0259nm\u0259m\u0259kl\u0259 yana\u015f\u0131, adekvat \u015f\u0259kild\u0259 cavabland\u0131r\u0131lacaq\u201d &#8211; dey\u0259, b\u0259yanatda vur\u011fulan\u0131b.<\/p>\n<p><strong>Avropa \u0130ttifaq\u0131n\u0131n eyb\u0259c\u0259r C\u0259nubi Qafqaz siyas\u0259tinin arxas\u0131nda hans\u0131 s\u0259b\u0259bl\u0259r dayan\u0131r? Onlar s\u00fclh\u00fcn regional qaydada ba\u015f tutmamas\u0131 \u00fc\u00e7\u00fcn niy\u0259 d\u0259rid\u0259n-qab\u0131qdan \u00e7\u0131x\u0131rlar? Bunu Rusiya il\u0259 sava\u015f kontekstind\u0259 d\u0259 \u015f\u0259rh etm\u0259k m\u00fcmk\u00fcnd\u00fcrm\u00fc?\u00a0<\/strong><\/p>\n<p><img src=\"https:\/\/azertag.az\/files\/2023\/2\/1200x630\/1692188263303505561_1200x630.jpg\" alt=\"Az\u0259rbaycan\u0131n suveren \u0259razisind\u0259 h\u0259r hans\u0131 t\u0259hl\u00fck\u0259 t\u00f6r\u0259dilm\u0259si yeni  antiterror \u0259m\u0259liyyat\u0131n\u0131 \u015f\u0259rtl\u0259ndirir - AZ\u018fRTAC\" \/><\/p>\n<p><strong>\u015e\u0259hla C\u0259lilzad\u0259\u00a0<\/strong><\/p>\n<p><strong>Beyn\u0259lxalq m\u00fcnasib\u0259tl\u0259r \u00fczr\u0259 \u015f\u0259rh\u00e7i \u015e\u0259hla C\u0259lilzad\u0259 \u201cYeni M\u00fcsavat\u201da bildirdi ki, Q\u0259rb t\u0259bii olaraq, h\u0259r zamank\u0131 kimi ikiba\u015fl\u0131 siyas\u0259t h\u0259yata ke\u00e7irir: \u201c1 milyonad\u0259k az\u0259rbaycanl\u0131 qa\u00e7q\u0131n v\u0259 m\u0259cburi k\u00f6\u00e7k\u00fcn \u00fc\u00e7\u00fcn he\u00e7 bir narahatl\u0131q ke\u00e7irm\u0259y\u0259n Q\u0259rb \u00f6lk\u0259l\u0259ri indi 100 min erm\u0259ninin &#8211; hans\u0131 ki, k\u00f6n\u00fcll\u00fc \u00e7\u0131x\u0131b gedibl\u0259r &#8211; Qaraba\u011fa geri qay\u0131tmas\u0131 \u00fc\u00e7\u00fcn \u0259ll\u0259rind\u0259n g\u0259l\u0259ni \u0259sirg\u0259mirl\u0259r. 13 noyabrda A\u0130 Xarici \u0130\u015fl\u0259r \u015euras\u0131n\u0131n toplant\u0131s\u0131nda Cozep Borrel bildirib ki, &#8220;Erm\u0259nistan\u0131n \u0259razi b\u00fct\u00f6vl\u00fcy\u00fcn\u00fcn pozulmas\u0131 bizim \u00fc\u00e7\u00fcn q\u0259buledilm\u0259zdir v\u0259 bel\u0259 bir \u015fey ba\u015f ver\u0259rs\u0259, bu, bizim Az\u0259rbaycanla m\u00fcnasib\u0259tl\u0259rimizin keyfiyy\u0259tin\u0259 ciddi t\u0259sir g\u00f6st\u0259r\u0259c\u0259k&#8221;. Halbuki Erm\u0259nistan\u0131n Az\u0259rbaycan torpaqlar\u0131n\u0131 i\u015f\u011fal alt\u0131nda saxlad\u0131\u011f\u0131 30 ild\u0259 A\u0130-Erm\u0259nistan m\u00fcnasib\u0259tl\u0259ri he\u00e7 bir neqativ keyfiyy\u0259t d\u0259yi\u015fikliyin\u0259 m\u0259ruz qalmam\u0131\u015fd\u0131, \u0259ksin\u0259, A\u0130 indi Erm\u0259nistan\u0131 Q\u0259rbl\u0259 inteqrasiyaya h\u0259v\u0259sl\u0259ndirir. Bu, daha \u00e7ox Rusiyan\u0131n narahat oldu\u011fu bir m\u0259s\u0259l\u0259dir.\u00a0<\/strong><\/p>\n<p>Avropa \u0130ttifaq\u0131 vaxtil\u0259 G\u00fcrc\u00fcstan\u0131n Avroatlantik inteqrasiya ist\u0259yini h\u0259v\u0259sl\u0259ndirdi v\u0259 n\u0259tic\u0259 2008-ci ilin avqustunda Rusiya il\u0259 5 g\u00fcnl\u00fck m\u00fcharib\u0259 oldu. A\u0130 Ukraynan\u0131n Avroatlantik h\u0259v\u0259sl\u0259rini d\u0259st\u0259kl\u0259di v\u0259 n\u0259tic\u0259 2014-c\u00fc ild\u0259 Kr\u0131m\u0131n Rusiyaya ilhaq\u0131, 2022-ci ild\u0259 is\u0259 geni\u015fmiqyasl\u0131 m\u00fcharib\u0259nin ba\u015flanmas\u0131, Donetsk, Luqansk, Zaparoje v\u0259 Xersonun ilhaq\u0131, Ukraynan\u0131n de-fakto par\u00e7alanmas\u0131 oldu. Maraql\u0131d\u0131r ki, Ukraynan\u0131 A\u0130 v\u0259 NATO-ya \u00fczvl\u00fcy\u0259 d\u0259v\u0259t ed\u0259nl\u0259r indi Ukraynaya \u00e7a\u011f\u0131r\u0131\u015f edirl\u0259r ki, Rusiya il\u0259 m\u00fcharib\u0259ni dayand\u0131rs\u0131n v\u0259 haz\u0131rk\u0131 (par\u00e7alanm\u0131\u015f) v\u0259ziyy\u0259td\u0259 Q\u0259rb blokuna daxil olsun. Y\u0259ni Avropa v\u0259 Amerikan\u0131 maraqland\u0131ran Rusiya v\u0259 \u00c7in qar\u015f\u0131s\u0131nda \u00f6z bloklar\u0131n\u0131n geni\u015fl\u0259nm\u0259sidir. Bunun bloka daxil olan d\u00f6vl\u0259t, o c\u00fcml\u0259d\u0259n Erm\u0259nistan \u00fc\u00e7\u00fcn n\u0259 bahas\u0131na ba\u015fa g\u0259l\u0259c\u0259yi onlar\u0131 q\u0259tiyy\u0259n maraqland\u0131rm\u0131r.<\/p>\n<p>\u0130ndi erm\u0259nil\u0259r \u00f6z Avroatlantik x\u0259yallar\u0131 il\u0259 d\u00f6vl\u0259t\u00e7ilikl\u0259rini qurban verm\u0259kl\u0259 m\u0259\u015f\u011fuldurlar. Lakin burada Az\u0259rbaycan \u00fc\u00e7\u00fcn h\u0259ssas m\u0259qam ondan ibar\u0259tdir ki, C\u0259nubi Qafqaz bar\u0131t \u00e7\u0259ll\u0259yin\u0259 d\u00f6n\u0259rs\u0259, bundan b\u00fct\u00fcn region d\u00f6vl\u0259tl\u0259ri, o c\u00fcml\u0259d\u0259n biz d\u0259 z\u0259r\u0259r g\u00f6r\u0259 bil\u0259rik. Odur ki, Az\u0259rbaycan t\u0259r\u0259fi r\u0259smi diplomatik kanallar yolu il\u0259 h\u0259m Erm\u0259nistan\u0131n siyasi istebli\u015fmentini, h\u0259m d\u0259 Avropa qurumlar\u0131n\u0131 x\u0259b\u0259rdar edir. Bu x\u0259b\u0259rdarl\u0131q h\u0259m d\u0259 ona g\u00f6r\u0259 edilir ki, Erm\u0259nistan\u0131n tutdu\u011fu Q\u0259rb bloku il\u0259 inteqrasiya yolu Q\u0259rbin Erm\u0259nistana yerl\u0259\u015f\u0259r\u0259k onu silahland\u0131rmas\u0131 il\u0259 m\u00fc\u015fayi\u0259t olunur. 1 il \u00f6nc\u0259 t\u0259sis olunan Avropa m\u00fc\u015fahid\u0259 missiyas\u0131n\u0131n t\u0259rkibinin geni\u015fl\u0259ndirilm\u0259si v\u0259 m\u00fcdd\u0259tinin uzad\u0131lmas\u0131, el\u0259c\u0259 d\u0259 frans\u0131z silahlar\u0131n\u0131n Erm\u0259nistana verilm\u0259si, g\u0259l\u0259c\u0259kd\u0259 \u201cAvropa S\u00fclh T\u0259\u015f\u0259bb\u00fcs\u00fc\u201d mexanizmi il\u0259 bu h\u0259rbi d\u0259st\u0259yin daha da art\u0131r\u0131lma ehtimal\u0131 x\u00fcsusil\u0259 qeyd edil\u0259 bil\u0259r. N\u0259tic\u0259 etibaril\u0259 b\u00fct\u00fcn bunlar erm\u0259nil\u0259rin revan\u015fist hissl\u0259rinin qabarmas\u0131 il\u0259 n\u0259tic\u0259l\u0259n\u0259 bil\u0259r ki, bu da uzaq perspektivd\u0259 regional s\u00fclh\u00fc t\u0259hdid etm\u0259k potensial\u0131n\u0131 \u00f6z\u00fcnd\u0259 da\u015f\u0131y\u0131r. Az\u0259rbaycan uzaqg\u00f6r\u0259n davranaraq bu ssenarinin qar\u015f\u0131s\u0131n\u0131 alma\u011fa \u00e7al\u0131\u015f\u0131r. Az\u0259rbaycan \u00f6z \u00e7a\u011f\u0131r\u0131\u015flar\u0131 il\u0259 \u0259slind\u0259 s\u00fclh\u00fc xilas etm\u0259kl\u0259, h\u0259m d\u0259 Erm\u0259nistan\u0131 yanl\u0131\u015f add\u0131m atmaqdan xilas edir. Haz\u0131rda Erm\u0259nistan \u00fc\u00e7\u00fcn \u0259n rasional se\u00e7im Az\u0259rbaycanla s\u00fclh m\u00fcqavil\u0259sini imzalamas\u0131 v\u0259 3+3 format\u0131nda regional \u0259m\u0259kda\u015fl\u0131\u011fa t\u00f6hf\u0259 verm\u0259sidir&#8221;.<\/p>\n<p><img loading=\"lazy\" src=\"https:\/\/amip.az\/wp-content\/uploads\/2022\/07\/amip_afseddin_nabiyev_30.jpg\" alt=\"Az\u0259rbaycan Milli \u0130stiqlal Partiyas\u0131 s\u0259drinin T\u0259\u015fkilat v\u0259 Se\u00e7ki M\u0259s\u0259l\u0259l\u0259ri  \u00fczr\u0259 m\u00fcavini \u2013 Az\u0259rbaycan Milli \u0130stiqlal Partiyas\u0131\" width=\"803\" height=\"656\" \/><\/p>\n<p><strong>Afs\u0259ddin N\u0259biyev<\/strong><\/p>\n<p><strong>AM\u0130P s\u0259drinin m\u00fcavini, siyasi ekspert Afs\u0259ddin N\u0259biyev bu prosesd\u0259 d\u00fcnya az\u0259rbaycanl\u0131lar\u0131n\u0131n bir yerd\u0259 olmalar\u0131n\u0131n vacibliyini \u00f6n\u0259 \u00e7\u0259kdi:<\/strong>\u00a0\u201cAvropa \u0130ttifaq\u0131 \u0259n\u0259n\u0259vi ikili &#8211; \u00fc\u00e7l\u00fc eyb\u0259c\u0259r siyas\u0259tini C\u0259nubi Qafqaz regionunda davam etdirm\u0259kd\u0259dir. \u018fvv\u0259lki ill\u0259rd\u0259 m\u0259krli niyy\u0259tl\u0259rini gizli ets\u0259l\u0259r d\u0259, Az\u0259rbaycan\u0131n\u00a0 ard\u0131c\u0131l q\u0259l\u0259b\u0259l\u0259rini g\u00f6rd\u00fckc\u0259 \u0259sl &#8220;mahiyy\u0259tl\u0259rini&#8221; ortaya \u00e7\u0131xard\u0131lar. M\u0259ntiql\u0259 bir az gerid\u0259 buraxd\u0131\u011f\u0131m\u0131z ill\u0259r\u0259 baxsaq, Avropa \u0130ttifaq\u0131nda t\u0259msil olunan d\u00f6vl\u0259tl\u0259rin \u0259ks\u0259riyy\u0259ti Az\u0259rbaycan \u0259razil\u0259rinin i\u015f\u011fal\u0131 d\u00f6vr\u00fcnd\u0259 Erm\u0259nistan\u0131n i\u015f\u011fal\u00e7\u0131 siyas\u0259tin\u0259 qar\u015f\u0131 he\u00e7 bir koalisiya yaratma\u011f\u0131 he\u00e7 vaxt d\u00fc\u015f\u00fcnm\u0259dil\u0259r. Ancaq indi g\u00f6r\u00fcr\u00fck ki, bu d\u00f6vl\u0259tl\u0259r \u00f6z aralar\u0131nda erm\u0259nid\u0259n \u00e7ox erm\u0259nilik etm\u0259k yar\u0131\u015f\u0131 apar\u0131rlar. \u0130\u015f\u011fal d\u00f6vr\u00fcnd\u0259 he\u00e7 vaxt Erm\u0259nistana sanksiyalar t\u0259tbiq olunsun dem\u0259dil\u0259r. Ara-s\u0131ra beyn\u0259lxalq h\u00fcququn n\u0259z\u0259ri \u0259saslar\u0131n\u0131 dil\u0259 g\u0259tirm\u0259kl\u0259 g\u00fcnd\u0259md\u0259 qalma\u011fa \u00e7al\u0131\u015f\u0131rd\u0131lar. Ancaq indi bu qurumlar xor kopellas\u0131 yaradaraq m\u0259zlum Erm\u0259nistan obraz\u0131 yaratmaqla m\u0259\u015f\u011fuldurlar. Tarixd\u0259 bel\u0259 \u0259dal\u0259tsiz yana\u015fmalar bir m\u00fcdd\u0259td\u0259n sonra bumeranq effekti yarad\u0131r. Buna aid onlarla misal \u00e7\u0259km\u0259k olar. Vaxtil\u0259 i\u015f\u011faldan \u0259ziyy\u0259t \u00e7\u0259kmi\u015f Avropa d\u00f6vl\u0259tl\u0259ri m\u00fcasir d\u00fcnyada i\u015f\u011fal\u00e7\u0131 d\u00f6vl\u0259tin yan\u0131nda yer almaqdad\u0131r. Bu m\u0259s\u0259l\u0259 indiki d\u00f6vrd\u0259 Rusiya amili il\u0259 ba\u011fl\u0131d\u0131r. Rusiyan\u0131 C\u0259nubi Qafqazdan s\u0131x\u0131\u015fd\u0131r\u0131b \u00e7\u0131xarmaq niyy\u0259ti Avropa d\u00f6vl\u0259tl\u0259rinin i\u015ftah\u0131n\u0131 art\u0131r\u0131b. \u0130ndi bu d\u00f6vl\u0259tl\u0259r haqdan, \u0259dal\u0259td\u0259n h\u00fcquqdan dan\u0131\u015fd\u0131qca insanlar\u0131m\u0131zda ikrah hissi yarad\u0131rlar. Son vaxtlar tarixi Z\u0259f\u0259rimizi, Az\u0259rbaycan\u0131n m\u00fcst\u0259qil siyas\u0259tinin u\u011furlar\u0131n\u0131 h\u0259zm ed\u0259 bilm\u0259y\u0259n Fransa kimi d\u00f6vl\u0259tl\u0259r d\u00fcnya siyas\u0259tin\u0259 onsuz da \u0259dal\u0259tsizlikd\u0259n ba\u015fqa he\u00e7 n\u0259 ver\u0259 bilm\u0259yibl\u0259r. Bu d\u00f6vl\u0259tl\u0259rin n\u00fcmayi\u015f etdirdikl\u0259ri q\u0259r\u0259zli riyakar m\u00f6vqe onlar\u0131n Az\u0259rbaycana v\u0259 az\u0259rbaycanl\u0131lara qar\u015f\u0131 dini v\u0259 etnik nifr\u0259t \u0259sas\u0131nda ayr\u0131-se\u00e7kiliyinin g\u00f6st\u0259ricisi kimi qiym\u0259tl\u0259ndirilm\u0259lidir.\u00a0 Onlar\u0131n h\u0259qiqi ist\u0259kl\u0259ri s\u00fclh t\u0259\u015f\u0259bb\u00fcsl\u0259ri deyil, aran\u0131 qar\u0131\u015fd\u0131rmaqd\u0131r.<\/p>\n<p>Biz d\u0259 bu qarayaxma kampaniyas\u0131nda sakit durub onlar\u0131 seyr etm\u0259li deyilik. Bu d\u00f6vl\u0259tl\u0259rin iyr\u0259nc h\u0259r\u0259k\u0259tl\u0259rin\u0259 qar\u015f\u0131 bir susqunluq hiss olunmaqdad\u0131r. Az\u0259rbaycan d\u00f6vl\u0259ti nec\u0259 ki, daxili birliyi, sabitliyi t\u0259min etm\u0259kl\u0259 b\u00f6y\u00fck u\u011furlara imza atd\u0131, bu prosesi d\u0259 u\u011furla sonland\u0131rmaq \u00fc\u00e7\u00fcn q\u0259ti h\u0259r\u0259k\u0259t\u0259 ke\u00e7m\u0259liyik. D\u00fcnyada ya\u015fayan b\u00fct\u00fcn az\u0259rbaycanl\u0131lar bu prosesd\u0259 d\u00f6vl\u0259timizin yan\u0131nda olmal\u0131d\u0131r. M\u00f6vqeyind\u0259n as\u0131l\u0131 olmayaraq diaspor t\u0259\u015fkilatlar\u0131nda informasiya sava\u015f\u0131nda Az\u0259rbaycan\u0131n haqq s\u0259sini \u00e7atd\u0131rmal\u0131y\u0131q. V\u0259t\u0259n sava\u015f\u0131nda oldu\u011fu kimi, bu m\u0259krli oyunlar quran d\u00f6vl\u0259tl\u0259rin planlar\u0131n\u0131 onlar\u0131n g\u00f6z\u00fcnd\u0259 qoymal\u0131y\u0131q. \u0130nan\u0131ram ki, bel\u0259 olacaq&#8221;.<\/p>\n","protected":false},"excerpt":{"rendered":"<p>Qoca qit\u0259nin d\u00f6vl\u0259tl\u0259ri s\u00fclh\u0259 yox, onun ba\u015f tutmamas\u0131na h\u0259d\u0259fl\u0259nib; politoloq: \u201cRusiyan\u0131 C\u0259nubi Qafqazdan s\u0131x\u0131\u015fd\u0131r\u0131b \u00e7\u0131xarmaq niyy\u0259ti Avropa \u00f6lk\u0259l\u0259rinin i\u015ftah\u0131n\u0131 art\u0131r\u0131b\u201d Postm\u00fcharib\u0259 d\u00f6vr\u00fcnd\u0259 Avropa \u0130ttifaq\u0131 (A\u0130) Az\u0259rbaycanla Erm\u0259nistan aras\u0131nda s\u00fclh m\u00fcqavil\u0259sinin imzalanmas\u0131 \u00fc\u00e7\u00fcn \u00f6z\u00fcn\u00fc maraql\u0131 v\u0259 s\u0259mimi (?) vasit\u0259\u00e7i kimi g\u00f6st\u0259rm\u0259y\u0259 \u00e7al\u0131\u015fd\u0131. Bu istiqam\u0259td\u0259 bir ne\u00e7\u0259 g\u00f6r\u00fc\u015f t\u0259\u015fkil olundu v\u0259 Az\u0259rbaycan b\u00fct\u00fcn t\u0259maslarda i\u015ftirak ed\u0259r\u0259k, \u00f6z bar\u0131\u015f m\u00f6vqeyini bir daha s\u0259rgil\u0259di. Lakin zaman ke\u00e7dikc\u0259 b\u0259lli oldu ki, A\u0130 he\u00e7 d\u0259 s\u0259mimi deyil v\u0259 onlar\u0131 maraqland\u0131ran s\u00fclh m\u00fcqavil\u0259si deyil. Fransa v\u0259 Almaniyan\u0131n tam, a\u00e7\u0131q q\u0259r\u0259zli m\u00f6vqel\u0259ri o h\u0259dd\u0259 \u00e7atd\u0131 ki, Az\u0259rbaycan oktyabr\u0131n&hellip;<\/p>\n","protected":false},"author":2,"featured_media":656964,"comment_status":"closed","ping_status":"closed","sticky":false,"template":"","format":"standard","meta":{"om_disable_all_campaigns":false,"_monsterinsights_skip_tracking":false,"_monsterinsights_sitenote_active":false,"_monsterinsights_sitenote_note":"","_monsterinsights_sitenote_category":0},"categories":[4],"tags":[],"aioseo_notices":[],"gutentor_comment":0,"rttpg_featured_image_url":{"full":["https:\/\/arantv.az\/wp-content\/uploads\/2023\/11\/54401fd9a1b465c23fa27a4620a90f85.jpg",850,500,false],"landscape":["https:\/\/arantv.az\/wp-content\/uploads\/2023\/11\/54401fd9a1b465c23fa27a4620a90f85.jpg",850,500,false],"portraits":["https:\/\/arantv.az\/wp-content\/uploads\/2023\/11\/54401fd9a1b465c23fa27a4620a90f85.jpg",850,500,false],"thumbnail":["https:\/\/arantv.az\/wp-content\/uploads\/2023\/11\/54401fd9a1b465c23fa27a4620a90f85-500x280.jpg",500,280,true],"medium":["https:\/\/arantv.az\/wp-content\/uploads\/2023\/11\/54401fd9a1b465c23fa27a4620a90f85-621x365.jpg",621,365,true],"large":["https:\/\/arantv.az\/wp-content\/uploads\/2023\/11\/54401fd9a1b465c23fa27a4620a90f85-840x494.jpg",640,376,true],"1536x1536":["https:\/\/arantv.az\/wp-content\/uploads\/2023\/11\/54401fd9a1b465c23fa27a4620a90f85.jpg",850,500,false],"2048x2048":["https:\/\/arantv.az\/wp-content\/uploads\/2023\/11\/54401fd9a1b465c23fa27a4620a90f85.jpg",850,500,false],"post-thumbnail":["https:\/\/arantv.az\/wp-content\/uploads\/2023\/11\/54401fd9a1b465c23fa27a4620a90f85-240x172.jpg",240,172,true],"advps-thumb-one":["https:\/\/arantv.az\/wp-content\/uploads\/2023\/11\/54401fd9a1b465c23fa27a4620a90f85.jpg",850,500,false]},"rttpg_author":{"display_name":"V\u00fcsal Rafiqo\u011flu","author_link":"https:\/\/arantv.az\/?author=2"},"rttpg_comment":0,"rttpg_category":"<a href=\"https:\/\/arantv.az\/?cat=4\" rel=\"category\">Siyas\u0259t<\/a>","rttpg_excerpt":"Qoca qit\u0259nin d\u00f6vl\u0259tl\u0259ri s\u00fclh\u0259 yox, onun ba\u015f tutmamas\u0131na h\u0259d\u0259fl\u0259nib; politoloq: \u201cRusiyan\u0131 C\u0259nubi Qafqazdan s\u0131x\u0131\u015fd\u0131r\u0131b \u00e7\u0131xarmaq niyy\u0259ti Avropa \u00f6lk\u0259l\u0259rinin i\u015ftah\u0131n\u0131 art\u0131r\u0131b\u201d Postm\u00fcharib\u0259 d\u00f6vr\u00fcnd\u0259 Avropa \u0130ttifaq\u0131 (A\u0130) Az\u0259rbaycanla Erm\u0259nistan aras\u0131nda s\u00fclh m\u00fcqavil\u0259sinin imzalanmas\u0131 \u00fc\u00e7\u00fcn \u00f6z\u00fcn\u00fc maraql\u0131 v\u0259 s\u0259mimi (?) vasit\u0259\u00e7i kimi g\u00f6st\u0259rm\u0259y\u0259 \u00e7al\u0131\u015fd\u0131. Bu istiqam\u0259td\u0259 bir ne\u00e7\u0259 g\u00f6r\u00fc\u015f t\u0259\u015fkil olundu v\u0259 Az\u0259rbaycan b\u00fct\u00fcn t\u0259maslarda i\u015ftirak ed\u0259r\u0259k, \u00f6z&hellip;","_links":{"self":[{"href":"https:\/\/arantv.az\/index.php?rest_route=\/wp\/v2\/posts\/656963"}],"collection":[{"href":"https:\/\/arantv.az\/index.php?rest_route=\/wp\/v2\/posts"}],"about":[{"href":"https:\/\/arantv.az\/index.php?rest_route=\/wp\/v2\/types\/post"}],"author":[{"embeddable":true,"href":"https:\/\/arantv.az\/index.php?rest_route=\/wp\/v2\/users\/2"}],"replies":[{"embeddable":true,"href":"https:\/\/arantv.az\/index.php?rest_route=%2Fwp%2Fv2%2Fcomments&post=656963"}],"version-history":[{"count":0,"href":"https:\/\/arantv.az\/index.php?rest_route=\/wp\/v2\/posts\/656963\/revisions"}],"wp:featuredmedia":[{"embeddable":true,"href":"https:\/\/arantv.az\/index.php?rest_route=\/wp\/v2\/media\/656964"}],"wp:attachment":[{"href":"https:\/\/arantv.az\/index.php?rest_route=%2Fwp%2Fv2%2Fmedia&parent=656963"}],"wp:term":[{"taxonomy":"category","embeddable":true,"href":"https:\/\/arantv.az\/index.php?rest_route=%2Fwp%2Fv2%2Fcategories&post=656963"},{"taxonomy":"post_tag","embeddable":true,"href":"https:\/\/arantv.az\/index.php?rest_route=%2Fwp%2Fv2%2Ftags&post=656963"}],"curies":[{"name":"wp","href":"https:\/\/api.w.org\/{rel}","templated":true}]}}