{"id":657055,"date":"2023-11-16T12:26:46","date_gmt":"2023-11-16T08:26:46","guid":{"rendered":"https:\/\/arantv.az\/?p=657055"},"modified":"2023-11-16T12:26:46","modified_gmt":"2023-11-16T08:26:46","slug":"tdt-nin-bas-katibi-z%c9%99ng%c9%99zur-d%c9%99hlizi-region-ucun-yeni-imkanlar-yaradacaq","status":"publish","type":"post","link":"https:\/\/arantv.az\/?p=657055","title":{"rendered":"TDT-nin ba\u015f katibi: \u201cZ\u0259ng\u0259zur d\u0259hlizi region \u00fc\u00e7\u00fcn yeni imkanlar yaradacaq\u201d"},"content":{"rendered":"<p>Z\u0259ng\u0259zur d\u0259hlizinin region \u00fc\u00e7\u00fcn yeni imkanlar yaradaca\u011f\u0131 g\u00fcman edilir.<\/p>\n<p>\u201cReport\u201d x\u0259b\u0259r verir ki, bunu T\u00fcrk D\u00f6vl\u0259tl\u0259ri T\u0259\u015fkilat\u0131n\u0131n (TDT) Ba\u015f katibi Kuban\u0131\u00e7bek \u00d6m\u00fcraliyev Z\u0259ngilan \u015f\u0259h\u0259rind\u0259 ke\u00e7iril\u0259n \u201cBeyn\u0259lxalq n\u0259qliyyat-logistika d\u0259hlizi: Z\u0259ngilandan inki\u015faf impulslar\u0131\u201d m\u00f6vzusunda beyn\u0259lxalq elmi-praktik konfransda bildirib.<\/p>\n<p>\u201cBu region f\u00fcsunkar g\u00f6z\u0259lliy\u0259 malikdir, eyni zamanda, m\u00fch\u00fcm n\u0259qliyyat mar\u015frutlar\u0131ndan biridir. Az\u0259rbaycan qlobal logistika-n\u0259qliyyat sah\u0259sind\u0259 \u0259sas oyun\u00e7ulardand\u0131r, Avropa il\u0259 Asiyan\u0131 birl\u0259\u015fdirir v\u0259 bunlar iqtisadi art\u0131m \u00fc\u00e7\u00fcn imkan yarad\u0131r. N\u0259qliyyat m\u0259s\u0259l\u0259l\u0259ri t\u00fcrk d\u00f6vl\u0259tl\u0259ri \u00fc\u00e7\u00fcn pioritet m\u0259s\u0259l\u0259l\u0259rd\u0259ndir. Bu, s\u0259n\u0259dl\u0259rd\u0259 d\u0259 \u00f6z \u0259ksini tap\u0131b. Bu t\u0259dbird\u0259 d\u0259 n\u0259qliyyat v\u0259 tranzit \u0259m\u0259kda\u015fl\u0131\u011f\u0131n\u0131n t\u0259kmill\u0259\u015fdirilm\u0259si, \u00e7\u0259tinlikl\u0259rin aradan qald\u0131r\u0131lmas\u0131 \u0259sas h\u0259d\u0259f g\u00f6t\u00fcr\u00fcl\u00fcb. Bizim \u0259sas m\u0259qs\u0259dimiz Orta D\u0259hlizin inki\u015faf etdirilm\u0259sidir\u201d, &#8211; dey\u0259 o qeyd edib.<\/p>\n<p>\u201cBizim strategiyam\u0131z \u0259n q\u0131sa m\u00fcdd\u0259td\u0259 Orta D\u0259hlizi t\u0259hl\u00fck\u0259siz n\u0259qliyyat d\u0259hlizin\u0259 \u00e7evirm\u0259kdir. Bundan ba\u015fqa, biz regionumuzu n\u0259qliyyat hab\u0131na \u00e7evirm\u0259yi n\u0259z\u0259rd\u0259 tuturuq. Z\u0259ng\u0259zur d\u0259hlizi d\u0259 sosial-iqtisadi, geosiyasi faydalar\u0131 t\u0259min ed\u0259c\u0259k\u201d, &#8211; dey\u0259 ba\u015f katib \u0259lav\u0259 edib.<\/p>\n","protected":false},"excerpt":{"rendered":"<p>Z\u0259ng\u0259zur d\u0259hlizinin region \u00fc\u00e7\u00fcn yeni imkanlar yaradaca\u011f\u0131 g\u00fcman edilir. \u201cReport\u201d x\u0259b\u0259r verir ki, bunu T\u00fcrk D\u00f6vl\u0259tl\u0259ri T\u0259\u015fkilat\u0131n\u0131n (TDT) Ba\u015f katibi Kuban\u0131\u00e7bek \u00d6m\u00fcraliyev Z\u0259ngilan \u015f\u0259h\u0259rind\u0259 ke\u00e7iril\u0259n \u201cBeyn\u0259lxalq n\u0259qliyyat-logistika d\u0259hlizi: Z\u0259ngilandan inki\u015faf impulslar\u0131\u201d m\u00f6vzusunda beyn\u0259lxalq elmi-praktik konfransda bildirib. \u201cBu region f\u00fcsunkar g\u00f6z\u0259lliy\u0259 malikdir, eyni zamanda, m\u00fch\u00fcm n\u0259qliyyat mar\u015frutlar\u0131ndan biridir. Az\u0259rbaycan qlobal logistika-n\u0259qliyyat sah\u0259sind\u0259 \u0259sas oyun\u00e7ulardand\u0131r, Avropa il\u0259 Asiyan\u0131 birl\u0259\u015fdirir v\u0259 bunlar iqtisadi art\u0131m \u00fc\u00e7\u00fcn imkan yarad\u0131r. N\u0259qliyyat m\u0259s\u0259l\u0259l\u0259ri t\u00fcrk d\u00f6vl\u0259tl\u0259ri \u00fc\u00e7\u00fcn pioritet m\u0259s\u0259l\u0259l\u0259rd\u0259ndir. Bu, s\u0259n\u0259dl\u0259rd\u0259 d\u0259 \u00f6z \u0259ksini tap\u0131b. Bu t\u0259dbird\u0259 d\u0259 n\u0259qliyyat v\u0259 tranzit \u0259m\u0259kda\u015fl\u0131\u011f\u0131n\u0131n t\u0259kmill\u0259\u015fdirilm\u0259si, \u00e7\u0259tinlikl\u0259rin aradan qald\u0131r\u0131lmas\u0131 \u0259sas h\u0259d\u0259f&hellip;<\/p>\n","protected":false},"author":2,"featured_media":657056,"comment_status":"closed","ping_status":"closed","sticky":false,"template":"","format":"standard","meta":{"om_disable_all_campaigns":false,"_monsterinsights_skip_tracking":false,"_monsterinsights_sitenote_active":false,"_monsterinsights_sitenote_note":"","_monsterinsights_sitenote_category":0},"categories":[4],"tags":[],"aioseo_notices":[],"gutentor_comment":0,"rttpg_featured_image_url":{"full":["https:\/\/arantv.az\/wp-content\/uploads\/2023\/11\/2299b756-492e-37f3-85d5-9ea140aba8e9_850.jpg",620,413,false],"landscape":["https:\/\/arantv.az\/wp-content\/uploads\/2023\/11\/2299b756-492e-37f3-85d5-9ea140aba8e9_850.jpg",620,413,false],"portraits":["https:\/\/arantv.az\/wp-content\/uploads\/2023\/11\/2299b756-492e-37f3-85d5-9ea140aba8e9_850.jpg",620,413,false],"thumbnail":["https:\/\/arantv.az\/wp-content\/uploads\/2023\/11\/2299b756-492e-37f3-85d5-9ea140aba8e9_850-500x280.jpg",500,280,true],"medium":["https:\/\/arantv.az\/wp-content\/uploads\/2023\/11\/2299b756-492e-37f3-85d5-9ea140aba8e9_850-548x365.jpg",548,365,true],"large":["https:\/\/arantv.az\/wp-content\/uploads\/2023\/11\/2299b756-492e-37f3-85d5-9ea140aba8e9_850.jpg",620,413,false],"1536x1536":["https:\/\/arantv.az\/wp-content\/uploads\/2023\/11\/2299b756-492e-37f3-85d5-9ea140aba8e9_850.jpg",620,413,false],"2048x2048":["https:\/\/arantv.az\/wp-content\/uploads\/2023\/11\/2299b756-492e-37f3-85d5-9ea140aba8e9_850.jpg",620,413,false],"post-thumbnail":["https:\/\/arantv.az\/wp-content\/uploads\/2023\/11\/2299b756-492e-37f3-85d5-9ea140aba8e9_850-240x172.jpg",240,172,true],"advps-thumb-one":["https:\/\/arantv.az\/wp-content\/uploads\/2023\/11\/2299b756-492e-37f3-85d5-9ea140aba8e9_850.jpg",620,413,false]},"rttpg_author":{"display_name":"V\u00fcsal Rafiqo\u011flu","author_link":"https:\/\/arantv.az\/?author=2"},"rttpg_comment":0,"rttpg_category":"<a href=\"https:\/\/arantv.az\/?cat=4\" rel=\"category\">Siyas\u0259t<\/a>","rttpg_excerpt":"Z\u0259ng\u0259zur d\u0259hlizinin region \u00fc\u00e7\u00fcn yeni imkanlar yaradaca\u011f\u0131 g\u00fcman edilir. \u201cReport\u201d x\u0259b\u0259r verir ki, bunu T\u00fcrk D\u00f6vl\u0259tl\u0259ri T\u0259\u015fkilat\u0131n\u0131n (TDT) Ba\u015f katibi Kuban\u0131\u00e7bek \u00d6m\u00fcraliyev Z\u0259ngilan \u015f\u0259h\u0259rind\u0259 ke\u00e7iril\u0259n \u201cBeyn\u0259lxalq n\u0259qliyyat-logistika d\u0259hlizi: Z\u0259ngilandan inki\u015faf impulslar\u0131\u201d m\u00f6vzusunda beyn\u0259lxalq elmi-praktik konfransda bildirib. \u201cBu region f\u00fcsunkar g\u00f6z\u0259lliy\u0259 malikdir, eyni zamanda, m\u00fch\u00fcm n\u0259qliyyat mar\u015frutlar\u0131ndan biridir. Az\u0259rbaycan qlobal logistika-n\u0259qliyyat sah\u0259sind\u0259 \u0259sas oyun\u00e7ulardand\u0131r, Avropa il\u0259&hellip;","_links":{"self":[{"href":"https:\/\/arantv.az\/index.php?rest_route=\/wp\/v2\/posts\/657055"}],"collection":[{"href":"https:\/\/arantv.az\/index.php?rest_route=\/wp\/v2\/posts"}],"about":[{"href":"https:\/\/arantv.az\/index.php?rest_route=\/wp\/v2\/types\/post"}],"author":[{"embeddable":true,"href":"https:\/\/arantv.az\/index.php?rest_route=\/wp\/v2\/users\/2"}],"replies":[{"embeddable":true,"href":"https:\/\/arantv.az\/index.php?rest_route=%2Fwp%2Fv2%2Fcomments&post=657055"}],"version-history":[{"count":0,"href":"https:\/\/arantv.az\/index.php?rest_route=\/wp\/v2\/posts\/657055\/revisions"}],"wp:featuredmedia":[{"embeddable":true,"href":"https:\/\/arantv.az\/index.php?rest_route=\/wp\/v2\/media\/657056"}],"wp:attachment":[{"href":"https:\/\/arantv.az\/index.php?rest_route=%2Fwp%2Fv2%2Fmedia&parent=657055"}],"wp:term":[{"taxonomy":"category","embeddable":true,"href":"https:\/\/arantv.az\/index.php?rest_route=%2Fwp%2Fv2%2Fcategories&post=657055"},{"taxonomy":"post_tag","embeddable":true,"href":"https:\/\/arantv.az\/index.php?rest_route=%2Fwp%2Fv2%2Ftags&post=657055"}],"curies":[{"name":"wp","href":"https:\/\/api.w.org\/{rel}","templated":true}]}}