{"id":657084,"date":"2023-11-16T14:47:52","date_gmt":"2023-11-16T10:47:52","guid":{"rendered":"https:\/\/arantv.az\/?p=657084"},"modified":"2023-11-16T14:47:52","modified_gmt":"2023-11-16T10:47:52","slug":"z%c9%99ngilanda-tdt-nin-n%c9%99qliyyat-nazirl%c9%99rinin-iclasi-kecirilib","status":"publish","type":"post","link":"https:\/\/arantv.az\/?p=657084","title":{"rendered":"Z\u0259ngilanda TDT-nin n\u0259qliyyat nazirl\u0259rinin iclas\u0131 ke\u00e7irilib"},"content":{"rendered":"<p>Bu g\u00fcn Z\u0259ngilan \u015f\u0259h\u0259rind\u0259 ke\u00e7iril\u0259n \u201cBeyn\u0259lxalq n\u0259qliyyat-logistika d\u0259hlizi: Z\u0259ngilandan inki\u015faf impulslar\u0131\u201d m\u00f6vzusunda beyn\u0259lxalq elmi-praktik konfrans \u00e7\u0259r\u00e7iv\u0259sind\u0259 T\u00fcrk D\u00f6vl\u0259tl\u0259ri T\u0259\u015fkilat\u0131n\u0131n (TDT) n\u0259qliyyat nazirl\u0259rinin 7-ci iclas\u0131 ke\u00e7irilib.<\/p>\n<p>\u201cReport\u201d x\u0259b\u0259r verir ki, iclasda TDT-y\u0259 \u00fczv \u00f6lk\u0259l\u0259rin\u00a0nazirl\u0259ri il\u0259 yana\u015f\u0131, nazir m\u00fcavinl\u0259ri d\u0259 i\u015ftirak edibl\u0259r.<\/p>\n<p>T\u0259dbird\u0259 \u00e7\u0131x\u0131\u015f ed\u0259n r\u0259q\u0259msal inki\u015faf v\u0259 n\u0259qliyyat naziri R\u0259\u015fad N\u0259biyev TDT-nin \u00fczv \u00f6lk\u0259l\u0259r aras\u0131nda \u0259laq\u0259l\u0259rin inki\u015faf\u0131 bax\u0131m\u0131ndan \u0259h\u0259miyy\u0259tin\u0259 toxunub. O qeyd edib ki, son ill\u0259r t\u00fcrk d\u00f6vl\u0259tl\u0259ri aras\u0131nda \u0259laq\u0259l\u0259r daha da inki\u015faf edib, \u00f6lk\u0259l\u0259r aras\u0131nda tranzit ke\u00e7idl\u0259r art\u0131b.<\/p>\n<p>R.N\u0259biyev vur\u011fulay\u0131b ki, Orta D\u0259hliz\u0259 maraq getdikc\u0259 art\u0131r v\u0259 Z\u0259ng\u0259zur d\u0259hlizi Orta D\u0259hlizin m\u00fch\u00fcm hiss\u0259si olacaq: \u201cBunun \u00fc\u00e7\u00fcn imkanlar m\u00f6vcuddur\u201d.<\/p>\n","protected":false},"excerpt":{"rendered":"<p>Bu g\u00fcn Z\u0259ngilan \u015f\u0259h\u0259rind\u0259 ke\u00e7iril\u0259n \u201cBeyn\u0259lxalq n\u0259qliyyat-logistika d\u0259hlizi: Z\u0259ngilandan inki\u015faf impulslar\u0131\u201d m\u00f6vzusunda beyn\u0259lxalq elmi-praktik konfrans \u00e7\u0259r\u00e7iv\u0259sind\u0259 T\u00fcrk D\u00f6vl\u0259tl\u0259ri T\u0259\u015fkilat\u0131n\u0131n (TDT) n\u0259qliyyat nazirl\u0259rinin 7-ci iclas\u0131 ke\u00e7irilib. \u201cReport\u201d x\u0259b\u0259r verir ki, iclasda TDT-y\u0259 \u00fczv \u00f6lk\u0259l\u0259rin\u00a0nazirl\u0259ri il\u0259 yana\u015f\u0131, nazir m\u00fcavinl\u0259ri d\u0259 i\u015ftirak edibl\u0259r. T\u0259dbird\u0259 \u00e7\u0131x\u0131\u015f ed\u0259n r\u0259q\u0259msal inki\u015faf v\u0259 n\u0259qliyyat naziri R\u0259\u015fad N\u0259biyev TDT-nin \u00fczv \u00f6lk\u0259l\u0259r aras\u0131nda \u0259laq\u0259l\u0259rin inki\u015faf\u0131 bax\u0131m\u0131ndan \u0259h\u0259miyy\u0259tin\u0259 toxunub. O qeyd edib ki, son ill\u0259r t\u00fcrk d\u00f6vl\u0259tl\u0259ri aras\u0131nda \u0259laq\u0259l\u0259r daha da inki\u015faf edib, \u00f6lk\u0259l\u0259r aras\u0131nda tranzit ke\u00e7idl\u0259r art\u0131b. R.N\u0259biyev vur\u011fulay\u0131b ki, Orta D\u0259hliz\u0259 maraq getdikc\u0259 art\u0131r v\u0259 Z\u0259ng\u0259zur d\u0259hlizi Orta&hellip;<\/p>\n","protected":false},"author":2,"featured_media":430504,"comment_status":"closed","ping_status":"closed","sticky":false,"template":"","format":"standard","meta":{"om_disable_all_campaigns":false,"_monsterinsights_skip_tracking":false,"_monsterinsights_sitenote_active":false,"_monsterinsights_sitenote_note":"","_monsterinsights_sitenote_category":0},"categories":[4],"tags":[],"aioseo_notices":[],"gutentor_comment":0,"rttpg_featured_image_url":{"full":["https:\/\/arantv.az\/wp-content\/uploads\/2022\/01\/zengilan_283856-1.jpg",600,450,false],"landscape":["https:\/\/arantv.az\/wp-content\/uploads\/2022\/01\/zengilan_283856-1.jpg",600,450,false],"portraits":["https:\/\/arantv.az\/wp-content\/uploads\/2022\/01\/zengilan_283856-1.jpg",600,450,false],"thumbnail":["https:\/\/arantv.az\/wp-content\/uploads\/2022\/01\/zengilan_283856-1-500x280.jpg",500,280,true],"medium":["https:\/\/arantv.az\/wp-content\/uploads\/2022\/01\/zengilan_283856-1-487x365.jpg",487,365,true],"large":["https:\/\/arantv.az\/wp-content\/uploads\/2022\/01\/zengilan_283856-1.jpg",600,450,false],"1536x1536":["https:\/\/arantv.az\/wp-content\/uploads\/2022\/01\/zengilan_283856-1.jpg",600,450,false],"2048x2048":["https:\/\/arantv.az\/wp-content\/uploads\/2022\/01\/zengilan_283856-1.jpg",600,450,false],"post-thumbnail":["https:\/\/arantv.az\/wp-content\/uploads\/2022\/01\/zengilan_283856-1-240x172.jpg",240,172,true],"advps-thumb-one":["https:\/\/arantv.az\/wp-content\/uploads\/2022\/01\/zengilan_283856-1.jpg",600,450,false]},"rttpg_author":{"display_name":"V\u00fcsal Rafiqo\u011flu","author_link":"https:\/\/arantv.az\/?author=2"},"rttpg_comment":0,"rttpg_category":"<a href=\"https:\/\/arantv.az\/?cat=4\" rel=\"category\">Siyas\u0259t<\/a>","rttpg_excerpt":"Bu g\u00fcn Z\u0259ngilan \u015f\u0259h\u0259rind\u0259 ke\u00e7iril\u0259n \u201cBeyn\u0259lxalq n\u0259qliyyat-logistika d\u0259hlizi: Z\u0259ngilandan inki\u015faf impulslar\u0131\u201d m\u00f6vzusunda beyn\u0259lxalq elmi-praktik konfrans \u00e7\u0259r\u00e7iv\u0259sind\u0259 T\u00fcrk D\u00f6vl\u0259tl\u0259ri T\u0259\u015fkilat\u0131n\u0131n (TDT) n\u0259qliyyat nazirl\u0259rinin 7-ci iclas\u0131 ke\u00e7irilib. \u201cReport\u201d x\u0259b\u0259r verir ki, iclasda TDT-y\u0259 \u00fczv \u00f6lk\u0259l\u0259rin\u00a0nazirl\u0259ri il\u0259 yana\u015f\u0131, nazir m\u00fcavinl\u0259ri d\u0259 i\u015ftirak edibl\u0259r. T\u0259dbird\u0259 \u00e7\u0131x\u0131\u015f ed\u0259n r\u0259q\u0259msal inki\u015faf v\u0259 n\u0259qliyyat naziri R\u0259\u015fad N\u0259biyev TDT-nin \u00fczv \u00f6lk\u0259l\u0259r aras\u0131nda \u0259laq\u0259l\u0259rin&hellip;","_links":{"self":[{"href":"https:\/\/arantv.az\/index.php?rest_route=\/wp\/v2\/posts\/657084"}],"collection":[{"href":"https:\/\/arantv.az\/index.php?rest_route=\/wp\/v2\/posts"}],"about":[{"href":"https:\/\/arantv.az\/index.php?rest_route=\/wp\/v2\/types\/post"}],"author":[{"embeddable":true,"href":"https:\/\/arantv.az\/index.php?rest_route=\/wp\/v2\/users\/2"}],"replies":[{"embeddable":true,"href":"https:\/\/arantv.az\/index.php?rest_route=%2Fwp%2Fv2%2Fcomments&post=657084"}],"version-history":[{"count":0,"href":"https:\/\/arantv.az\/index.php?rest_route=\/wp\/v2\/posts\/657084\/revisions"}],"wp:featuredmedia":[{"embeddable":true,"href":"https:\/\/arantv.az\/index.php?rest_route=\/wp\/v2\/media\/430504"}],"wp:attachment":[{"href":"https:\/\/arantv.az\/index.php?rest_route=%2Fwp%2Fv2%2Fmedia&parent=657084"}],"wp:term":[{"taxonomy":"category","embeddable":true,"href":"https:\/\/arantv.az\/index.php?rest_route=%2Fwp%2Fv2%2Fcategories&post=657084"},{"taxonomy":"post_tag","embeddable":true,"href":"https:\/\/arantv.az\/index.php?rest_route=%2Fwp%2Fv2%2Ftags&post=657084"}],"curies":[{"name":"wp","href":"https:\/\/api.w.org\/{rel}","templated":true}]}}