{"id":657086,"date":"2023-11-16T14:48:40","date_gmt":"2023-11-16T10:48:40","guid":{"rendered":"https:\/\/arantv.az\/?p=657086"},"modified":"2023-11-16T14:48:40","modified_gmt":"2023-11-16T10:48:40","slug":"m%c9%99hk%c9%99m%c9%99d%c9%99n-h%c9%99lak-olan-h%c9%99rbcimiz%c9%99-s%c9%99hid-statusunun-verilm%c9%99si-bar%c9%99d%c9%99-q%c9%99rar-foto","status":"publish","type":"post","link":"https:\/\/arantv.az\/?p=657086","title":{"rendered":"M\u0259hk\u0259m\u0259d\u0259n h\u0259lak olan h\u0259rb\u00e7imiz\u0259 \u015f\u0259hid statusunun verilm\u0259si bar\u0259d\u0259 Q\u018fRAR &#8211; FOTO"},"content":{"rendered":"<p>Bak\u0131 Apellyasiya M\u0259hk\u0259m\u0259sind\u0259 Zahid M\u0259mm\u0259dzayid o\u011flu\u00a0S\u0259limova\u00a0\u015f\u0259hid statusunun verilm\u0259si il\u0259 ba\u011fl\u0131 q\u0259rardan inzibati orqan t\u0259r\u0259find\u0259n veril\u0259n \u015fikay\u0259t\u0259 bax\u0131l\u0131b.<\/p>\n<p>Bu bar\u0259d\u0259 e-huquq.az-a iddia\u00e7\u0131 t\u0259r\u0259fin v\u0259kili \u018fziz Q\u0259nb\u0259rli m\u0259lumat verib.<\/p>\n<p>Onun s\u00f6zl\u0259rin\u0259 g\u00f6r\u0259, hakim Kamran \u018fkb\u0259rovun s\u0259drliyi il\u0259 ke\u00e7iril\u0259n prosesd\u0259 \u015fikay\u0259t t\u0259min edilm\u0259yib v\u0259 birinci instansiya m\u0259hk\u0259m\u0259sinin q\u0259rar\u0131 q\u00fcvv\u0259d\u0259 saxlan\u0131l\u0131b.<\/p>\n<p>\u201cAz\u0259rbaycan Ordusunun ba\u015f giziri Zahid S\u0259limov 2022-ci ilin may ay\u0131nda h\u0259rbi hiss\u0259y\u0259 t\u0259minat aparan zaman F\u00fczuli rayonunun \u201cQay\u0131d\u0131\u015f-1\u201d q\u0259s\u0259b\u0259si \u0259razisind\u0259 ba\u015f ver\u0259n q\u0259zada h\u0259yat\u0131n\u0131 itirib. Q\u0259zada h\u0259lak oldu\u011funa g\u00f6r\u0259 ona \u015f\u0259hid statusu verilm\u0259yib. Ail\u0259si Zahid\u0259 \u015f\u0259hid statusunun verilm\u0259si il\u0259 ba\u011fl\u0131 Bak\u0131 \u0130nzibati M\u0259hk\u0259m\u0259sind\u0259 iddia qald\u0131r\u0131b. Hakim Aysev Amazovan\u0131n s\u0259drliyi il\u0259 ke\u00e7iril\u0259n prosesd\u0259 iddia t\u0259min olunub. Bundan sonra cavabdeh qurum apellyasiya \u015fikay\u0259ti verib\u201d, &#8211; dey\u0259 v\u0259kil bildirib.<\/p>\n<p>Qeyd ed\u0259k ki, Z.S\u0259limov 44 g\u00fcnl\u00fck V\u0259t\u0259n m\u00fcharib\u0259sinin i\u015ftirak\u00e7\u0131s\u0131 olub. O, Prezident\u00a0<strong>\u0130lham \u018fliyevin<\/strong>\u00a0imzalad\u0131\u011f\u0131 m\u00fcvafiq s\u0259r\u0259ncamlarla \u201cD\u00f6y\u00fc\u015fd\u0259 f\u0259rql\u0259nm\u0259y\u0259 g\u00f6r\u0259\u201d, \u201cXocav\u0259ndin azad olunmas\u0131na g\u00f6r\u0259\u201d v\u0259 \u201cF\u00fczulinin azad olunmas\u0131na g\u00f6r\u0259\u201d medallar\u0131 il\u0259 t\u0259ltif edilib.<\/p>\n<p>&nbsp;<\/p>\n<div class=\"gallery\">\n<div class=\"gallery-i\"><img src=\"https:\/\/cdn.oxu.az\/uploads\/W1siZiIsIjIwMjMvMTEvMTYvMTMvNDkvNDEvZjdhNmI0NDMtZjBjMC00ZjBlLWFmN2EtYWRiMTUwZmE2YzIyL2ViYjliYzZkLWY3MGEtM2YwYi1iYjE2LTQ4MWE4ODI1MTgzOS5qcGciXSxbInAiLCJlbmNvZGUiLCJqcGciLCItcXVhbGl0eSA4MCJdLFsicCIsInRodW1iIiwiNTkweDU5MFx1MDAzZSJdXQ?sha=409ecbb62947e27e\" alt=\"\" \/><\/p>\n<div class=\"gallery-i-caption\"><\/div>\n<\/div>\n<div class=\"gallery-i\"><img src=\"https:\/\/cdn.oxu.az\/uploads\/W1siZiIsIjIwMjMvMTEvMTYvMTMvNDkvMjkvNDU4NTVkYWUtNzdkZS00MjdhLThiODUtOWU5OTVlMTkyYzZmLzM5OTE2MzA0MV8xNjk2NDAzNDQ3NTA5MjQ1Xzc5MjY5NTc2OTE2ODE2NjkzMTRfbi5qcGciXSxbInAiLCJlbmNvZGUiLCJqcGciLCItcXVhbGl0eSA4MCJdLFsicCIsInRodW1iIiwiNTkweDU5MFx1MDAzZSJdXQ?sha=d036493ad73df170\" alt=\"\" \/><\/div>\n<\/div>\n","protected":false},"excerpt":{"rendered":"<p>Bak\u0131 Apellyasiya M\u0259hk\u0259m\u0259sind\u0259 Zahid M\u0259mm\u0259dzayid o\u011flu\u00a0S\u0259limova\u00a0\u015f\u0259hid statusunun verilm\u0259si il\u0259 ba\u011fl\u0131 q\u0259rardan inzibati orqan t\u0259r\u0259find\u0259n veril\u0259n \u015fikay\u0259t\u0259 bax\u0131l\u0131b. Bu bar\u0259d\u0259 e-huquq.az-a iddia\u00e7\u0131 t\u0259r\u0259fin v\u0259kili \u018fziz Q\u0259nb\u0259rli m\u0259lumat verib. Onun s\u00f6zl\u0259rin\u0259 g\u00f6r\u0259, hakim Kamran \u018fkb\u0259rovun s\u0259drliyi il\u0259 ke\u00e7iril\u0259n prosesd\u0259 \u015fikay\u0259t t\u0259min edilm\u0259yib v\u0259 birinci instansiya m\u0259hk\u0259m\u0259sinin q\u0259rar\u0131 q\u00fcvv\u0259d\u0259 saxlan\u0131l\u0131b. \u201cAz\u0259rbaycan Ordusunun ba\u015f giziri Zahid S\u0259limov 2022-ci ilin may ay\u0131nda h\u0259rbi hiss\u0259y\u0259 t\u0259minat aparan zaman F\u00fczuli rayonunun \u201cQay\u0131d\u0131\u015f-1\u201d q\u0259s\u0259b\u0259si \u0259razisind\u0259 ba\u015f ver\u0259n q\u0259zada h\u0259yat\u0131n\u0131 itirib. Q\u0259zada h\u0259lak oldu\u011funa g\u00f6r\u0259 ona \u015f\u0259hid statusu verilm\u0259yib. Ail\u0259si Zahid\u0259 \u015f\u0259hid statusunun verilm\u0259si il\u0259 ba\u011fl\u0131 Bak\u0131 \u0130nzibati M\u0259hk\u0259m\u0259sind\u0259&hellip;<\/p>\n","protected":false},"author":2,"featured_media":623368,"comment_status":"closed","ping_status":"closed","sticky":false,"template":"","format":"standard","meta":{"om_disable_all_campaigns":false,"_monsterinsights_skip_tracking":false,"_monsterinsights_sitenote_active":false,"_monsterinsights_sitenote_note":"","_monsterinsights_sitenote_category":0},"categories":[1],"tags":[],"aioseo_notices":[],"gutentor_comment":0,"rttpg_featured_image_url":{"full":["https:\/\/arantv.az\/wp-content\/uploads\/2023\/08\/1678034599_sehid_238876.jpg",620,413,false],"landscape":["https:\/\/arantv.az\/wp-content\/uploads\/2023\/08\/1678034599_sehid_238876.jpg",620,413,false],"portraits":["https:\/\/arantv.az\/wp-content\/uploads\/2023\/08\/1678034599_sehid_238876.jpg",620,413,false],"thumbnail":["https:\/\/arantv.az\/wp-content\/uploads\/2023\/08\/1678034599_sehid_238876-500x280.jpg",500,280,true],"medium":["https:\/\/arantv.az\/wp-content\/uploads\/2023\/08\/1678034599_sehid_238876-548x365.jpg",548,365,true],"large":["https:\/\/arantv.az\/wp-content\/uploads\/2023\/08\/1678034599_sehid_238876.jpg",620,413,false],"1536x1536":["https:\/\/arantv.az\/wp-content\/uploads\/2023\/08\/1678034599_sehid_238876.jpg",620,413,false],"2048x2048":["https:\/\/arantv.az\/wp-content\/uploads\/2023\/08\/1678034599_sehid_238876.jpg",620,413,false],"post-thumbnail":["https:\/\/arantv.az\/wp-content\/uploads\/2023\/08\/1678034599_sehid_238876-240x172.jpg",240,172,true],"advps-thumb-one":["https:\/\/arantv.az\/wp-content\/uploads\/2023\/08\/1678034599_sehid_238876.jpg",620,413,false]},"rttpg_author":{"display_name":"V\u00fcsal Rafiqo\u011flu","author_link":"https:\/\/arantv.az\/?author=2"},"rttpg_comment":0,"rttpg_category":"<a href=\"https:\/\/arantv.az\/?cat=1\" rel=\"category\">C\u0259miyy\u0259t<\/a>","rttpg_excerpt":"Bak\u0131 Apellyasiya M\u0259hk\u0259m\u0259sind\u0259 Zahid M\u0259mm\u0259dzayid o\u011flu\u00a0S\u0259limova\u00a0\u015f\u0259hid statusunun verilm\u0259si il\u0259 ba\u011fl\u0131 q\u0259rardan inzibati orqan t\u0259r\u0259find\u0259n veril\u0259n \u015fikay\u0259t\u0259 bax\u0131l\u0131b. Bu bar\u0259d\u0259 e-huquq.az-a iddia\u00e7\u0131 t\u0259r\u0259fin v\u0259kili \u018fziz Q\u0259nb\u0259rli m\u0259lumat verib. Onun s\u00f6zl\u0259rin\u0259 g\u00f6r\u0259, hakim Kamran \u018fkb\u0259rovun s\u0259drliyi il\u0259 ke\u00e7iril\u0259n prosesd\u0259 \u015fikay\u0259t t\u0259min edilm\u0259yib v\u0259 birinci instansiya m\u0259hk\u0259m\u0259sinin q\u0259rar\u0131 q\u00fcvv\u0259d\u0259 saxlan\u0131l\u0131b. \u201cAz\u0259rbaycan Ordusunun ba\u015f giziri Zahid S\u0259limov 2022-ci ilin&hellip;","_links":{"self":[{"href":"https:\/\/arantv.az\/index.php?rest_route=\/wp\/v2\/posts\/657086"}],"collection":[{"href":"https:\/\/arantv.az\/index.php?rest_route=\/wp\/v2\/posts"}],"about":[{"href":"https:\/\/arantv.az\/index.php?rest_route=\/wp\/v2\/types\/post"}],"author":[{"embeddable":true,"href":"https:\/\/arantv.az\/index.php?rest_route=\/wp\/v2\/users\/2"}],"replies":[{"embeddable":true,"href":"https:\/\/arantv.az\/index.php?rest_route=%2Fwp%2Fv2%2Fcomments&post=657086"}],"version-history":[{"count":0,"href":"https:\/\/arantv.az\/index.php?rest_route=\/wp\/v2\/posts\/657086\/revisions"}],"wp:featuredmedia":[{"embeddable":true,"href":"https:\/\/arantv.az\/index.php?rest_route=\/wp\/v2\/media\/623368"}],"wp:attachment":[{"href":"https:\/\/arantv.az\/index.php?rest_route=%2Fwp%2Fv2%2Fmedia&parent=657086"}],"wp:term":[{"taxonomy":"category","embeddable":true,"href":"https:\/\/arantv.az\/index.php?rest_route=%2Fwp%2Fv2%2Fcategories&post=657086"},{"taxonomy":"post_tag","embeddable":true,"href":"https:\/\/arantv.az\/index.php?rest_route=%2Fwp%2Fv2%2Ftags&post=657086"}],"curies":[{"name":"wp","href":"https:\/\/api.w.org\/{rel}","templated":true}]}}