{"id":657089,"date":"2023-11-16T14:49:09","date_gmt":"2023-11-16T10:49:09","guid":{"rendered":"https:\/\/arantv.az\/?p=657089"},"modified":"2023-11-16T14:49:09","modified_gmt":"2023-11-16T10:49:09","slug":"irpend%c9%99ki-z%c9%99rif%c9%99-%c9%99liyeva-adina-lisey%c9%99-az%c9%99rbaycan-dili-d%c9%99rslikl%c9%99ri-t%c9%99hvil-verilib-foto","status":"publish","type":"post","link":"https:\/\/arantv.az\/?p=657089","title":{"rendered":"\u0130rpend\u0259ki Z\u0259rif\u0259 \u018fliyeva ad\u0131na lisey\u0259 Az\u0259rbaycan dili d\u0259rslikl\u0259ri t\u0259hvil verilib &#8211; FOTO"},"content":{"rendered":"<article class=\"news\">\n<div class=\"news-inner\">\n<p>Az\u0259rbaycan\u0131n Ukraynadak\u0131 s\u0259firi Seymur M\u0259rd\u0259liyev Az\u0259rbaycan dili d\u0259rslikl\u0259rinin t\u0259hvil verilm\u0259si \u00fc\u00e7\u00fcn \u0130rpen \u015f\u0259h\u0259rind\u0259ki Z\u0259rif\u0259 \u018fliyeva ad\u0131na \u201cLingvist\u201d liseyind\u0259 olub.<\/p>\n<p>Diplomat bu bar\u0259d\u0259 \u201cX\u201d\u00a0hesab\u0131nda yaz\u0131b.<\/p>\n<p>S.M\u0259rd\u0259liyev bildirib ki, lisey Ukraynada Az\u0259rbaycan dilini t\u0259dris ed\u0259n ilk m\u0259kt\u0259bdir:<\/p>\n<p>\u201cLiseyd\u0259 \u015fagirdl\u0259r 3-11-ci sinifl\u0259rd\u0259 t\u0259hsil alacaqlar. Bu, Az\u0259rbaycan-Ukrayna \u0259m\u0259kda\u015fl\u0131\u011f\u0131nda m\u00fch\u00fcm m\u0259rh\u0259l\u0259dir\u201d.<\/p>\n<div>\n<div class=\"twitter-tweet twitter-tweet-rendered\"><iframe id=\"twitter-widget-0\" class=\"\" title=\"Twitter Tweet\" src=\"https:\/\/platform.twitter.com\/embed\/Tweet.html?creatorScreenName=oxuaz&amp;dnt=false&amp;embedId=twitter-widget-0&amp;features=eyJ0ZndfdGltZWxpbmVfbGlzdCI6eyJidWNrZXQiOltdLCJ2ZXJzaW9uIjpudWxsfSwidGZ3X2ZvbGxvd2VyX2NvdW50X3N1bnNldCI6eyJidWNrZXQiOnRydWUsInZlcnNpb24iOm51bGx9LCJ0ZndfdHdlZXRfZWRpdF9iYWNrZW5kIjp7ImJ1Y2tldCI6Im9uIiwidmVyc2lvbiI6bnVsbH0sInRmd19yZWZzcmNfc2Vzc2lvbiI6eyJidWNrZXQiOiJvbiIsInZlcnNpb24iOm51bGx9LCJ0ZndfZm9zbnJfc29mdF9pbnRlcnZlbnRpb25zX2VuYWJsZWQiOnsiYnVja2V0Ijoib24iLCJ2ZXJzaW9uIjpudWxsfSwidGZ3X21peGVkX21lZGlhXzE1ODk3Ijp7ImJ1Y2tldCI6InRyZWF0bWVudCIsInZlcnNpb24iOm51bGx9LCJ0ZndfZXhwZXJpbWVudHNfY29va2llX2V4cGlyYXRpb24iOnsiYnVja2V0IjoxMjA5NjAwLCJ2ZXJzaW9uIjpudWxsfSwidGZ3X3Nob3dfYmlyZHdhdGNoX3Bpdm90c19lbmFibGVkIjp7ImJ1Y2tldCI6Im9uIiwidmVyc2lvbiI6bnVsbH0sInRmd19kdXBsaWNhdGVfc2NyaWJlc190b19zZXR0aW5ncyI6eyJidWNrZXQiOiJvbiIsInZlcnNpb24iOm51bGx9LCJ0ZndfdXNlX3Byb2ZpbGVfaW1hZ2Vfc2hhcGVfZW5hYmxlZCI6eyJidWNrZXQiOiJvbiIsInZlcnNpb24iOm51bGx9LCJ0ZndfdmlkZW9faGxzX2R5bmFtaWNfbWFuaWZlc3RzXzE1MDgyIjp7ImJ1Y2tldCI6InRydWVfYml0cmF0ZSIsInZlcnNpb24iOm51bGx9LCJ0ZndfbGVnYWN5X3RpbWVsaW5lX3N1bnNldCI6eyJidWNrZXQiOnRydWUsInZlcnNpb24iOm51bGx9LCJ0ZndfdHdlZXRfZWRpdF9mcm9udGVuZCI6eyJidWNrZXQiOiJvbiIsInZlcnNpb24iOm51bGx9fQ%3D%3D&amp;frame=false&amp;hideCard=false&amp;hideThread=false&amp;id=1725073546613792819&amp;lang=en&amp;origin=https%3A%2F%2Foxu.az%2Fpolitics%2F803956&amp;sessionId=0ea31855fe26d45b78cfc8dda437ec69bdb7fab4&amp;siteScreenName=oxuaz&amp;theme=light&amp;widgetsVersion=01917f4d1d4cb%3A1696883169554&amp;width=550px\" frameborder=\"0\" scrolling=\"no\" allowfullscreen=\"allowfullscreen\" data-tweet-id=\"1725073546613792819\" data-mce-fragment=\"1\"><\/iframe><\/div>\n<\/div>\n<\/div>\n<\/article>\n","protected":false},"excerpt":{"rendered":"<p>Az\u0259rbaycan\u0131n Ukraynadak\u0131 s\u0259firi Seymur M\u0259rd\u0259liyev Az\u0259rbaycan dili d\u0259rslikl\u0259rinin t\u0259hvil verilm\u0259si \u00fc\u00e7\u00fcn \u0130rpen \u015f\u0259h\u0259rind\u0259ki Z\u0259rif\u0259 \u018fliyeva ad\u0131na \u201cLingvist\u201d liseyind\u0259 olub. Diplomat bu bar\u0259d\u0259 \u201cX\u201d\u00a0hesab\u0131nda yaz\u0131b. S.M\u0259rd\u0259liyev bildirib ki, lisey Ukraynada Az\u0259rbaycan dilini t\u0259dris ed\u0259n ilk m\u0259kt\u0259bdir: \u201cLiseyd\u0259 \u015fagirdl\u0259r 3-11-ci sinifl\u0259rd\u0259 t\u0259hsil alacaqlar. Bu, Az\u0259rbaycan-Ukrayna \u0259m\u0259kda\u015fl\u0131\u011f\u0131nda m\u00fch\u00fcm m\u0259rh\u0259l\u0259dir\u201d.<\/p>\n","protected":false},"author":2,"featured_media":657090,"comment_status":"closed","ping_status":"closed","sticky":false,"template":"","format":"standard","meta":{"om_disable_all_campaigns":false,"_monsterinsights_skip_tracking":false,"_monsterinsights_sitenote_active":false,"_monsterinsights_sitenote_note":"","_monsterinsights_sitenote_category":0},"categories":[4],"tags":[],"aioseo_notices":[],"gutentor_comment":0,"rttpg_featured_image_url":{"full":["https:\/\/arantv.az\/wp-content\/uploads\/2023\/11\/f3b3b134-8366-3af4-85a3-740e6ab993fc_850.jpg",620,413,false],"landscape":["https:\/\/arantv.az\/wp-content\/uploads\/2023\/11\/f3b3b134-8366-3af4-85a3-740e6ab993fc_850.jpg",620,413,false],"portraits":["https:\/\/arantv.az\/wp-content\/uploads\/2023\/11\/f3b3b134-8366-3af4-85a3-740e6ab993fc_850.jpg",620,413,false],"thumbnail":["https:\/\/arantv.az\/wp-content\/uploads\/2023\/11\/f3b3b134-8366-3af4-85a3-740e6ab993fc_850-500x280.jpg",500,280,true],"medium":["https:\/\/arantv.az\/wp-content\/uploads\/2023\/11\/f3b3b134-8366-3af4-85a3-740e6ab993fc_850-548x365.jpg",548,365,true],"large":["https:\/\/arantv.az\/wp-content\/uploads\/2023\/11\/f3b3b134-8366-3af4-85a3-740e6ab993fc_850.jpg",620,413,false],"1536x1536":["https:\/\/arantv.az\/wp-content\/uploads\/2023\/11\/f3b3b134-8366-3af4-85a3-740e6ab993fc_850.jpg",620,413,false],"2048x2048":["https:\/\/arantv.az\/wp-content\/uploads\/2023\/11\/f3b3b134-8366-3af4-85a3-740e6ab993fc_850.jpg",620,413,false],"post-thumbnail":["https:\/\/arantv.az\/wp-content\/uploads\/2023\/11\/f3b3b134-8366-3af4-85a3-740e6ab993fc_850-240x172.jpg",240,172,true],"advps-thumb-one":["https:\/\/arantv.az\/wp-content\/uploads\/2023\/11\/f3b3b134-8366-3af4-85a3-740e6ab993fc_850.jpg",620,413,false]},"rttpg_author":{"display_name":"V\u00fcsal Rafiqo\u011flu","author_link":"https:\/\/arantv.az\/?author=2"},"rttpg_comment":0,"rttpg_category":"<a href=\"https:\/\/arantv.az\/?cat=4\" rel=\"category\">Siyas\u0259t<\/a>","rttpg_excerpt":"Az\u0259rbaycan\u0131n Ukraynadak\u0131 s\u0259firi Seymur M\u0259rd\u0259liyev Az\u0259rbaycan dili d\u0259rslikl\u0259rinin t\u0259hvil verilm\u0259si \u00fc\u00e7\u00fcn \u0130rpen \u015f\u0259h\u0259rind\u0259ki Z\u0259rif\u0259 \u018fliyeva ad\u0131na \u201cLingvist\u201d liseyind\u0259 olub. Diplomat bu bar\u0259d\u0259 \u201cX\u201d\u00a0hesab\u0131nda yaz\u0131b. S.M\u0259rd\u0259liyev bildirib ki, lisey Ukraynada Az\u0259rbaycan dilini t\u0259dris ed\u0259n ilk m\u0259kt\u0259bdir: \u201cLiseyd\u0259 \u015fagirdl\u0259r 3-11-ci sinifl\u0259rd\u0259 t\u0259hsil alacaqlar. Bu, Az\u0259rbaycan-Ukrayna \u0259m\u0259kda\u015fl\u0131\u011f\u0131nda m\u00fch\u00fcm m\u0259rh\u0259l\u0259dir\u201d.","_links":{"self":[{"href":"https:\/\/arantv.az\/index.php?rest_route=\/wp\/v2\/posts\/657089"}],"collection":[{"href":"https:\/\/arantv.az\/index.php?rest_route=\/wp\/v2\/posts"}],"about":[{"href":"https:\/\/arantv.az\/index.php?rest_route=\/wp\/v2\/types\/post"}],"author":[{"embeddable":true,"href":"https:\/\/arantv.az\/index.php?rest_route=\/wp\/v2\/users\/2"}],"replies":[{"embeddable":true,"href":"https:\/\/arantv.az\/index.php?rest_route=%2Fwp%2Fv2%2Fcomments&post=657089"}],"version-history":[{"count":0,"href":"https:\/\/arantv.az\/index.php?rest_route=\/wp\/v2\/posts\/657089\/revisions"}],"wp:featuredmedia":[{"embeddable":true,"href":"https:\/\/arantv.az\/index.php?rest_route=\/wp\/v2\/media\/657090"}],"wp:attachment":[{"href":"https:\/\/arantv.az\/index.php?rest_route=%2Fwp%2Fv2%2Fmedia&parent=657089"}],"wp:term":[{"taxonomy":"category","embeddable":true,"href":"https:\/\/arantv.az\/index.php?rest_route=%2Fwp%2Fv2%2Fcategories&post=657089"},{"taxonomy":"post_tag","embeddable":true,"href":"https:\/\/arantv.az\/index.php?rest_route=%2Fwp%2Fv2%2Ftags&post=657089"}],"curies":[{"name":"wp","href":"https:\/\/api.w.org\/{rel}","templated":true}]}}