{"id":657095,"date":"2023-11-16T14:50:13","date_gmt":"2023-11-16T10:50:13","guid":{"rendered":"https:\/\/arantv.az\/?p=657095"},"modified":"2023-11-16T14:50:13","modified_gmt":"2023-11-16T10:50:13","slug":"secil-yildiz-az%c9%99rbaycanin-b%c9%99rpa-olunan-enerji-potensiali-27-min-meqavatdir","status":"publish","type":"post","link":"https:\/\/arantv.az\/?p=657095","title":{"rendered":"Secil Y\u0131ld\u0131z: \u201cAz\u0259rbaycan\u0131n b\u0259rpa olunan enerji potensial\u0131 27 min meqavatd\u0131r\u201d"},"content":{"rendered":"<p>\u201c\u00d6t\u0259n il Az\u0259rbaycanda b\u0259rpaolunan enerji resurslar\u0131n\u0131n istifad\u0259 g\u00fcc\u00fc 17 faiz olub. 2030-cu il\u0259d\u0259k Az\u0259rbaycan h\u00f6kum\u0259ti b\u0259rpaolunan enerji tutumunu 30 faiz\u0259d\u0259k art\u0131rma\u011f\u0131 h\u0259d\u0259fl\u0259yib\u201d.<\/p>\n<p>\u201cAPA-Economics\u201d x\u0259b\u0259r verir ki, bunu \u201cDayan\u0131ql\u0131 \u0130nki\u015fafa dair 2-ci Bak\u0131 Forumu\u201dnda \u00e7\u0131x\u0131\u015f\u0131 zaman\u0131 T\u00fcrkiy\u0259 \u0130nvestisiya v\u0259 \u0130nki\u015faf Bank\u0131n\u0131n vitse-prezidenti Secil\u00a0Y\u0131ld\u0131z deyib.<\/p>\n<p>O bildirib ki, \u00f6lk\u0259nin iqtisadi c\u0259h\u0259td\u0259n m\u0259qs\u0259d\u0259uy\u011fun v\u0259 texniki c\u0259h\u0259td\u0259n istifad\u0259 oluna bil\u0259n b\u0259rpaolunan enerji ehtiyatlar\u0131 potensial\u0131 27 min meqavatd\u0131r ki, bunun da \u00fc\u00e7 min meqavat\u0131 k\u00fcl\u0259k, 23 min meqavat\u0131 g\u00fcn\u0259\u015f, 380 meqavat\u0131 bioenerji, 520 meqavat\u0131 is\u0259 hidrogen enerjisinin pay\u0131na d\u00fc\u015f\u00fcr.<\/p>\n","protected":false},"excerpt":{"rendered":"<p>\u201c\u00d6t\u0259n il Az\u0259rbaycanda b\u0259rpaolunan enerji resurslar\u0131n\u0131n istifad\u0259 g\u00fcc\u00fc 17 faiz olub. 2030-cu il\u0259d\u0259k Az\u0259rbaycan h\u00f6kum\u0259ti b\u0259rpaolunan enerji tutumunu 30 faiz\u0259d\u0259k art\u0131rma\u011f\u0131 h\u0259d\u0259fl\u0259yib\u201d. \u201cAPA-Economics\u201d x\u0259b\u0259r verir ki, bunu \u201cDayan\u0131ql\u0131 \u0130nki\u015fafa dair 2-ci Bak\u0131 Forumu\u201dnda \u00e7\u0131x\u0131\u015f\u0131 zaman\u0131 T\u00fcrkiy\u0259 \u0130nvestisiya v\u0259 \u0130nki\u015faf Bank\u0131n\u0131n vitse-prezidenti Secil\u00a0Y\u0131ld\u0131z deyib. O bildirib ki, \u00f6lk\u0259nin iqtisadi c\u0259h\u0259td\u0259n m\u0259qs\u0259d\u0259uy\u011fun v\u0259 texniki c\u0259h\u0259td\u0259n istifad\u0259 oluna bil\u0259n b\u0259rpaolunan enerji ehtiyatlar\u0131 potensial\u0131 27 min meqavatd\u0131r ki, bunun da \u00fc\u00e7 min meqavat\u0131 k\u00fcl\u0259k, 23 min meqavat\u0131 g\u00fcn\u0259\u015f, 380 meqavat\u0131 bioenerji, 520 meqavat\u0131 is\u0259 hidrogen enerjisinin pay\u0131na d\u00fc\u015f\u00fcr.<\/p>\n","protected":false},"author":2,"featured_media":657096,"comment_status":"closed","ping_status":"closed","sticky":false,"template":"","format":"standard","meta":{"om_disable_all_campaigns":false,"_monsterinsights_skip_tracking":false,"_monsterinsights_sitenote_active":false,"_monsterinsights_sitenote_note":"","_monsterinsights_sitenote_category":0},"categories":[4],"tags":[],"aioseo_notices":[],"gutentor_comment":0,"rttpg_featured_image_url":{"full":["https:\/\/arantv.az\/wp-content\/uploads\/2023\/11\/6555cb117db266555cb117db2717001213616555cb117db246555cb117db25.jpg",620,413,false],"landscape":["https:\/\/arantv.az\/wp-content\/uploads\/2023\/11\/6555cb117db266555cb117db2717001213616555cb117db246555cb117db25.jpg",620,413,false],"portraits":["https:\/\/arantv.az\/wp-content\/uploads\/2023\/11\/6555cb117db266555cb117db2717001213616555cb117db246555cb117db25.jpg",620,413,false],"thumbnail":["https:\/\/arantv.az\/wp-content\/uploads\/2023\/11\/6555cb117db266555cb117db2717001213616555cb117db246555cb117db25-500x280.jpg",500,280,true],"medium":["https:\/\/arantv.az\/wp-content\/uploads\/2023\/11\/6555cb117db266555cb117db2717001213616555cb117db246555cb117db25-548x365.jpg",548,365,true],"large":["https:\/\/arantv.az\/wp-content\/uploads\/2023\/11\/6555cb117db266555cb117db2717001213616555cb117db246555cb117db25.jpg",620,413,false],"1536x1536":["https:\/\/arantv.az\/wp-content\/uploads\/2023\/11\/6555cb117db266555cb117db2717001213616555cb117db246555cb117db25.jpg",620,413,false],"2048x2048":["https:\/\/arantv.az\/wp-content\/uploads\/2023\/11\/6555cb117db266555cb117db2717001213616555cb117db246555cb117db25.jpg",620,413,false],"post-thumbnail":["https:\/\/arantv.az\/wp-content\/uploads\/2023\/11\/6555cb117db266555cb117db2717001213616555cb117db246555cb117db25-240x172.jpg",240,172,true],"advps-thumb-one":["https:\/\/arantv.az\/wp-content\/uploads\/2023\/11\/6555cb117db266555cb117db2717001213616555cb117db246555cb117db25.jpg",620,413,false]},"rttpg_author":{"display_name":"V\u00fcsal Rafiqo\u011flu","author_link":"https:\/\/arantv.az\/?author=2"},"rttpg_comment":0,"rttpg_category":"<a href=\"https:\/\/arantv.az\/?cat=4\" rel=\"category\">Siyas\u0259t<\/a>","rttpg_excerpt":"\u201c\u00d6t\u0259n il Az\u0259rbaycanda b\u0259rpaolunan enerji resurslar\u0131n\u0131n istifad\u0259 g\u00fcc\u00fc 17 faiz olub. 2030-cu il\u0259d\u0259k Az\u0259rbaycan h\u00f6kum\u0259ti b\u0259rpaolunan enerji tutumunu 30 faiz\u0259d\u0259k art\u0131rma\u011f\u0131 h\u0259d\u0259fl\u0259yib\u201d. \u201cAPA-Economics\u201d x\u0259b\u0259r verir ki, bunu \u201cDayan\u0131ql\u0131 \u0130nki\u015fafa dair 2-ci Bak\u0131 Forumu\u201dnda \u00e7\u0131x\u0131\u015f\u0131 zaman\u0131 T\u00fcrkiy\u0259 \u0130nvestisiya v\u0259 \u0130nki\u015faf Bank\u0131n\u0131n vitse-prezidenti Secil\u00a0Y\u0131ld\u0131z deyib. O bildirib ki, \u00f6lk\u0259nin iqtisadi c\u0259h\u0259td\u0259n m\u0259qs\u0259d\u0259uy\u011fun v\u0259 texniki c\u0259h\u0259td\u0259n istifad\u0259 oluna&hellip;","_links":{"self":[{"href":"https:\/\/arantv.az\/index.php?rest_route=\/wp\/v2\/posts\/657095"}],"collection":[{"href":"https:\/\/arantv.az\/index.php?rest_route=\/wp\/v2\/posts"}],"about":[{"href":"https:\/\/arantv.az\/index.php?rest_route=\/wp\/v2\/types\/post"}],"author":[{"embeddable":true,"href":"https:\/\/arantv.az\/index.php?rest_route=\/wp\/v2\/users\/2"}],"replies":[{"embeddable":true,"href":"https:\/\/arantv.az\/index.php?rest_route=%2Fwp%2Fv2%2Fcomments&post=657095"}],"version-history":[{"count":0,"href":"https:\/\/arantv.az\/index.php?rest_route=\/wp\/v2\/posts\/657095\/revisions"}],"wp:featuredmedia":[{"embeddable":true,"href":"https:\/\/arantv.az\/index.php?rest_route=\/wp\/v2\/media\/657096"}],"wp:attachment":[{"href":"https:\/\/arantv.az\/index.php?rest_route=%2Fwp%2Fv2%2Fmedia&parent=657095"}],"wp:term":[{"taxonomy":"category","embeddable":true,"href":"https:\/\/arantv.az\/index.php?rest_route=%2Fwp%2Fv2%2Fcategories&post=657095"},{"taxonomy":"post_tag","embeddable":true,"href":"https:\/\/arantv.az\/index.php?rest_route=%2Fwp%2Fv2%2Ftags&post=657095"}],"curies":[{"name":"wp","href":"https:\/\/api.w.org\/{rel}","templated":true}]}}