{"id":657105,"date":"2023-11-16T14:51:45","date_gmt":"2023-11-16T10:51:45","guid":{"rendered":"https:\/\/arantv.az\/?p=657105"},"modified":"2023-11-16T14:51:45","modified_gmt":"2023-11-16T10:51:45","slug":"q%c9%99t%c9%99r-%c9%99mirinin-h%c9%99yat-yoldasi-unesco-nun-xosm%c9%99ramli-s%c9%99firi-v%c9%99zif%c9%99sind%c9%99n-imtina-etdi","status":"publish","type":"post","link":"https:\/\/arantv.az\/?p=657105","title":{"rendered":"Q\u0259t\u0259r \u0259mirinin h\u0259yat yolda\u015f\u0131 UNESCO-nun xo\u015fm\u0259raml\u0131 s\u0259firi v\u0259zif\u0259sind\u0259n imtina etdi"},"content":{"rendered":"<p>\u015eeyxa Moza bint Nasser (Q\u0259t\u0259rin 3-c\u00fc \u0259miri, siyasi v\u0259 ictimai xadim, \u015eeyx Hamad bin X\u0259lif\u0259 al-Taninin \u00fc\u00e7 h\u0259yat yolda\u015f\u0131ndan ikincisi) UNESCO-nun xo\u015fm\u0259raml\u0131 s\u0259firi v\u0259zif\u0259sind\u0259n imtina edib.<\/p>\n<p>Bu add\u0131m \u015eeyxa Mozan\u0131n UNESCO il\u0259 ba\u011fl\u0131 b\u0259yanat\u0131ndan sonra at\u0131l\u0131b. \u015eeyxa Moza bildirib ki, UNESCO \u0130srailin davam ed\u0259n bombardmanlar\u0131n\u0131n \u0259sas qurbanlar\u0131 olan Q\u0259zza u\u015faqlar\u0131n\u0131n xilas edilm\u0259si v\u0259 onlara k\u00f6m\u0259k g\u00f6st\u0259rilm\u0259si il\u0259 ba\u011fl\u0131 \u00f6hd\u0259likl\u0259rin\u0259 \u0259m\u0259l etm\u0259yib.<\/p>\n<p>\u015eeyxa Moza \u00f6z q\u0259rar\u0131 bar\u0259d\u0259 \u0130stanbulda ke\u00e7iril\u0259n sammit zaman\u0131 a\u00e7\u0131qlama verib. O, 2003-c\u00fc ild\u0259n qlobal t\u0259hsil sah\u0259sind\u0259 BMT il\u0259 \u0259m\u0259kda\u015fl\u0131q edir.<\/p>\n<p>Xat\u0131rladaq ki, 2022-ci ilin noyabr\u0131nda Az\u0259rbaycan\u0131n Birinci vitse-prezidenti\u00a0<strong>Mehriban \u018fliyeva\u00a0<\/strong>da i\u015fin \u00e7oxlu\u011funu \u0259sas g\u0259tir\u0259r\u0259k UNESCO-nun xo\u015fm\u0259raml\u0131 s\u0259firi v\u0259zif\u0259sind\u0259n imtina edib. Mehriban \u018fliyeva, eyni zamanda, \u00fcmid etdiyini bildirib ki, t\u0259\u015fkilat yax\u0131n g\u0259l\u0259c\u0259kd\u0259 \u00f6z missiyas\u0131n\u0131 Az\u0259rbaycan\u0131n i\u015f\u011faldan azad edilmi\u015f \u0259razil\u0259rin\u0259 g\u00f6nd\u0259r\u0259c\u0259k v\u0259 Erm\u0259nistan\u0131n i\u015f\u011fal\u0131 n\u0259tic\u0259sind\u0259 Az\u0259rbaycan\u0131n m\u0259d\u0259ni irsin\u0259 d\u0259ymi\u015f z\u0259r\u0259rin qiym\u0259tl\u0259ndirilm\u0259sini h\u0259yata ke\u00e7ir\u0259c\u0259k.<\/p>\n<p>Bu, UNESCO-nun f\u0259aliyy\u0259tsizliyin\u0259 dair ayd\u0131n bir i\u015far\u0259 idi. Missiya, \u0259lb\u0259tt\u0259 ki, g\u0259lib \u00e7\u0131xmad\u0131. B\u00fct\u00fcn bunlar &#8211; t\u0259\u015fkilat\u0131 frans\u0131z m\u0259i\u015f\u0259t davalar\u0131 s\u0259viyy\u0259sin\u0259 endir\u0259n deqradasiyan\u0131n n\u0259tic\u0259sidir.<\/p>\n","protected":false},"excerpt":{"rendered":"<p>\u015eeyxa Moza bint Nasser (Q\u0259t\u0259rin 3-c\u00fc \u0259miri, siyasi v\u0259 ictimai xadim, \u015eeyx Hamad bin X\u0259lif\u0259 al-Taninin \u00fc\u00e7 h\u0259yat yolda\u015f\u0131ndan ikincisi) UNESCO-nun xo\u015fm\u0259raml\u0131 s\u0259firi v\u0259zif\u0259sind\u0259n imtina edib. Bu add\u0131m \u015eeyxa Mozan\u0131n UNESCO il\u0259 ba\u011fl\u0131 b\u0259yanat\u0131ndan sonra at\u0131l\u0131b. \u015eeyxa Moza bildirib ki, UNESCO \u0130srailin davam ed\u0259n bombardmanlar\u0131n\u0131n \u0259sas qurbanlar\u0131 olan Q\u0259zza u\u015faqlar\u0131n\u0131n xilas edilm\u0259si v\u0259 onlara k\u00f6m\u0259k g\u00f6st\u0259rilm\u0259si il\u0259 ba\u011fl\u0131 \u00f6hd\u0259likl\u0259rin\u0259 \u0259m\u0259l etm\u0259yib. \u015eeyxa Moza \u00f6z q\u0259rar\u0131 bar\u0259d\u0259 \u0130stanbulda ke\u00e7iril\u0259n sammit zaman\u0131 a\u00e7\u0131qlama verib. O, 2003-c\u00fc ild\u0259n qlobal t\u0259hsil sah\u0259sind\u0259 BMT il\u0259 \u0259m\u0259kda\u015fl\u0131q edir. Xat\u0131rladaq ki, 2022-ci ilin noyabr\u0131nda Az\u0259rbaycan\u0131n Birinci vitse-prezidenti\u00a0Mehriban&hellip;<\/p>\n","protected":false},"author":2,"featured_media":657106,"comment_status":"closed","ping_status":"closed","sticky":false,"template":"","format":"standard","meta":{"om_disable_all_campaigns":false,"_monsterinsights_skip_tracking":false,"_monsterinsights_sitenote_active":false,"_monsterinsights_sitenote_note":"","_monsterinsights_sitenote_category":0},"categories":[4],"tags":[],"aioseo_notices":[],"gutentor_comment":0,"rttpg_featured_image_url":{"full":["https:\/\/arantv.az\/wp-content\/uploads\/2023\/11\/385537061_882977989758679_8235289518248005400_n.jpg",620,413,false],"landscape":["https:\/\/arantv.az\/wp-content\/uploads\/2023\/11\/385537061_882977989758679_8235289518248005400_n.jpg",620,413,false],"portraits":["https:\/\/arantv.az\/wp-content\/uploads\/2023\/11\/385537061_882977989758679_8235289518248005400_n.jpg",620,413,false],"thumbnail":["https:\/\/arantv.az\/wp-content\/uploads\/2023\/11\/385537061_882977989758679_8235289518248005400_n-500x280.jpg",500,280,true],"medium":["https:\/\/arantv.az\/wp-content\/uploads\/2023\/11\/385537061_882977989758679_8235289518248005400_n-548x365.jpg",548,365,true],"large":["https:\/\/arantv.az\/wp-content\/uploads\/2023\/11\/385537061_882977989758679_8235289518248005400_n.jpg",620,413,false],"1536x1536":["https:\/\/arantv.az\/wp-content\/uploads\/2023\/11\/385537061_882977989758679_8235289518248005400_n.jpg",620,413,false],"2048x2048":["https:\/\/arantv.az\/wp-content\/uploads\/2023\/11\/385537061_882977989758679_8235289518248005400_n.jpg",620,413,false],"post-thumbnail":["https:\/\/arantv.az\/wp-content\/uploads\/2023\/11\/385537061_882977989758679_8235289518248005400_n-240x172.jpg",240,172,true],"advps-thumb-one":["https:\/\/arantv.az\/wp-content\/uploads\/2023\/11\/385537061_882977989758679_8235289518248005400_n.jpg",620,413,false]},"rttpg_author":{"display_name":"V\u00fcsal Rafiqo\u011flu","author_link":"https:\/\/arantv.az\/?author=2"},"rttpg_comment":0,"rttpg_category":"<a href=\"https:\/\/arantv.az\/?cat=4\" rel=\"category\">Siyas\u0259t<\/a>","rttpg_excerpt":"\u015eeyxa Moza bint Nasser (Q\u0259t\u0259rin 3-c\u00fc \u0259miri, siyasi v\u0259 ictimai xadim, \u015eeyx Hamad bin X\u0259lif\u0259 al-Taninin \u00fc\u00e7 h\u0259yat yolda\u015f\u0131ndan ikincisi) UNESCO-nun xo\u015fm\u0259raml\u0131 s\u0259firi v\u0259zif\u0259sind\u0259n imtina edib. Bu add\u0131m \u015eeyxa Mozan\u0131n UNESCO il\u0259 ba\u011fl\u0131 b\u0259yanat\u0131ndan sonra at\u0131l\u0131b. \u015eeyxa Moza bildirib ki, UNESCO \u0130srailin davam ed\u0259n bombardmanlar\u0131n\u0131n \u0259sas qurbanlar\u0131 olan Q\u0259zza u\u015faqlar\u0131n\u0131n xilas edilm\u0259si v\u0259 onlara k\u00f6m\u0259k&hellip;","_links":{"self":[{"href":"https:\/\/arantv.az\/index.php?rest_route=\/wp\/v2\/posts\/657105"}],"collection":[{"href":"https:\/\/arantv.az\/index.php?rest_route=\/wp\/v2\/posts"}],"about":[{"href":"https:\/\/arantv.az\/index.php?rest_route=\/wp\/v2\/types\/post"}],"author":[{"embeddable":true,"href":"https:\/\/arantv.az\/index.php?rest_route=\/wp\/v2\/users\/2"}],"replies":[{"embeddable":true,"href":"https:\/\/arantv.az\/index.php?rest_route=%2Fwp%2Fv2%2Fcomments&post=657105"}],"version-history":[{"count":0,"href":"https:\/\/arantv.az\/index.php?rest_route=\/wp\/v2\/posts\/657105\/revisions"}],"wp:featuredmedia":[{"embeddable":true,"href":"https:\/\/arantv.az\/index.php?rest_route=\/wp\/v2\/media\/657106"}],"wp:attachment":[{"href":"https:\/\/arantv.az\/index.php?rest_route=%2Fwp%2Fv2%2Fmedia&parent=657105"}],"wp:term":[{"taxonomy":"category","embeddable":true,"href":"https:\/\/arantv.az\/index.php?rest_route=%2Fwp%2Fv2%2Fcategories&post=657105"},{"taxonomy":"post_tag","embeddable":true,"href":"https:\/\/arantv.az\/index.php?rest_route=%2Fwp%2Fv2%2Ftags&post=657105"}],"curies":[{"name":"wp","href":"https:\/\/api.w.org\/{rel}","templated":true}]}}