{"id":657111,"date":"2023-11-16T14:52:43","date_gmt":"2023-11-16T10:52:43","guid":{"rendered":"https:\/\/arantv.az\/?p=657111"},"modified":"2023-11-16T14:52:43","modified_gmt":"2023-11-16T10:52:43","slug":"yasar-guler-az%c9%99rbaycanla-erm%c9%99nistan-arasinda-daimi-sulhun-b%c9%99rq%c9%99rar-olmasi-ucun-yeni-imkanlar-acilib","status":"publish","type":"post","link":"https:\/\/arantv.az\/?p=657111","title":{"rendered":"Ya\u015far G\u00fcler: \u201cAz\u0259rbaycanla Erm\u0259nistan aras\u0131nda daimi s\u00fclh\u00fcn b\u0259rq\u0259rar olmas\u0131 \u00fc\u00e7\u00fcn yeni imkanlar a\u00e7\u0131l\u0131b\u201d"},"content":{"rendered":"<p>\u201cBu g\u00fcn biz \u015fanl\u0131 Az\u0259rbaycan bayra\u011f\u0131n\u0131n b\u00fct\u00fcn Qaraba\u011fda dal\u011falanmas\u0131n\u0131 g\u00f6rm\u0259kd\u0259n \u00e7ox m\u0259mnunuq\u201d.<\/p>\n<p>Bunu T\u00fcrkiy\u0259nin milli m\u00fcdafi\u0259 naziri Ya\u015far G\u00fcler parlamentd\u0259 \u00e7\u0131x\u0131\u015f\u0131 zaman\u0131 b\u0259yan edib.<\/p>\n<p>O, art\u0131q Az\u0259rbaycanla Erm\u0259nistan aras\u0131nda daimi s\u00fclh\u00fcn b\u0259rq\u0259rar olmas\u0131 \u00fc\u00e7\u00fcn yeni imkanlar a\u00e7\u0131ld\u0131\u011f\u0131n\u0131 deyib v\u0259 \u0130r\u0259van\u0131n bu m\u0259s\u0259l\u0259 il\u0259 ba\u011fl\u0131 d\u00fczg\u00fcn add\u0131mlar ataca\u011f\u0131na \u00fcmidini ifad\u0259 edib.<\/p>\n<div id=\"22889818619\"><\/div>\n<p>\u201cN\u0259tic\u0259 etibaril\u0259 bu g\u00fcn\u0259 q\u0259d\u0259r oldu\u011fu kimi yen\u0259 d\u0259 \u201ciki d\u00f6vl\u0259t, bir mill\u0259t\u201d anlay\u0131\u015f\u0131 il\u0259 Az\u0259rbaycan\u0131n yan\u0131nda olma\u011fa davam ed\u0259c\u0259yik\u201d, &#8211; dey\u0259 nazir s\u00f6zl\u0259rini yekunla\u015fd\u0131r\u0131b.<\/p>\n<p>M\u0259nb\u0259: Haber Global<\/p>\n","protected":false},"excerpt":{"rendered":"<p>\u201cBu g\u00fcn biz \u015fanl\u0131 Az\u0259rbaycan bayra\u011f\u0131n\u0131n b\u00fct\u00fcn Qaraba\u011fda dal\u011falanmas\u0131n\u0131 g\u00f6rm\u0259kd\u0259n \u00e7ox m\u0259mnunuq\u201d. Bunu T\u00fcrkiy\u0259nin milli m\u00fcdafi\u0259 naziri Ya\u015far G\u00fcler parlamentd\u0259 \u00e7\u0131x\u0131\u015f\u0131 zaman\u0131 b\u0259yan edib. O, art\u0131q Az\u0259rbaycanla Erm\u0259nistan aras\u0131nda daimi s\u00fclh\u00fcn b\u0259rq\u0259rar olmas\u0131 \u00fc\u00e7\u00fcn yeni imkanlar a\u00e7\u0131ld\u0131\u011f\u0131n\u0131 deyib v\u0259 \u0130r\u0259van\u0131n bu m\u0259s\u0259l\u0259 il\u0259 ba\u011fl\u0131 d\u00fczg\u00fcn add\u0131mlar ataca\u011f\u0131na \u00fcmidini ifad\u0259 edib. \u201cN\u0259tic\u0259 etibaril\u0259 bu g\u00fcn\u0259 q\u0259d\u0259r oldu\u011fu kimi yen\u0259 d\u0259 \u201ciki d\u00f6vl\u0259t, bir mill\u0259t\u201d anlay\u0131\u015f\u0131 il\u0259 Az\u0259rbaycan\u0131n yan\u0131nda olma\u011fa davam ed\u0259c\u0259yik\u201d, &#8211; dey\u0259 nazir s\u00f6zl\u0259rini yekunla\u015fd\u0131r\u0131b. M\u0259nb\u0259: Haber Global<\/p>\n","protected":false},"author":2,"featured_media":657112,"comment_status":"closed","ping_status":"closed","sticky":false,"template":"","format":"standard","meta":{"om_disable_all_campaigns":false,"_monsterinsights_skip_tracking":false,"_monsterinsights_sitenote_active":false,"_monsterinsights_sitenote_note":"","_monsterinsights_sitenote_category":0},"categories":[4],"tags":[],"aioseo_notices":[],"gutentor_comment":0,"rttpg_featured_image_url":{"full":["https:\/\/arantv.az\/wp-content\/uploads\/2023\/11\/bakan-guler-karabagin-tamaminda-sanli-azerbaycan-bayraginin-dalgalanmasindan-buyuk-bir-memnuniyet-duyuruyoruz-cvr4.jpg",620,413,false],"landscape":["https:\/\/arantv.az\/wp-content\/uploads\/2023\/11\/bakan-guler-karabagin-tamaminda-sanli-azerbaycan-bayraginin-dalgalanmasindan-buyuk-bir-memnuniyet-duyuruyoruz-cvr4.jpg",620,413,false],"portraits":["https:\/\/arantv.az\/wp-content\/uploads\/2023\/11\/bakan-guler-karabagin-tamaminda-sanli-azerbaycan-bayraginin-dalgalanmasindan-buyuk-bir-memnuniyet-duyuruyoruz-cvr4.jpg",620,413,false],"thumbnail":["https:\/\/arantv.az\/wp-content\/uploads\/2023\/11\/bakan-guler-karabagin-tamaminda-sanli-azerbaycan-bayraginin-dalgalanmasindan-buyuk-bir-memnuniyet-duyuruyoruz-cvr4-500x280.jpg",500,280,true],"medium":["https:\/\/arantv.az\/wp-content\/uploads\/2023\/11\/bakan-guler-karabagin-tamaminda-sanli-azerbaycan-bayraginin-dalgalanmasindan-buyuk-bir-memnuniyet-duyuruyoruz-cvr4-548x365.jpg",548,365,true],"large":["https:\/\/arantv.az\/wp-content\/uploads\/2023\/11\/bakan-guler-karabagin-tamaminda-sanli-azerbaycan-bayraginin-dalgalanmasindan-buyuk-bir-memnuniyet-duyuruyoruz-cvr4.jpg",620,413,false],"1536x1536":["https:\/\/arantv.az\/wp-content\/uploads\/2023\/11\/bakan-guler-karabagin-tamaminda-sanli-azerbaycan-bayraginin-dalgalanmasindan-buyuk-bir-memnuniyet-duyuruyoruz-cvr4.jpg",620,413,false],"2048x2048":["https:\/\/arantv.az\/wp-content\/uploads\/2023\/11\/bakan-guler-karabagin-tamaminda-sanli-azerbaycan-bayraginin-dalgalanmasindan-buyuk-bir-memnuniyet-duyuruyoruz-cvr4.jpg",620,413,false],"post-thumbnail":["https:\/\/arantv.az\/wp-content\/uploads\/2023\/11\/bakan-guler-karabagin-tamaminda-sanli-azerbaycan-bayraginin-dalgalanmasindan-buyuk-bir-memnuniyet-duyuruyoruz-cvr4-240x172.jpg",240,172,true],"advps-thumb-one":["https:\/\/arantv.az\/wp-content\/uploads\/2023\/11\/bakan-guler-karabagin-tamaminda-sanli-azerbaycan-bayraginin-dalgalanmasindan-buyuk-bir-memnuniyet-duyuruyoruz-cvr4.jpg",620,413,false]},"rttpg_author":{"display_name":"V\u00fcsal Rafiqo\u011flu","author_link":"https:\/\/arantv.az\/?author=2"},"rttpg_comment":0,"rttpg_category":"<a href=\"https:\/\/arantv.az\/?cat=4\" rel=\"category\">Siyas\u0259t<\/a>","rttpg_excerpt":"\u201cBu g\u00fcn biz \u015fanl\u0131 Az\u0259rbaycan bayra\u011f\u0131n\u0131n b\u00fct\u00fcn Qaraba\u011fda dal\u011falanmas\u0131n\u0131 g\u00f6rm\u0259kd\u0259n \u00e7ox m\u0259mnunuq\u201d. Bunu T\u00fcrkiy\u0259nin milli m\u00fcdafi\u0259 naziri Ya\u015far G\u00fcler parlamentd\u0259 \u00e7\u0131x\u0131\u015f\u0131 zaman\u0131 b\u0259yan edib. O, art\u0131q Az\u0259rbaycanla Erm\u0259nistan aras\u0131nda daimi s\u00fclh\u00fcn b\u0259rq\u0259rar olmas\u0131 \u00fc\u00e7\u00fcn yeni imkanlar a\u00e7\u0131ld\u0131\u011f\u0131n\u0131 deyib v\u0259 \u0130r\u0259van\u0131n bu m\u0259s\u0259l\u0259 il\u0259 ba\u011fl\u0131 d\u00fczg\u00fcn add\u0131mlar ataca\u011f\u0131na \u00fcmidini ifad\u0259 edib. \u201cN\u0259tic\u0259 etibaril\u0259 bu g\u00fcn\u0259 q\u0259d\u0259r&hellip;","_links":{"self":[{"href":"https:\/\/arantv.az\/index.php?rest_route=\/wp\/v2\/posts\/657111"}],"collection":[{"href":"https:\/\/arantv.az\/index.php?rest_route=\/wp\/v2\/posts"}],"about":[{"href":"https:\/\/arantv.az\/index.php?rest_route=\/wp\/v2\/types\/post"}],"author":[{"embeddable":true,"href":"https:\/\/arantv.az\/index.php?rest_route=\/wp\/v2\/users\/2"}],"replies":[{"embeddable":true,"href":"https:\/\/arantv.az\/index.php?rest_route=%2Fwp%2Fv2%2Fcomments&post=657111"}],"version-history":[{"count":0,"href":"https:\/\/arantv.az\/index.php?rest_route=\/wp\/v2\/posts\/657111\/revisions"}],"wp:featuredmedia":[{"embeddable":true,"href":"https:\/\/arantv.az\/index.php?rest_route=\/wp\/v2\/media\/657112"}],"wp:attachment":[{"href":"https:\/\/arantv.az\/index.php?rest_route=%2Fwp%2Fv2%2Fmedia&parent=657111"}],"wp:term":[{"taxonomy":"category","embeddable":true,"href":"https:\/\/arantv.az\/index.php?rest_route=%2Fwp%2Fv2%2Fcategories&post=657111"},{"taxonomy":"post_tag","embeddable":true,"href":"https:\/\/arantv.az\/index.php?rest_route=%2Fwp%2Fv2%2Ftags&post=657111"}],"curies":[{"name":"wp","href":"https:\/\/api.w.org\/{rel}","templated":true}]}}