{"id":657135,"date":"2023-11-16T14:57:59","date_gmt":"2023-11-16T10:57:59","guid":{"rendered":"https:\/\/arantv.az\/?p=657135"},"modified":"2023-11-16T14:57:59","modified_gmt":"2023-11-16T10:57:59","slug":"q%c9%99zza-zolaginin-g%c9%99l%c9%99c%c9%99yi-il%c9%99-bagli-abs-v%c9%99-israil-arasinda-fikir-ayriliqlari-artmaqdadir","status":"publish","type":"post","link":"https:\/\/arantv.az\/?p=657135","title":{"rendered":"Q\u0259zza zola\u011f\u0131n\u0131n g\u0259l\u0259c\u0259yi il\u0259 ba\u011fl\u0131 AB\u015e v\u0259 \u0130srail aras\u0131nda fikir ayr\u0131l\u0131qlar\u0131 artmaqdad\u0131r"},"content":{"rendered":"<p>AB\u015e administrasiyas\u0131n\u0131n r\u0259smil\u0259ri H\u018fMAS-a qar\u015f\u0131 h\u0259rbi h\u00fccumun gedi\u015fi v\u0259 iki \u00f6lk\u0259nin Q\u0259zzan\u0131n g\u0259l\u0259c\u0259yini nec\u0259 t\u0259s\u0259vv\u00fcr etm\u0259si il\u0259 ba\u011fl\u0131 \u0130srailin Ba\u015f naziri Benyamin Netanyahu h\u00f6kum\u0259ti il\u0259 getdikc\u0259 daha \u00e7ox fikir ayr\u0131l\u0131\u011f\u0131na d\u00fc\u015f\u00fcbl\u0259r.<\/p>\n<p>\u201cBiz onlar\u0131n (israillil\u0259rin) m\u00fclki itkil\u0259ri azaltmaq \u00fc\u00e7\u00fcn m\u00fcmk\u00fcn olan h\u0259r \u015feyi etm\u0259m\u0259sind\u0259n narahat\u0131q\u201d, &#8211; dey\u0259 AB\u015e administrasiyas\u0131n\u0131n r\u0259smil\u0259rind\u0259n biri bildirib.<\/p>\n<p>Bundan \u0259lav\u0259, qeyd olunur ki, \u0130srail h\u0259rbi h\u00fccumunu ba\u015fa vurduqdan sonra F\u0259l\u0259stin anklav\u0131n\u0131 kimin idar\u0259 ed\u0259c\u0259yi sual\u0131 \u0259traf\u0131nda fikir ayr\u0131l\u0131\u011f\u0131 yaran\u0131r.<\/p>\n<p>AB\u015e v\u0259 \u0130srail \u00f6zl\u0259rini birl\u0259\u015fmi\u015f c\u0259bh\u0259 olaraq ictimaiyy\u0259t\u0259 t\u0259qdim etm\u0259y\u0259 \u00e7al\u0131\u015fsalar da, Netanyahunun ke\u00e7\u0259n h\u0259ft\u0259 \u0130srailin qeyri-m\u00fc\u0259yy\u0259n m\u00fcdd\u0259t\u0259 Q\u0259zzada t\u0259hl\u00fck\u0259sizlik rolunu oynayaca\u011f\u0131n\u0131 dem\u0259sind\u0259n sonra fikir ayr\u0131l\u0131\u011f\u0131 \u00fcz\u0259 \u00e7\u0131xd\u0131.<\/p>\n<p>Eyni zamanda AB\u015e d\u00f6vl\u0259t katibi Antoni Blinken bildirib ki, AB\u015e Q\u0259zza zola\u011f\u0131n\u0131n yenid\u0259n i\u015f\u011fal\u0131 v\u0259 ya anklav\u0131n blokadas\u0131 il\u0259 ba\u011fl\u0131 he\u00e7 bir t\u0259klifi q\u0259bul etm\u0259y\u0259c\u0259k.<\/p>\n<p>Veril\u0259n m\u0259lumata g\u00f6r\u0259, AB\u015e Prezidenti Co Bayden administrasiyas\u0131n\u0131n r\u0259smil\u0259ri d\u0259 ke\u00e7mi\u015f \u0130srail r\u0259smil\u0259rinin Q\u0259zzan\u0131n \u015fimal\u0131nda \u0130sraili g\u0259l\u0259c\u0259kd\u0259 Q\u0259zzadan g\u0259l\u0259c\u0259k h\u0259r hans\u0131 h\u00fccumdan qorumaq \u00fc\u00e7\u00fcn g\u00fccl\u00fc m\u00f6hk\u0259ml\u0259ndirilmi\u015f \u201cbufer zona\u201d yaratmaq ideyas\u0131ndan ehtiyat edirl\u0259r.<\/p>\n<p>AB\u015e administrasiyas\u0131n\u0131n r\u0259smil\u0259ri bildiribl\u0259r ki, Q\u0259zza daxilind\u0259 \u0130srailin n\u0259zar\u0259tind\u0259 olan bufer zonas\u0131n\u0131n yarad\u0131lmas\u0131 anklav\u0131n \u0259razisinin azald\u0131lmas\u0131 dem\u0259k olacaq, A\u011f Ev is\u0259 bunu q\u0259buledilm\u0259z hesab edir.<\/p>\n<p>\u201cAB\u015e bildirib ki, f\u0259l\u0259stinlil\u0259r Q\u0259zzadan k\u00f6\u00e7\u00fcr\u00fclm\u0259m\u0259lidirl\u0259r. Biz bunun ir\u0259liy\u0259 do\u011fru \u0259n yax\u015f\u0131 yol oldu\u011funa \u0259min deyilik\u201d, &#8211; dey\u0259 administrasiyan\u0131n ikinci y\u00fcks\u0259kr\u00fctb\u0259li r\u0259smisi bildirib.<\/p>\n<p>M\u0259nb\u0259: NBC News<\/p>\n","protected":false},"excerpt":{"rendered":"<p>AB\u015e administrasiyas\u0131n\u0131n r\u0259smil\u0259ri H\u018fMAS-a qar\u015f\u0131 h\u0259rbi h\u00fccumun gedi\u015fi v\u0259 iki \u00f6lk\u0259nin Q\u0259zzan\u0131n g\u0259l\u0259c\u0259yini nec\u0259 t\u0259s\u0259vv\u00fcr etm\u0259si il\u0259 ba\u011fl\u0131 \u0130srailin Ba\u015f naziri Benyamin Netanyahu h\u00f6kum\u0259ti il\u0259 getdikc\u0259 daha \u00e7ox fikir ayr\u0131l\u0131\u011f\u0131na d\u00fc\u015f\u00fcbl\u0259r. \u201cBiz onlar\u0131n (israillil\u0259rin) m\u00fclki itkil\u0259ri azaltmaq \u00fc\u00e7\u00fcn m\u00fcmk\u00fcn olan h\u0259r \u015feyi etm\u0259m\u0259sind\u0259n narahat\u0131q\u201d, &#8211; dey\u0259 AB\u015e administrasiyas\u0131n\u0131n r\u0259smil\u0259rind\u0259n biri bildirib. Bundan \u0259lav\u0259, qeyd olunur ki, \u0130srail h\u0259rbi h\u00fccumunu ba\u015fa vurduqdan sonra F\u0259l\u0259stin anklav\u0131n\u0131 kimin idar\u0259 ed\u0259c\u0259yi sual\u0131 \u0259traf\u0131nda fikir ayr\u0131l\u0131\u011f\u0131 yaran\u0131r. AB\u015e v\u0259 \u0130srail \u00f6zl\u0259rini birl\u0259\u015fmi\u015f c\u0259bh\u0259 olaraq ictimaiyy\u0259t\u0259 t\u0259qdim etm\u0259y\u0259 \u00e7al\u0131\u015fsalar da, Netanyahunun ke\u00e7\u0259n h\u0259ft\u0259 \u0130srailin qeyri-m\u00fc\u0259yy\u0259n m\u00fcdd\u0259t\u0259&hellip;<\/p>\n","protected":false},"author":2,"featured_media":657136,"comment_status":"closed","ping_status":"closed","sticky":false,"template":"","format":"standard","meta":{"om_disable_all_campaigns":false,"_monsterinsights_skip_tracking":false,"_monsterinsights_sitenote_active":false,"_monsterinsights_sitenote_note":"","_monsterinsights_sitenote_category":0},"categories":[7],"tags":[],"aioseo_notices":[],"gutentor_comment":0,"rttpg_featured_image_url":{"full":["https:\/\/arantv.az\/wp-content\/uploads\/2023\/11\/FotoJet-2023-11-16T102435.994.jpg",620,413,false],"landscape":["https:\/\/arantv.az\/wp-content\/uploads\/2023\/11\/FotoJet-2023-11-16T102435.994.jpg",620,413,false],"portraits":["https:\/\/arantv.az\/wp-content\/uploads\/2023\/11\/FotoJet-2023-11-16T102435.994.jpg",620,413,false],"thumbnail":["https:\/\/arantv.az\/wp-content\/uploads\/2023\/11\/FotoJet-2023-11-16T102435.994-500x280.jpg",500,280,true],"medium":["https:\/\/arantv.az\/wp-content\/uploads\/2023\/11\/FotoJet-2023-11-16T102435.994-548x365.jpg",548,365,true],"large":["https:\/\/arantv.az\/wp-content\/uploads\/2023\/11\/FotoJet-2023-11-16T102435.994.jpg",620,413,false],"1536x1536":["https:\/\/arantv.az\/wp-content\/uploads\/2023\/11\/FotoJet-2023-11-16T102435.994.jpg",620,413,false],"2048x2048":["https:\/\/arantv.az\/wp-content\/uploads\/2023\/11\/FotoJet-2023-11-16T102435.994.jpg",620,413,false],"post-thumbnail":["https:\/\/arantv.az\/wp-content\/uploads\/2023\/11\/FotoJet-2023-11-16T102435.994-240x172.jpg",240,172,true],"advps-thumb-one":["https:\/\/arantv.az\/wp-content\/uploads\/2023\/11\/FotoJet-2023-11-16T102435.994.jpg",620,413,false]},"rttpg_author":{"display_name":"V\u00fcsal Rafiqo\u011flu","author_link":"https:\/\/arantv.az\/?author=2"},"rttpg_comment":0,"rttpg_category":"<a href=\"https:\/\/arantv.az\/?cat=7\" rel=\"category\">D\u00fcnya<\/a>","rttpg_excerpt":"AB\u015e administrasiyas\u0131n\u0131n r\u0259smil\u0259ri H\u018fMAS-a qar\u015f\u0131 h\u0259rbi h\u00fccumun gedi\u015fi v\u0259 iki \u00f6lk\u0259nin Q\u0259zzan\u0131n g\u0259l\u0259c\u0259yini nec\u0259 t\u0259s\u0259vv\u00fcr etm\u0259si il\u0259 ba\u011fl\u0131 \u0130srailin Ba\u015f naziri Benyamin Netanyahu h\u00f6kum\u0259ti il\u0259 getdikc\u0259 daha \u00e7ox fikir ayr\u0131l\u0131\u011f\u0131na d\u00fc\u015f\u00fcbl\u0259r. \u201cBiz onlar\u0131n (israillil\u0259rin) m\u00fclki itkil\u0259ri azaltmaq \u00fc\u00e7\u00fcn m\u00fcmk\u00fcn olan h\u0259r \u015feyi etm\u0259m\u0259sind\u0259n narahat\u0131q\u201d, &#8211; dey\u0259 AB\u015e administrasiyas\u0131n\u0131n r\u0259smil\u0259rind\u0259n biri bildirib. Bundan \u0259lav\u0259, qeyd olunur&hellip;","_links":{"self":[{"href":"https:\/\/arantv.az\/index.php?rest_route=\/wp\/v2\/posts\/657135"}],"collection":[{"href":"https:\/\/arantv.az\/index.php?rest_route=\/wp\/v2\/posts"}],"about":[{"href":"https:\/\/arantv.az\/index.php?rest_route=\/wp\/v2\/types\/post"}],"author":[{"embeddable":true,"href":"https:\/\/arantv.az\/index.php?rest_route=\/wp\/v2\/users\/2"}],"replies":[{"embeddable":true,"href":"https:\/\/arantv.az\/index.php?rest_route=%2Fwp%2Fv2%2Fcomments&post=657135"}],"version-history":[{"count":0,"href":"https:\/\/arantv.az\/index.php?rest_route=\/wp\/v2\/posts\/657135\/revisions"}],"wp:featuredmedia":[{"embeddable":true,"href":"https:\/\/arantv.az\/index.php?rest_route=\/wp\/v2\/media\/657136"}],"wp:attachment":[{"href":"https:\/\/arantv.az\/index.php?rest_route=%2Fwp%2Fv2%2Fmedia&parent=657135"}],"wp:term":[{"taxonomy":"category","embeddable":true,"href":"https:\/\/arantv.az\/index.php?rest_route=%2Fwp%2Fv2%2Fcategories&post=657135"},{"taxonomy":"post_tag","embeddable":true,"href":"https:\/\/arantv.az\/index.php?rest_route=%2Fwp%2Fv2%2Ftags&post=657135"}],"curies":[{"name":"wp","href":"https:\/\/api.w.org\/{rel}","templated":true}]}}