{"id":657145,"date":"2023-11-16T15:08:23","date_gmt":"2023-11-16T11:08:23","guid":{"rendered":"https:\/\/arantv.az\/?p=657145"},"modified":"2023-11-16T15:08:23","modified_gmt":"2023-11-16T11:08:23","slug":"haylar-ustumuz%c9%99-yeni-day-day-g%c9%99tirirl%c9%99r","status":"publish","type":"post","link":"https:\/\/arantv.az\/?p=657145","title":{"rendered":"Haylar \u00fcst\u00fcm\u00fcz\u0259 yeni \u201cday-day\u201d g\u0259tirirl\u0259r"},"content":{"rendered":"<p><strong>\u0130ki ay \u00f6nc\u0259, sentyabr ay\u0131n\u0131n 3-c\u00fc ong\u00fcnl\u00fcy\u00fcnd\u0259 bur sutka \u00e7\u0259k\u0259n lokal antiterror \u0259m\u0259liyyat\u0131ndan d\u0259rhal sonra Qaraba\u011fda ya\u015fayan erm\u0259nil\u0259r ellikc\u0259 toparlan\u0131b k\u00f6\u00e7\u0259 q\u0259rar ver\u0259nd\u0259 v\u0259 bir h\u0259ft\u0259nin i\u00e7ind\u0259 Az\u0259rbaycan torpaqlar\u0131n\u0131 t\u0259rk ed\u0259nd\u0259, bu, siyas\u0259td\u0259n ba\u015f \u00e7\u0131xaran adamlar\u0131n m\u00fchitind\u0259 eyforiyaya s\u0259b\u0259b olmad\u0131. He\u00e7 k\u0259s \u201cbununla da m\u00fcnaqi\u015f\u0259 bird\u0259f\u0259lik h\u0259ll olundu\u201d ill\u00fcziyas\u0131na qap\u0131lmad\u0131.<\/strong><\/p>\n<p>\u00c7\u00fcnki bu insanlar\u0131n \u0259linin alt\u0131nda 35 illik \u0259yani t\u0259cr\u00fcb\u0259 vard\u0131. Onlar bu ill\u0259rd\u0259 xalq\u0131m\u0131za qar\u015f\u0131 d\u00fc\u015fm\u0259n\u00e7iliyin \u0259n \u015fidd\u0259tlisini etmi\u015f, a\u011flas\u0131\u011fmaz q\u0259ddarl\u0131qlar t\u00f6r\u0259tmi\u015f q\u00f6vm\u00fcn h\u0259r add\u0131m\u0131n\u0131n bir plan, bir hiyl\u0259 oldu\u011funu \u00e7oxdan bilirdil\u0259r. Ona g\u00f6r\u0259 d\u0259 \u00e7ox adam \u0259min idi ki, \u00e7ox \u00e7\u0259km\u0259y\u0259c\u0259k, ellikl\u0259 k\u00f6\u00e7\u00fcn s\u0259si d\u00fcnyan\u0131n q\u00fcdr\u0259tli d\u00f6vl\u0259tl\u0259rinin paytaxtlar\u0131nda \u0259ks-s\u0259da ver\u0259r\u0259k \u00fcst\u00fcm\u00fcz\u0259 qay\u0131dacaq.<\/p>\n<p>O g\u00fcnl\u0259rd\u0259n h\u0259l\u0259 iki ay ke\u00e7m\u0259yib, q\u0131z\u0131\u015fm\u0131\u015f ehtiraslar soyuduqca, erm\u0259nil\u0259r\u0259 qahmar \u00e7\u0131xan xarici havadarlar\u0131n s\u0259si ordan-burdan e\u015fidilir: Fransa \u00f6z daxili probleml\u0259rini bir k\u0259nara qoyub, \u00f6z\u00fcn\u00fc \u201cerm\u0259ni i\u015fi\u201dn\u0259 h\u0259sr edib, AB\u015e \u201cDa\u011fl\u0131q Qaraba\u011f\u0131n g\u0259l\u0259c\u0259yi\u201dn\u0259 dair dinl\u0259m\u0259l\u0259r ke\u00e7irir, Avropa \u0130ttifaq\u0131 yeni-yeni planlar \u00fcz\u0259rind\u0259 d\u00fc\u015f\u00fcn\u00fcr. H\u0259l\u0259 araya Q\u0259zza-\u0130srail m\u00fcharib\u0259si girm\u0259s\u0259ydi, \u201cerm\u0259ni m\u0259s\u0259l\u0259si\u201dn\u0259 dair ajiotaj\u0131n \u0259sl miqyas\u0131n\u0131 g\u00f6r\u0259c\u0259kdik.<\/p>\n<p>AB\u015e-\u0131n Erm\u0259nistana y\u00f6n\u0259lik siyas\u0259tind\u0259 bu c\u00fcr f\u0259alla\u015fma t\u0259sad\u00fcfi deyil. Bu d\u00f6vl\u0259t art\u0131q \u00f6z k\u00f6hn\u0259 arzusuna \u00e7atma\u011f\u0131n bir add\u0131ml\u0131\u011f\u0131ndad\u0131r, Erm\u0259nistan\u0131 Rusiyan\u0131n a\u011fu\u015fundan \u00e7\u0131xar\u0131b, \u0259g\u0259r h\u0259r hans\u0131 bir fors-major hal (m\u0259s\u0259l\u0259n, d\u00f6vl\u0259t \u00e7evrili\u015fi, Rusiyan\u0131n i\u015f\u011fal\u00e7\u0131 h\u00fccumu) ba\u015f verm\u0259s\u0259, Erm\u0259nistan Rusiya il\u0259 aras\u0131ndak\u0131 son ipl\u0259ri d\u0259 qoparacaq v\u0259 onlar\u0131 Va\u015finqtonun \u0259lin\u0259 ver\u0259c\u0259k.<\/p>\n<p>Bayden administrasiyas\u0131 Erm\u0259nistan\u0131n superg\u00fccl\u0259r aras\u0131nda etdiyi transfer zaman\u0131 m\u0259ruz qald\u0131\u011f\u0131 itkil\u0259ri kompensasiya etm\u0259k \u00fc\u00e7\u00fcn ona indiy\u0259 q\u0259d\u0259r olmam\u0131\u015f miqyasda maddi v\u0259 siyasi d\u0259st\u0259k verm\u0259y\u0259 m\u0259cburdur. Ancaq bu yetmir. Erm\u0259nil\u0259r m\u00fcharib\u0259 m\u0259\u011flubiyy\u0259tinin d\u0259 nec\u0259s\u0259 kompensasiya edilm\u0259sini umurlar. Onlardan olsa, AB\u015e C\u0259nubi Qafqaza qo\u015fun yerid\u0259r, onlar\u0131n \u0259v\u0259zind\u0259n Az\u0259rbaycanla vuru\u015far, Qaraba\u011f\u0131 al\u0131b onlara ver\u0259r. Amma bu, m\u00fcmk\u00fcn g\u00f6r\u00fcnm\u0259diyin\u0259 g\u00f6r\u0259, erm\u0259nil\u0259r ist\u0259yirl\u0259r ki, AB\u015e \u0259lind\u0259ki t\u0259zyiq r\u0131\u00e7aqlar\u0131n\u0131 i\u015f\u0259 salaraq Az\u0259rbaycan\u0131 \u0259n az\u0131 bu ilin sentyabr\u0131na q\u0259d\u0259r oldu\u011fu m\u00f6vqel\u0259r\u0259 qaytars\u0131n.<\/p>\n<p>B\u0259ri ba\u015fdan dey\u0259k ki, bu, m\u00fcmk\u00fcn olmayacaq. Sabah erm\u0259nil\u0259r k\u00fctl\u0259vi \u015f\u0259kild\u0259 getdikl\u0259ri kimi k\u00fctl\u0259vi \u015f\u0259kild\u0259 d\u0259 geri qay\u0131tsalar, La\u00e7\u0131n s\u0259rh\u0259d-ke\u00e7id m\u0259nt\u0259q\u0259sind\u0259n s\u0259liq\u0259li-sahmanl\u0131 \u015f\u0259kild\u0259 ke\u00e7\u0259c\u0259kl\u0259r, g\u0259lib Az\u0259rbaycan\u0131n h\u00fcquq-m\u00fchafiz\u0259 orqanlar\u0131n\u0131n n\u0259zar\u0259tind\u0259 olan ya\u015fay\u0131\u015f m\u0259nt\u0259q\u0259l\u0259rind\u0259 ya\u015fama\u011fa ba\u015flayacaqlar. Daha he\u00e7 k\u0259s onlara bu torpaqlarda silahlanmaq, qanunsuz birl\u0259\u015fm\u0259l\u0259r yaratmaq, gec\u0259l\u0259r gizli evl\u0259rd\u0259 topla\u015faraq m\u0259krli planlar t\u0259rtib etm\u0259k imkan\u0131 verm\u0259y\u0259c\u0259k. H\u0259l\u0259 Qaraba\u011fa qay\u0131tmaq ist\u0259y\u0259n erm\u0259nil\u0259rin n\u0259 q\u0259d\u0259rinin z\u0259ruri filtrasiyadan ke\u00e7\u0259c\u0259yi, n\u0259 q\u0259d\u0259rinin ke\u00e7m\u0259y\u0259c\u0259yi ba\u015fqa m\u0259s\u0259l\u0259dir.<\/p>\n<p>Ona g\u00f6r\u0259 d\u0259 AB\u015e v\u0259 ya ba\u015fqa bir \u00f6lk\u0259 \u201cDa\u011fl\u0131q Qaraba\u011f\u0131n g\u0259l\u0259c\u0259yi\u201d m\u00f6vzusunda dinl\u0259m\u0259l\u0259r t\u0259\u015fkil ed\u0259nd\u0259 g\u0259r\u0259k Da\u011fl\u0131q Qaraba\u011f\u0131n sahibinin m\u00f6vqeyini d\u0259 dinl\u0259y\u0259ydi. Ev yiy\u0259sinin x\u0259b\u0259ri olmadan onun h\u0259y\u0259tind\u0259 \u00e7ad\u0131r qurmaq m\u00fcmk\u00fcn olmad\u0131\u011f\u0131 kimi burada da \u00f6lk\u0259y\u0259 qay\u0131tmaq ist\u0259y\u0259nl\u0259rd\u0259n, onlar\u0131n niyy\u0259tind\u0259n d\u00f6vl\u0259tin x\u0259b\u0259r olmal\u0131d\u0131r, ya yox?<\/p>\n<p>AB\u015e t\u0259r\u0259finin bu davran\u0131\u015f\u0131nda is\u0259 \u201cd\u00fcnya hegemonlu\u011fu\u201d t\u00f6vr\u00fc qabar\u0131r. Sanki Qaraba\u011f\u0131n da\u011fl\u0131q hiss\u0259sind\u0259 kiml\u0259rin nec\u0259 yerl\u0259\u015fm\u0259si s\u0131rf onun irad\u0259sind\u0259n as\u0131l\u0131d\u0131r, q\u0259rar\u0131 ver\u0259c\u0259k, m\u0259s\u0259l\u0259 h\u0259ll olunacaq. Status ist\u0259yirsiniz? Buyurun. Az\u0259rbaycan ordusu regionu t\u0259rk etsin? Problem deyil.<\/p>\n<p>\u018fslind\u0259 is\u0259 bu \u00f6z\u00fcn\u0259inam \u015far\u0131n\u0131n partlamas\u0131 \u00fc\u00e7\u00fcn Az\u0259rbaycan d\u00f6vl\u0259tinin bir iyn\u0259li imtina cavab\u0131 kifay\u0259tdir. Bu cavab\u0131n biri h\u0259l\u0259 2020-ci ilin bu vaxtlar\u0131 verilib. Az\u0259rbaycan d\u00f6vl\u0259tl\u0259rinin r\u0259hb\u0259rliyi a\u00e7\u0131q m\u0259tnl\u0259 bildirmi\u015fdi ki, Qaraba\u011fda ya\u015fayan erm\u0259nil\u0259r\u0259 he\u00e7 bir siyasi status verilm\u0259y\u0259c\u0259k. Bu fikir sonrak\u0131 aylarda v\u0259 ill\u0259rd\u0259 bir ne\u00e7\u0259 d\u0259f\u0259 t\u0259krar edildi v\u0259 m\u0259lum oldu ki, bu, he\u00e7 d\u0259 g\u0259li\u015fig\u00f6z\u0259l s\u00f6zl\u0259r deyil, arxas\u0131nda ali siyasi irad\u0259 durur.<\/p>\n<p>Erm\u0259nil\u0259r bu haqq\u0131 h\u0259l\u0259 uzun ill\u0259r \u0259vv\u0259l, Az\u0259rbaycan\u0131n t\u0259klif etdiyi \u201cd\u00fcnyadak\u0131 \u0259n y\u00fcks\u0259k muxtariyyat\u201d statusundan imtina ed\u0259nd\u0259 itiribl\u0259r. O zaman onlar el\u0259 bir eyforiyayada idil\u0259r ki, kompakt ya\u015fad\u0131qlar\u0131 \u0259razil\u0259rl\u0259 d\u0259 kifay\u0259tl\u0259nmirdil\u0259r, i\u015f\u011fal etdikl\u0259ri rayonlar\u0131 qaytarmaq ist\u0259mir, h\u0259tta b\u0259zi mahallar\u0131m\u0131za da i\u015ftahla bax\u0131r, onlar\u0131n i\u015f\u011fal\u0131n\u0131 is\u0259 \u201csonrak\u0131 zamanlar\u0131n i\u015fi\u201d hesab edirdil\u0259r.<\/p>\n<p>Uzun s\u00f6z\u00fcn k\u0259s\u0259si, erm\u0259nil\u0259r \u00fcst\u00fcm\u00fcz\u0259 yeni \u201cday-day\u201dlarla g\u0259lirl\u0259r. \u018fll\u0259rind\u0259n g\u0259l\u0259n i\u015f budur. Amma bizim d\u0259 art\u0131q \u201c\u0259sg\u0259rlikd\u0259n yeni g\u0259lmi\u015f z\u0259hmli day-day\u201ddan qorxacaq vaxt\u0131m\u0131z deyil.<\/p>\n<p>&nbsp;<\/p>\n","protected":false},"excerpt":{"rendered":"<p>\u0130ki ay \u00f6nc\u0259, sentyabr ay\u0131n\u0131n 3-c\u00fc ong\u00fcnl\u00fcy\u00fcnd\u0259 bur sutka \u00e7\u0259k\u0259n lokal antiterror \u0259m\u0259liyyat\u0131ndan d\u0259rhal sonra Qaraba\u011fda ya\u015fayan erm\u0259nil\u0259r ellikc\u0259 toparlan\u0131b k\u00f6\u00e7\u0259 q\u0259rar ver\u0259nd\u0259 v\u0259 bir h\u0259ft\u0259nin i\u00e7ind\u0259 Az\u0259rbaycan torpaqlar\u0131n\u0131 t\u0259rk ed\u0259nd\u0259, bu, siyas\u0259td\u0259n ba\u015f \u00e7\u0131xaran adamlar\u0131n m\u00fchitind\u0259 eyforiyaya s\u0259b\u0259b olmad\u0131. He\u00e7 k\u0259s \u201cbununla da m\u00fcnaqi\u015f\u0259 bird\u0259f\u0259lik h\u0259ll olundu\u201d ill\u00fcziyas\u0131na qap\u0131lmad\u0131. \u00c7\u00fcnki bu insanlar\u0131n \u0259linin alt\u0131nda 35 illik \u0259yani t\u0259cr\u00fcb\u0259 vard\u0131. Onlar bu ill\u0259rd\u0259 xalq\u0131m\u0131za qar\u015f\u0131 d\u00fc\u015fm\u0259n\u00e7iliyin \u0259n \u015fidd\u0259tlisini etmi\u015f, a\u011flas\u0131\u011fmaz q\u0259ddarl\u0131qlar t\u00f6r\u0259tmi\u015f q\u00f6vm\u00fcn h\u0259r add\u0131m\u0131n\u0131n bir plan, bir hiyl\u0259 oldu\u011funu \u00e7oxdan bilirdil\u0259r. Ona g\u00f6r\u0259 d\u0259 \u00e7ox adam \u0259min idi ki,&hellip;<\/p>\n","protected":false},"author":2,"featured_media":657146,"comment_status":"closed","ping_status":"closed","sticky":false,"template":"","format":"standard","meta":{"om_disable_all_campaigns":false,"_monsterinsights_skip_tracking":false,"_monsterinsights_sitenote_active":false,"_monsterinsights_sitenote_note":"","_monsterinsights_sitenote_category":0},"categories":[1],"tags":[],"aioseo_notices":[],"gutentor_comment":0,"rttpg_featured_image_url":{"full":["https:\/\/arantv.az\/wp-content\/uploads\/2023\/11\/2ac161f7644184c992d5bf7d75d7ce2e.jpg",870,500,false],"landscape":["https:\/\/arantv.az\/wp-content\/uploads\/2023\/11\/2ac161f7644184c992d5bf7d75d7ce2e.jpg",870,500,false],"portraits":["https:\/\/arantv.az\/wp-content\/uploads\/2023\/11\/2ac161f7644184c992d5bf7d75d7ce2e.jpg",870,500,false],"thumbnail":["https:\/\/arantv.az\/wp-content\/uploads\/2023\/11\/2ac161f7644184c992d5bf7d75d7ce2e-500x280.jpg",500,280,true],"medium":["https:\/\/arantv.az\/wp-content\/uploads\/2023\/11\/2ac161f7644184c992d5bf7d75d7ce2e-635x365.jpg",635,365,true],"large":["https:\/\/arantv.az\/wp-content\/uploads\/2023\/11\/2ac161f7644184c992d5bf7d75d7ce2e-840x483.jpg",640,368,true],"1536x1536":["https:\/\/arantv.az\/wp-content\/uploads\/2023\/11\/2ac161f7644184c992d5bf7d75d7ce2e.jpg",870,500,false],"2048x2048":["https:\/\/arantv.az\/wp-content\/uploads\/2023\/11\/2ac161f7644184c992d5bf7d75d7ce2e.jpg",870,500,false],"post-thumbnail":["https:\/\/arantv.az\/wp-content\/uploads\/2023\/11\/2ac161f7644184c992d5bf7d75d7ce2e-240x172.jpg",240,172,true],"advps-thumb-one":["https:\/\/arantv.az\/wp-content\/uploads\/2023\/11\/2ac161f7644184c992d5bf7d75d7ce2e.jpg",870,500,false]},"rttpg_author":{"display_name":"V\u00fcsal Rafiqo\u011flu","author_link":"https:\/\/arantv.az\/?author=2"},"rttpg_comment":0,"rttpg_category":"<a href=\"https:\/\/arantv.az\/?cat=1\" rel=\"category\">C\u0259miyy\u0259t<\/a>","rttpg_excerpt":"\u0130ki ay \u00f6nc\u0259, sentyabr ay\u0131n\u0131n 3-c\u00fc ong\u00fcnl\u00fcy\u00fcnd\u0259 bur sutka \u00e7\u0259k\u0259n lokal antiterror \u0259m\u0259liyyat\u0131ndan d\u0259rhal sonra Qaraba\u011fda ya\u015fayan erm\u0259nil\u0259r ellikc\u0259 toparlan\u0131b k\u00f6\u00e7\u0259 q\u0259rar ver\u0259nd\u0259 v\u0259 bir h\u0259ft\u0259nin i\u00e7ind\u0259 Az\u0259rbaycan torpaqlar\u0131n\u0131 t\u0259rk ed\u0259nd\u0259, bu, siyas\u0259td\u0259n ba\u015f \u00e7\u0131xaran adamlar\u0131n m\u00fchitind\u0259 eyforiyaya s\u0259b\u0259b olmad\u0131. He\u00e7 k\u0259s \u201cbununla da m\u00fcnaqi\u015f\u0259 bird\u0259f\u0259lik h\u0259ll olundu\u201d ill\u00fcziyas\u0131na qap\u0131lmad\u0131. \u00c7\u00fcnki bu insanlar\u0131n \u0259linin alt\u0131nda&hellip;","_links":{"self":[{"href":"https:\/\/arantv.az\/index.php?rest_route=\/wp\/v2\/posts\/657145"}],"collection":[{"href":"https:\/\/arantv.az\/index.php?rest_route=\/wp\/v2\/posts"}],"about":[{"href":"https:\/\/arantv.az\/index.php?rest_route=\/wp\/v2\/types\/post"}],"author":[{"embeddable":true,"href":"https:\/\/arantv.az\/index.php?rest_route=\/wp\/v2\/users\/2"}],"replies":[{"embeddable":true,"href":"https:\/\/arantv.az\/index.php?rest_route=%2Fwp%2Fv2%2Fcomments&post=657145"}],"version-history":[{"count":0,"href":"https:\/\/arantv.az\/index.php?rest_route=\/wp\/v2\/posts\/657145\/revisions"}],"wp:featuredmedia":[{"embeddable":true,"href":"https:\/\/arantv.az\/index.php?rest_route=\/wp\/v2\/media\/657146"}],"wp:attachment":[{"href":"https:\/\/arantv.az\/index.php?rest_route=%2Fwp%2Fv2%2Fmedia&parent=657145"}],"wp:term":[{"taxonomy":"category","embeddable":true,"href":"https:\/\/arantv.az\/index.php?rest_route=%2Fwp%2Fv2%2Fcategories&post=657145"},{"taxonomy":"post_tag","embeddable":true,"href":"https:\/\/arantv.az\/index.php?rest_route=%2Fwp%2Fv2%2Ftags&post=657145"}],"curies":[{"name":"wp","href":"https:\/\/api.w.org\/{rel}","templated":true}]}}