{"id":657148,"date":"2023-11-16T15:09:19","date_gmt":"2023-11-16T11:09:19","guid":{"rendered":"https:\/\/arantv.az\/?p=657148"},"modified":"2023-11-16T15:09:19","modified_gmt":"2023-11-16T11:09:19","slug":"erm%c9%99nistanin-2024-cu-il-budc%c9%99sind%c9%99-az%c9%99rbaycanlilarin-qayidisi-ucun-v%c9%99sait-varmi","status":"publish","type":"post","link":"https:\/\/arantv.az\/?p=657148","title":{"rendered":"Erm\u0259nistan\u0131n 2024-c\u00fc il b\u00fcdc\u0259sind\u0259 az\u0259rbaycanl\u0131lar\u0131n qay\u0131d\u0131\u015f\u0131 \u00fc\u00e7\u00fcn v\u0259sait varm\u0131?"},"content":{"rendered":"<p><strong>Nikol Pa\u015finyan n\u0259 vaxt s\u00fclhd\u0259n dan\u0131\u015f\u0131rsa, dem\u0259k ard\u0131nca n\u0259s\u0259 anormal bir add\u0131m atacaq. Ke\u00e7\u0259n il demi\u015fdi ilin sonunad\u0259k s\u00fclh sazi\u015fi imzalaya bil\u0259r, c\u0259mi bir ne\u00e7\u0259 g\u00fcn sonra \u015f\u0259rti s\u0259rh\u0259dl\u0259rd\u0259 toqqu\u015fmalar oldu. El\u0259 bir ne\u00e7\u0259 g\u00fcn \u0259vv\u0259l Paris S\u00fclh Konfrans\u0131nda i\u015ftirak \u00fc\u00e7\u00fcn Fransaya u\u00e7du, Makronla g\u00f6r\u00fc\u015fd\u0259n sonra yen\u0259 s\u00fclhd\u0259n dan\u0131\u015fd\u0131, ard\u0131nca Fransa zirehli texnikas\u0131 Erm\u0259nistana yol ald\u0131, Avropa \u0130ttifaq\u0131n\u0131n \u00f6lk\u0259sind\u0259ki missiyas\u0131, h\u0259m\u00e7inin AB\u015e s\u0259firi anormal davran\u0131\u015flar\u0131 il\u0259 ortal\u0131\u011f\u0131 qar\u0131\u015fd\u0131rma\u011fa ba\u015flad\u0131.<\/strong><\/p>\n<p>Budur, Pa\u015finyan parlamentd\u0259 2024-c\u00fc ilin d\u00f6vl\u0259t b\u00fcdc\u0259sinin m\u00fczakir\u0259si zaman\u0131 yen\u0259 s\u00fclhd\u0259n dan\u0131\u015f\u0131b. \u0130ddia edib ki, \u201cAz\u0259rbaycanla s\u00fclh m\u00fcqavil\u0259sinin yax\u0131n aylarda imzalanmas\u0131 \u00fc\u00e7\u00fcn siyasi irad\u0259miz var\u201d. \u0130rad\u0259y\u0259 bax\u0131n da! \u00d6z\u00fc d\u0259 \u201csars\u0131lmaz\u201d imi\u015f, x\u0259b\u0259rimiz olmay\u0131b. \u201cAz\u0259rbaycanla s\u00fclh\u00fcn \u00fc\u00e7 \u0259sas prinsipi raz\u0131la\u015fd\u0131r\u0131l\u0131b. Bu raz\u0131la\u015fma dan\u0131\u015f\u0131qlar zaman\u0131, o c\u00fcml\u0259d\u0259n Br\u00fcsseld\u0259 \u00fc\u00e7t\u0259r\u0259fli g\u00f6r\u00fc\u015fl\u0259r zaman\u0131 \u0259ld\u0259 edilib\u201d, &#8211; dey\u0259n Nikol Pa\u015finyandan kims\u0259 soru\u015fmur ki, yax\u015f\u0131, raz\u0131la\u015fma olmu\u015fdusa, niy\u0259 \u0259m\u0259l etmirdin, n\u0259tic\u0259d\u0259 Az\u0259rbaycan bir g\u00fcnl\u00fck antiterror \u0259m\u0259liyyat\u0131 ke\u00e7irib, Erm\u0259nistan ordusunun qal\u0131qlar\u0131n\u0131 t\u0259mizl\u0259m\u0259y\u0259 vadar oldu? Yaxud \u0259g\u0259r bu \u00fc\u00e7 prinsip &#8211; \u0259razi b\u00fct\u00f6vl\u00fcy\u00fcn\u00fcn qar\u015f\u0131l\u0131ql\u0131 tan\u0131nmas\u0131, bir-birin\u0259 qar\u015f\u0131 \u0259razi iddias\u0131n\u0131n olmamas\u0131 bar\u0259d\u0259 anla\u015fma varsa, onda niy\u0259 \u0259n az\u0131 8 Az\u0259rbaycan k\u0259ndi bu g\u00fcn\u0259d\u0259k Erm\u0259nistan\u0131n i\u015f\u011fal\u0131 alt\u0131ndad\u0131r? Yaxud prinsip suverenliyin v\u0259 yurisdiksiyas\u0131 \u0259sas\u0131nda regional kommunikasiyalar\u0131n a\u00e7\u0131lmas\u0131 haqda anla\u015fma \u0259ld\u0259 olunubsa, niy\u0259 h\u0259tta 2020-ci ilin 10 noyabr \u00fc\u00e7t\u0259r\u0259fli anla\u015fmas\u0131na \u0259m\u0259l edib, Nax\u00e7\u0131van\u0131n blokadas\u0131na son qoymursan?<\/p>\n<p>Bel\u0259c\u0259, Erm\u0259nistan\u0131n ba\u015f naziri na\u011f\u0131l dan\u0131\u015f\u0131r, ba\u015f qat\u0131r. Ortal\u0131\u011f\u0131n qar\u0131\u015fmas\u0131 hal\u0131nda revan\u015f imkan\u0131 \u0259ld\u0259 etm\u0259kd\u0259n \u00f6tr\u00fc h\u0259r c\u00fcr fitn\u0259-fel\u0259 \u0259l at\u0131r bu adam. Vaxta\u015f\u0131r\u0131 Almat\u0131 B\u0259yannam\u0259sin\u0259 istinad ed\u0259r\u0259k, Az\u0259rbaycan v\u0259 Erm\u0259nistan\u0131n bir-birinin \u0259razi b\u00fct\u00f6vl\u00fcy\u00fcn\u00fc h\u0259l\u0259 1991-ci ild\u0259n tan\u0131d\u0131\u011f\u0131n\u0131 iddia edir. Bunu o adam deyir ki, Almat\u0131 B\u0259yannam\u0259sind\u0259n 28 il sonra (!) qanunsuz olaraq Az\u0259rbaycan \u0259razisin\u0259 g\u0259l\u0259r\u0259k \u2013 \u00f6z\u00fc d\u0259 ne\u00e7\u0259nci d\u0259f\u0259 &#8211; Xank\u0259ndid\u0259n \u201cQaraba\u011f Erm\u0259nistand\u0131r. N\u00f6qt\u0259\u201d-s\u0259rs\u0259ml\u0259m\u0259sini s\u0259sl\u0259ndirm\u0259kl\u0259 b\u00f6y\u00fck sava\u015fa, a\u011f\u0131r itkil\u0259r\u0259 s\u0259b\u0259bkar oldu! Qar\u015f\u0131l\u0131ql\u0131 \u015f\u0259kild\u0259 \u0259razi b\u00fct\u00f6vl\u00fcy\u00fcn\u00fcn tan\u0131nd\u0131\u011f\u0131n\u0131 dey\u0259n Pa\u015finyan 2018-ci ilin yaz\u0131nda ba\u015f nazir se\u00e7il\u0259n kimi tullana-tullana \u015eu\u015faya g\u0259ldi, sanki d\u0259d\u0259sinin yurdu imi\u015f, he\u00e7 bir diplomatik etiket\u0259, beyn\u0259lxalq qanunlara, insani m\u00fcnasib\u0259tl\u0259r\u0259 m\u0259h\u0259l qoymadan. Bu yalan\u0131 p\u00fcsk\u00fcr\u0259n \u015f\u0259xs Erm\u0259nistan\u0131n dig\u0259r g\u0259ncl\u0259rin\u0259 n\u00fcmun\u0259 olsun dey\u0259, o\u011flunu h\u0259rbi xidm\u0259t\u0259 Qaraba\u011fa yollad\u0131, yek\u0259-yek\u0259 \u015f\u0259kill\u0259r \u00e7\u0259kdirdi, payla\u015fd\u0131 ki, qorxmay\u0131n, siz d\u0259 gedin Qaraba\u011fda xidm\u0259t el\u0259yin! Bu g\u00fcn Erm\u0259nistan\u0131 m\u00fcdafi\u0259 edib, Az\u0259rbaycan\u0131n \u00fcst\u00fcn\u0259 g\u0259l\u0259n Avropa Parlamenti bel\u0259, vaxtil\u0259 \u0130r\u0259vana \u00e7a\u011f\u0131r\u0131\u015f etmi\u015fdi, \u201cQaraba\u011fa \u0259sg\u0259r g\u00f6nd\u0259rm\u0259yin\u201d-dey\u0259. Nikol Pa\u015finyan bu kimi \u00e7a\u011f\u0131r\u0131\u015flara da m\u0259h\u0259l qoymad\u0131. H\u0259l\u0259 onun etdikl\u0259ri Annan\u0131n yan\u0131nda n\u0259dir ki? H\u0259min bu, \u201cs\u00fclhp\u0259rv\u0259r\u201din arvad\u0131 \u201cErato\u201d qad\u0131n batalyonu yaratmaq e\u015fqin\u0259 d\u00fc\u015fm\u00fc\u015fd\u00fc, \u0259lin\u0259 avtomat al\u0131b, Qaraba\u011f torpa\u011f\u0131nda s\u00fcr\u00fcn\u00fcrd\u00fc, t\u0259liml\u0259r ke\u00e7irdi, Az\u0259rbaycana qar\u015f\u0131 d\u00f6y\u00fc\u015fm\u0259y\u0259 haz\u0131rla\u015f\u0131rd\u0131. 44 g\u00fcnl\u00fck m\u00fcharib\u0259d\u0259 bel\u0259, gedib erm\u0259ni generallar\u0131n bunkerl\u0259rin\u0259 soxulmu\u015fdu. Bax, Pa\u015finyan ail\u0259si bel\u0259 \u201cs\u00fclhp\u0259rv\u0259r\u201d olub, \u00e7ox da uzaq olmayan ke\u00e7mi\u015fd\u0259.<\/p>\n<p>Bu g\u00fcn n\u0259 ba\u015f verir? \u201cS\u00fclh\u0259 do\u011fru\u201d at\u0131lan add\u0131mlara bax\u0131n. X\u0259b\u0259r yay\u0131l\u0131b ki, Hindistan\u0131n Erm\u0259nistana 30 v\u0259 40 millimetrlik qumbaralar t\u0259dar\u00fck ed\u0259c\u0259k. N\u0259 az, n\u0259 \u00e7ox, d\u00fcz 150 min qumbara! \u0130ki ay \u0259vv\u0259l is\u0259 i\u015f\u011fal\u00e7\u0131 \u00f6lk\u0259y\u0259 7,62 mm \u00e7apl\u0131 5 milyon patron verilibmi\u015f. Onda da m\u00fcharib\u0259 bitmi\u015fdi, s\u00fclh t\u0259\u015f\u0259bb\u00fcsl\u0259ri var idi v\u0259 Pa\u015finyan deyirdi s\u00fclh\u00fcn alternativi yoxdur. Patron al\u0131rm\u0131\u015f, \u201cs\u00fclh imzalamaq \u00fc\u00e7\u00fcn&#8230;\u201d Hindistandan pilotsuz u\u00e7u\u015f aparatlar\u0131 alaca\u011f\u0131 bar\u0259d\u0259 m\u0259lumatlar da var. O da \u201cs\u00fclh \u00fc\u00e7\u00fcnd\u00fcr\u201d y\u0259qin&#8230;<\/p>\n<p>\u201cFransa Bastion\u201dlar\u0131n\u0131n ard\u0131nca, qumbaralar, PUA-lar&#8230;Paris S\u00fclh Konfrans\u0131n\u0131n \u201cs\u00fclhm\u0259raml\u0131 m\u0259crada\u201d ke\u00e7diyi a\u00e7\u0131q hiss olunur&#8230;S\u00fclh Nikolun ba\u015f\u0131na vurub. Bu yandan da Erm\u0259nistan\u0131n 2024-c\u00fc il d\u00f6vl\u0259t b\u00fcdc\u0259sind\u0259 h\u0259rbi x\u0259rcl\u0259r art\u0131r\u0131l\u0131r. Amma g\u00f6r\u00fcn Nikol n\u0259 deyir. Sitat: \u201cErm\u0259nistan\u0131n h\u0259rbi x\u0259rcl\u0259rinin art\u0131r\u0131lmas\u0131 m\u00fcharib\u0259y\u0259 deyil, s\u00fclh\u0259 haz\u0131rl\u0131qd\u0131r. \u00c7\u00fcnki t\u0259hl\u00fck\u0259sizlik s\u00fclh v\u0259 sabitliyin \u0259n vacib t\u0259minat\u0131d\u0131r. \u018fmin\u0259m ki, qon\u015fu \u00f6lk\u0259l\u0259r \u0130r\u0259van\u0131n he\u00e7 k\u0259s\u0259 h\u00fccum etm\u0259k niyy\u0259tind\u0259 olmad\u0131\u011f\u0131n\u0131 anlay\u0131rlar\u201d.<\/p>\n<p>Pa\u015finyan 2018-ci ill\u0259 m\u00fcqayis\u0259d\u0259 Erm\u0259nistan\u0131n m\u00fcdafi\u0259 x\u0259rcl\u0259rinin iki d\u0259f\u0259d\u0259n \u00e7ox art\u0131r\u0131laca\u011f\u0131n\u0131 bildirir v\u0259 deyir ki, b\u00fct\u00fcn bunlar Az\u0259rbaycanla s\u00fclh ba\u011flamaq \u00fc\u00e7\u00fcnd\u00fcr. \u201cQaraba\u011f m\u0259s\u0259l\u0259sini Erm\u0259nistan d\u00f6vl\u0259t\u00e7iliyinin inki\u015faf\u0131na qar\u015f\u0131 istifad\u0259 edirdil\u0259r\u201d-dey\u0259n d\u0259 odur, Qaraba\u011fla ba\u011fl\u0131 c\u0259f\u0259ng, kifli iddialardan \u0259l \u00e7\u0259km\u0259y\u0259n d\u0259&#8230;<\/p>\n<p>S\u00fclh\u0259 haz\u0131r olan \u00f6lk\u0259 bel\u0259 olar! Budur, Az\u0259rbaycan Xank\u0259ndid\u0259 v\u0259 Qaraba\u011f \u0259razisind\u0259 ya\u015fayan erm\u0259ni sakinl\u0259rin ilkin qeydiyyat\u0131n\u0131 h\u0259yata ke\u00e7irir. D\u00f6vl\u0259t Miqrasiya Xidm\u0259tinin r\u0259isi V\u00fcsal H\u00fcseynov deyib ki, m\u0259s\u0259l\u0259 il\u0259 ba\u011fl\u0131 i\u015fl\u0259r m\u0259rk\u0259zl\u0259\u015fdirilmi\u015f qaydada apar\u0131l\u0131r.<\/p>\n<p>\u0130ndi \u00e7ox maraql\u0131d\u0131r, b\u0259s, 2024-c\u00fc il b\u00fcdc\u0259sini m\u00fczakir\u0259y\u0259 \u00e7\u0131xaran Erm\u0259nistan h\u00f6kum\u0259ti nec\u0259, 1988-89-cu ill\u0259rd\u0259 qovulmu\u015f az\u0259rbaycanl\u0131lar\u0131n ilkin qeydiyyat\u0131, onlar\u0131n \u00f6z evl\u0259rin\u0259 qay\u0131d\u0131\u015f\u0131 il\u0259 ba\u011fl\u0131 m\u00fczakir\u0259l\u0259r apar\u0131rm\u0131? Nec\u0259 olur ki, 20-30 min erm\u0259ninin m\u0259s\u0259l\u0259si Br\u00fcsseld\u0259n vurub, Va\u015finqtondan \u00e7\u0131x\u0131r, amma 300 min az\u0259rbaycanl\u0131n\u0131n tarixi yurdlar\u0131na, Erm\u0259nistan adlanan Q\u0259rbi Az\u0259rbaycana qay\u0131d\u0131\u015f\u0131 dan\u0131\u015f\u0131qlarda m\u00fczakir\u0259 predmeti olmur? Bu g\u00fcn Avropa \u0130ttifaq\u0131n\u0131n m\u00fc\u015fahid\u0259 missiyas\u0131, AB\u015e s\u0259firi Q\u0259rbi Az\u0259rbaycanda patrul kimi xidm\u0259t\u0259 yaz\u0131l\u0131blar, amma unudurlar ki, onlar\u0131n \u201cxidm\u0259t \u0259razisi\u201d az\u0259rbaycanl\u0131lar\u0131n do\u011fma yurdlar\u0131d\u0131r. Nikol Pa\u015finyan h\u0259qiq\u0259t\u0259n s\u00fclh t\u0259r\u0259fdar\u0131 olsayd\u0131, az\u0259rbaycanl\u0131lar\u0131n geri qay\u0131d\u0131\u015f\u0131 il\u0259 ba\u011fl\u0131 t\u0259dbirl\u0259rin g\u00f6r\u00fclm\u0259sin\u0259 tap\u015f\u0131r\u0131q ver\u0259r, 2024-c\u00fc ilin d\u00f6vl\u0259t b\u00fcdc\u0259sind\u0259 h\u0259rbi x\u0259rcl\u0259ri art\u0131rmaq \u0259v\u0259zin\u0259, az\u0259rbaycanl\u0131lar\u0131n evl\u0259rinin b\u0259rpas\u0131na v\u0259sait ay\u0131rard\u0131&#8230;Onsuz da gec-tez Az\u0259rbaycan t\u00fcrkl\u0259rinin Q\u0259rbi Z\u0259ng\u0259zura qay\u0131d\u0131\u015f\u0131 ba\u015f ver\u0259c\u0259k, Erm\u0259nistan r\u0259hb\u0259rliyi bu h\u0259qiq\u0259ti n\u0259 q\u0259d\u0259r tez anlasa, \u00f6z\u00fc \u00fc\u00e7\u00fcn faydal\u0131d\u0131r! Qaraba\u011fa qay\u0131td\u0131qsa, Z\u0259ng\u0259zurun \u0259kiz tay\u0131na da d\u00f6n\u0259c\u0259yik! D\u00f6vl\u0259timizin, Ali Ba\u015f Komandan\u0131m\u0131z\u0131n q\u0259tiyy\u0259ti ortada!<\/p>\n<p>Kims\u0259 qula\u011f\u0131na p\u0131\u00e7\u0131ldas\u0131n: h\u0259rbi x\u0259rcl\u0259ri art\u0131rmaq m\u00fcharib\u0259nin anonsudur, Nikol, bunu u\u015faq da bilir!<\/p>\n","protected":false},"excerpt":{"rendered":"<p>Nikol Pa\u015finyan n\u0259 vaxt s\u00fclhd\u0259n dan\u0131\u015f\u0131rsa, dem\u0259k ard\u0131nca n\u0259s\u0259 anormal bir add\u0131m atacaq. Ke\u00e7\u0259n il demi\u015fdi ilin sonunad\u0259k s\u00fclh sazi\u015fi imzalaya bil\u0259r, c\u0259mi bir ne\u00e7\u0259 g\u00fcn sonra \u015f\u0259rti s\u0259rh\u0259dl\u0259rd\u0259 toqqu\u015fmalar oldu. El\u0259 bir ne\u00e7\u0259 g\u00fcn \u0259vv\u0259l Paris S\u00fclh Konfrans\u0131nda i\u015ftirak \u00fc\u00e7\u00fcn Fransaya u\u00e7du, Makronla g\u00f6r\u00fc\u015fd\u0259n sonra yen\u0259 s\u00fclhd\u0259n dan\u0131\u015fd\u0131, ard\u0131nca Fransa zirehli texnikas\u0131 Erm\u0259nistana yol ald\u0131, Avropa \u0130ttifaq\u0131n\u0131n \u00f6lk\u0259sind\u0259ki missiyas\u0131, h\u0259m\u00e7inin AB\u015e s\u0259firi anormal davran\u0131\u015flar\u0131 il\u0259 ortal\u0131\u011f\u0131 qar\u0131\u015fd\u0131rma\u011fa ba\u015flad\u0131. Budur, Pa\u015finyan parlamentd\u0259 2024-c\u00fc ilin d\u00f6vl\u0259t b\u00fcdc\u0259sinin m\u00fczakir\u0259si zaman\u0131 yen\u0259 s\u00fclhd\u0259n dan\u0131\u015f\u0131b. \u0130ddia edib ki, \u201cAz\u0259rbaycanla s\u00fclh m\u00fcqavil\u0259sinin yax\u0131n aylarda imzalanmas\u0131&hellip;<\/p>\n","protected":false},"author":2,"featured_media":657149,"comment_status":"closed","ping_status":"closed","sticky":false,"template":"","format":"standard","meta":{"om_disable_all_campaigns":false,"_monsterinsights_skip_tracking":false,"_monsterinsights_sitenote_active":false,"_monsterinsights_sitenote_note":"","_monsterinsights_sitenote_category":0},"categories":[1],"tags":[],"aioseo_notices":[],"gutentor_comment":0,"rttpg_featured_image_url":{"full":["https:\/\/arantv.az\/wp-content\/uploads\/2023\/11\/053118ab73f2a18bb77144952a21b179.jpg",650,350,false],"landscape":["https:\/\/arantv.az\/wp-content\/uploads\/2023\/11\/053118ab73f2a18bb77144952a21b179.jpg",650,350,false],"portraits":["https:\/\/arantv.az\/wp-content\/uploads\/2023\/11\/053118ab73f2a18bb77144952a21b179.jpg",650,350,false],"thumbnail":["https:\/\/arantv.az\/wp-content\/uploads\/2023\/11\/053118ab73f2a18bb77144952a21b179-500x280.jpg",500,280,true],"medium":["https:\/\/arantv.az\/wp-content\/uploads\/2023\/11\/053118ab73f2a18bb77144952a21b179.jpg",650,350,false],"large":["https:\/\/arantv.az\/wp-content\/uploads\/2023\/11\/053118ab73f2a18bb77144952a21b179.jpg",640,345,false],"1536x1536":["https:\/\/arantv.az\/wp-content\/uploads\/2023\/11\/053118ab73f2a18bb77144952a21b179.jpg",650,350,false],"2048x2048":["https:\/\/arantv.az\/wp-content\/uploads\/2023\/11\/053118ab73f2a18bb77144952a21b179.jpg",650,350,false],"post-thumbnail":["https:\/\/arantv.az\/wp-content\/uploads\/2023\/11\/053118ab73f2a18bb77144952a21b179-240x172.jpg",240,172,true],"advps-thumb-one":["https:\/\/arantv.az\/wp-content\/uploads\/2023\/11\/053118ab73f2a18bb77144952a21b179.jpg",650,350,false]},"rttpg_author":{"display_name":"V\u00fcsal Rafiqo\u011flu","author_link":"https:\/\/arantv.az\/?author=2"},"rttpg_comment":0,"rttpg_category":"<a href=\"https:\/\/arantv.az\/?cat=1\" rel=\"category\">C\u0259miyy\u0259t<\/a>","rttpg_excerpt":"Nikol Pa\u015finyan n\u0259 vaxt s\u00fclhd\u0259n dan\u0131\u015f\u0131rsa, dem\u0259k ard\u0131nca n\u0259s\u0259 anormal bir add\u0131m atacaq. Ke\u00e7\u0259n il demi\u015fdi ilin sonunad\u0259k s\u00fclh sazi\u015fi imzalaya bil\u0259r, c\u0259mi bir ne\u00e7\u0259 g\u00fcn sonra \u015f\u0259rti s\u0259rh\u0259dl\u0259rd\u0259 toqqu\u015fmalar oldu. El\u0259 bir ne\u00e7\u0259 g\u00fcn \u0259vv\u0259l Paris S\u00fclh Konfrans\u0131nda i\u015ftirak \u00fc\u00e7\u00fcn Fransaya u\u00e7du, Makronla g\u00f6r\u00fc\u015fd\u0259n sonra yen\u0259 s\u00fclhd\u0259n dan\u0131\u015fd\u0131, ard\u0131nca Fransa zirehli texnikas\u0131 Erm\u0259nistana yol&hellip;","_links":{"self":[{"href":"https:\/\/arantv.az\/index.php?rest_route=\/wp\/v2\/posts\/657148"}],"collection":[{"href":"https:\/\/arantv.az\/index.php?rest_route=\/wp\/v2\/posts"}],"about":[{"href":"https:\/\/arantv.az\/index.php?rest_route=\/wp\/v2\/types\/post"}],"author":[{"embeddable":true,"href":"https:\/\/arantv.az\/index.php?rest_route=\/wp\/v2\/users\/2"}],"replies":[{"embeddable":true,"href":"https:\/\/arantv.az\/index.php?rest_route=%2Fwp%2Fv2%2Fcomments&post=657148"}],"version-history":[{"count":0,"href":"https:\/\/arantv.az\/index.php?rest_route=\/wp\/v2\/posts\/657148\/revisions"}],"wp:featuredmedia":[{"embeddable":true,"href":"https:\/\/arantv.az\/index.php?rest_route=\/wp\/v2\/media\/657149"}],"wp:attachment":[{"href":"https:\/\/arantv.az\/index.php?rest_route=%2Fwp%2Fv2%2Fmedia&parent=657148"}],"wp:term":[{"taxonomy":"category","embeddable":true,"href":"https:\/\/arantv.az\/index.php?rest_route=%2Fwp%2Fv2%2Fcategories&post=657148"},{"taxonomy":"post_tag","embeddable":true,"href":"https:\/\/arantv.az\/index.php?rest_route=%2Fwp%2Fv2%2Ftags&post=657148"}],"curies":[{"name":"wp","href":"https:\/\/api.w.org\/{rel}","templated":true}]}}