{"id":657157,"date":"2023-11-16T15:14:58","date_gmt":"2023-11-16T11:14:58","guid":{"rendered":"https:\/\/arantv.az\/?p=657157"},"modified":"2023-11-16T15:14:58","modified_gmt":"2023-11-16T11:14:58","slug":"dgk-lacinda-s%c9%99rh%c9%99d-buraxilis-m%c9%99nt%c9%99q%c9%99sind%c9%99-s%c9%99rnisin-kecidinin-tikintisin%c9%99-baslanilib","status":"publish","type":"post","link":"https:\/\/arantv.az\/?p=657157","title":{"rendered":"DGK: \u201cLa\u00e7\u0131nda s\u0259rh\u0259d-burax\u0131l\u0131\u015f m\u0259nt\u0259q\u0259sind\u0259 s\u0259rni\u015fin ke\u00e7idinin tikintisin\u0259 ba\u015flan\u0131l\u0131b\u201d"},"content":{"rendered":"<p>\u201cLa\u00e7\u0131n\u00a0rayonu \u0259razisind\u0259 d\u00f6vl\u0259t s\u0259rh\u0259dind\u0259 burax\u0131l\u0131\u015f m\u0259nt\u0259q\u0259sind\u0259 s\u0259rni\u015fin ke\u00e7idinin tikintisin\u0259 ba\u015flan\u0131l\u0131b\u201d.<\/p>\n<p>\u201cReport\u201d x\u0259b\u0259r verir ki, bunu D\u00f6vl\u0259t G\u00f6mr\u00fck Komit\u0259sinin (DGK) s\u0259dri \u015eahin Ba\u011f\u0131rov \u201cBeyn\u0259lxalq n\u0259qliyyat-logistika d\u0259hlizi: Z\u0259ngilandan inki\u015faf impulslar\u0131\u201d m\u00f6vzusunda beyn\u0259lxalq elmi-praktik konfransda deyib.<\/p>\n<p>\u201c\u00d6lk\u0259nin g\u00f6mr\u00fck s\u0259rh\u0259dl\u0259rind\u0259n ke\u00e7\u0259n mallar\u0131n v\u0259 n\u0259qliyyat vasit\u0259l\u0259rinin d\u00f6vriyy\u0259si \u00fczr\u0259 m\u00fc\u015fahid\u0259 olunan art\u0131ma cavab olaraq m\u00f6vcud d\u00f6vl\u0259t s\u0259rh\u0259dind\u0259n burax\u0131l\u0131\u015f m\u0259nt\u0259q\u0259l\u0259rinin yenid\u0259nqurulmas\u0131 v\u0259 m\u00fcasir t\u0259l\u0259bl\u0259r\u0259 cavab ver\u0259n infrastrukturun yarad\u0131lmas\u0131 m\u0259qs\u0259dil\u0259 t\u0259r\u0259fimizd\u0259n m\u00fcvafiq i\u015fl\u0259r apar\u0131l\u0131r\u201d, &#8211; \u015e.Ba\u011f\u0131rov bildirib.<\/p>\n<p>Onun s\u00f6zl\u0259rin\u0259 g\u00f6r\u0259, haz\u0131rda Astara\u00e7ay \u00e7ay\u0131 \u00fcz\u0259rind\u0259 yeni in\u015fa edilmi\u015f k\u00f6rp\u00fcn\u00fcn qar\u015f\u0131s\u0131nda avtomobil yolu \u00fcz\u0259rind\u0259 m\u00fcv\u0259qq\u0259ti modul tipli d\u00f6vl\u0259t s\u0259rh\u0259d-burax\u0131l\u0131\u015f m\u0259nt\u0259q\u0259sinin tikinti-qura\u015fd\u0131rma i\u015fl\u0259ri s\u00fcr\u0259tl\u0259 davam etdirilir v\u0259 q\u0131sa m\u00fcdd\u0259t \u0259rzind\u0259 i\u015fl\u0259rin tamamlanmas\u0131 planla\u015fd\u0131r\u0131l\u0131r.<\/p>\n<p>\u201cEyni zamanda Az\u0259rbaycan il\u0259 \u0130ran aras\u0131nda d\u00f6vl\u0259t s\u0259rh\u0259dind\u0259 Araz \u00e7ay\u0131 \u00fcz\u0259rind\u0259 Z\u0259ngilan rayonunun A\u011fb\u0259nd q\u0259s\u0259b\u0259sind\u0259 yeni avtomobil k\u00f6rp\u00fcs\u00fcn\u00fcn v\u0259 multifunksional d\u00f6vl\u0259t s\u0259rh\u0259dind\u0259n burax\u0131l\u0131\u015f m\u0259nt\u0259q\u0259sinin tikintisi il\u0259 \u0259laq\u0259dar layih\u0259l\u0259ndirm\u0259 i\u015fl\u0259ri apar\u0131l\u0131r\u201d, &#8211; DGK s\u0259dri \u0259lav\u0259 edib.<\/p>\n<p>O vur\u011fulay\u0131b ki, regionumuzda inki\u015faf etdirilm\u0259si vacib olan m\u00f6vcud v\u0259 yeni n\u0259qliyyat d\u0259hlizl\u0259rinin t\u0259\u015fviqi v\u0259 icras\u0131 istiqam\u0259tind\u0259 D\u00f6vl\u0259t G\u00f6mr\u00fck Komit\u0259si h\u0259m aidiyy\u0259ti d\u00f6vl\u0259t orqanlar\u0131, h\u0259m d\u0259 d\u0259hliz \u00fcz\u0259rind\u0259 yerl\u0259\u015f\u0259n \u00f6lk\u0259l\u0259rin m\u00fcvafiq qurumlar\u0131 il\u0259 s\u0131x \u0259m\u0259kda\u015fl\u0131q edir:<\/p>\n<p>\u201cBiz bu \u0259m\u0259kda\u015fl\u0131\u011f\u0131n t\u0259kc\u0259 \u00f6lk\u0259miz \u00fc\u00e7\u00fcn deyil, b\u00fct\u00fcn region d\u00f6vl\u0259tl\u0259rinin g\u0259l\u0259c\u0259k inki\u015faf\u0131 v\u0259 regional inteqrasiyan\u0131n g\u00fccl\u0259ndirilm\u0259si bax\u0131m\u0131ndan da vacib oldu\u011funu hesab edirik\u201d.<\/p>\n","protected":false},"excerpt":{"rendered":"<p>\u201cLa\u00e7\u0131n\u00a0rayonu \u0259razisind\u0259 d\u00f6vl\u0259t s\u0259rh\u0259dind\u0259 burax\u0131l\u0131\u015f m\u0259nt\u0259q\u0259sind\u0259 s\u0259rni\u015fin ke\u00e7idinin tikintisin\u0259 ba\u015flan\u0131l\u0131b\u201d. \u201cReport\u201d x\u0259b\u0259r verir ki, bunu D\u00f6vl\u0259t G\u00f6mr\u00fck Komit\u0259sinin (DGK) s\u0259dri \u015eahin Ba\u011f\u0131rov \u201cBeyn\u0259lxalq n\u0259qliyyat-logistika d\u0259hlizi: Z\u0259ngilandan inki\u015faf impulslar\u0131\u201d m\u00f6vzusunda beyn\u0259lxalq elmi-praktik konfransda deyib. \u201c\u00d6lk\u0259nin g\u00f6mr\u00fck s\u0259rh\u0259dl\u0259rind\u0259n ke\u00e7\u0259n mallar\u0131n v\u0259 n\u0259qliyyat vasit\u0259l\u0259rinin d\u00f6vriyy\u0259si \u00fczr\u0259 m\u00fc\u015fahid\u0259 olunan art\u0131ma cavab olaraq m\u00f6vcud d\u00f6vl\u0259t s\u0259rh\u0259dind\u0259n burax\u0131l\u0131\u015f m\u0259nt\u0259q\u0259l\u0259rinin yenid\u0259nqurulmas\u0131 v\u0259 m\u00fcasir t\u0259l\u0259bl\u0259r\u0259 cavab ver\u0259n infrastrukturun yarad\u0131lmas\u0131 m\u0259qs\u0259dil\u0259 t\u0259r\u0259fimizd\u0259n m\u00fcvafiq i\u015fl\u0259r apar\u0131l\u0131r\u201d, &#8211; \u015e.Ba\u011f\u0131rov bildirib. Onun s\u00f6zl\u0259rin\u0259 g\u00f6r\u0259, haz\u0131rda Astara\u00e7ay \u00e7ay\u0131 \u00fcz\u0259rind\u0259 yeni in\u015fa edilmi\u015f k\u00f6rp\u00fcn\u00fcn qar\u015f\u0131s\u0131nda avtomobil yolu \u00fcz\u0259rind\u0259 m\u00fcv\u0259qq\u0259ti modul tipli d\u00f6vl\u0259t s\u0259rh\u0259d-burax\u0131l\u0131\u015f m\u0259nt\u0259q\u0259sinin&hellip;<\/p>\n","protected":false},"author":2,"featured_media":506918,"comment_status":"closed","ping_status":"closed","sticky":false,"template":"","format":"standard","meta":{"om_disable_all_campaigns":false,"_monsterinsights_skip_tracking":false,"_monsterinsights_sitenote_active":false,"_monsterinsights_sitenote_note":"","_monsterinsights_sitenote_category":0},"categories":[1],"tags":[],"aioseo_notices":[],"gutentor_comment":0,"rttpg_featured_image_url":{"full":["https:\/\/arantv.az\/wp-content\/uploads\/2022\/08\/lacin.jpg",620,413,false],"landscape":["https:\/\/arantv.az\/wp-content\/uploads\/2022\/08\/lacin.jpg",620,413,false],"portraits":["https:\/\/arantv.az\/wp-content\/uploads\/2022\/08\/lacin.jpg",620,413,false],"thumbnail":["https:\/\/arantv.az\/wp-content\/uploads\/2022\/08\/lacin-500x280.jpg",500,280,true],"medium":["https:\/\/arantv.az\/wp-content\/uploads\/2022\/08\/lacin-548x365.jpg",548,365,true],"large":["https:\/\/arantv.az\/wp-content\/uploads\/2022\/08\/lacin.jpg",620,413,false],"1536x1536":["https:\/\/arantv.az\/wp-content\/uploads\/2022\/08\/lacin.jpg",620,413,false],"2048x2048":["https:\/\/arantv.az\/wp-content\/uploads\/2022\/08\/lacin.jpg",620,413,false],"post-thumbnail":["https:\/\/arantv.az\/wp-content\/uploads\/2022\/08\/lacin-240x172.jpg",240,172,true],"advps-thumb-one":["https:\/\/arantv.az\/wp-content\/uploads\/2022\/08\/lacin.jpg",620,413,false]},"rttpg_author":{"display_name":"V\u00fcsal Rafiqo\u011flu","author_link":"https:\/\/arantv.az\/?author=2"},"rttpg_comment":0,"rttpg_category":"<a href=\"https:\/\/arantv.az\/?cat=1\" rel=\"category\">C\u0259miyy\u0259t<\/a>","rttpg_excerpt":"\u201cLa\u00e7\u0131n\u00a0rayonu \u0259razisind\u0259 d\u00f6vl\u0259t s\u0259rh\u0259dind\u0259 burax\u0131l\u0131\u015f m\u0259nt\u0259q\u0259sind\u0259 s\u0259rni\u015fin ke\u00e7idinin tikintisin\u0259 ba\u015flan\u0131l\u0131b\u201d. \u201cReport\u201d x\u0259b\u0259r verir ki, bunu D\u00f6vl\u0259t G\u00f6mr\u00fck Komit\u0259sinin (DGK) s\u0259dri \u015eahin Ba\u011f\u0131rov \u201cBeyn\u0259lxalq n\u0259qliyyat-logistika d\u0259hlizi: Z\u0259ngilandan inki\u015faf impulslar\u0131\u201d m\u00f6vzusunda beyn\u0259lxalq elmi-praktik konfransda deyib. \u201c\u00d6lk\u0259nin g\u00f6mr\u00fck s\u0259rh\u0259dl\u0259rind\u0259n ke\u00e7\u0259n mallar\u0131n v\u0259 n\u0259qliyyat vasit\u0259l\u0259rinin d\u00f6vriyy\u0259si \u00fczr\u0259 m\u00fc\u015fahid\u0259 olunan art\u0131ma cavab olaraq m\u00f6vcud d\u00f6vl\u0259t s\u0259rh\u0259dind\u0259n burax\u0131l\u0131\u015f m\u0259nt\u0259q\u0259l\u0259rinin yenid\u0259nqurulmas\u0131 v\u0259&hellip;","_links":{"self":[{"href":"https:\/\/arantv.az\/index.php?rest_route=\/wp\/v2\/posts\/657157"}],"collection":[{"href":"https:\/\/arantv.az\/index.php?rest_route=\/wp\/v2\/posts"}],"about":[{"href":"https:\/\/arantv.az\/index.php?rest_route=\/wp\/v2\/types\/post"}],"author":[{"embeddable":true,"href":"https:\/\/arantv.az\/index.php?rest_route=\/wp\/v2\/users\/2"}],"replies":[{"embeddable":true,"href":"https:\/\/arantv.az\/index.php?rest_route=%2Fwp%2Fv2%2Fcomments&post=657157"}],"version-history":[{"count":0,"href":"https:\/\/arantv.az\/index.php?rest_route=\/wp\/v2\/posts\/657157\/revisions"}],"wp:featuredmedia":[{"embeddable":true,"href":"https:\/\/arantv.az\/index.php?rest_route=\/wp\/v2\/media\/506918"}],"wp:attachment":[{"href":"https:\/\/arantv.az\/index.php?rest_route=%2Fwp%2Fv2%2Fmedia&parent=657157"}],"wp:term":[{"taxonomy":"category","embeddable":true,"href":"https:\/\/arantv.az\/index.php?rest_route=%2Fwp%2Fv2%2Fcategories&post=657157"},{"taxonomy":"post_tag","embeddable":true,"href":"https:\/\/arantv.az\/index.php?rest_route=%2Fwp%2Fv2%2Ftags&post=657157"}],"curies":[{"name":"wp","href":"https:\/\/api.w.org\/{rel}","templated":true}]}}