{"id":657169,"date":"2023-11-16T15:43:47","date_gmt":"2023-11-16T11:43:47","guid":{"rendered":"https:\/\/arantv.az\/?p=657169"},"modified":"2023-11-16T15:43:47","modified_gmt":"2023-11-16T11:43:47","slug":"utan-abs-utan-s%c9%99rh","status":"publish","type":"post","link":"https:\/\/arantv.az\/?p=657169","title":{"rendered":"Utan, AB\u015e, utan! &#8211; \u015e\u018fRH"},"content":{"rendered":"<p>Noyabr\u0131n 15-d\u0259 AB\u015e Konqresinin N\u00fcmay\u0259nd\u0259l\u0259r Palatas\u0131nda \u201cDa\u011fl\u0131q Qaraba\u011f\u0131n g\u0259l\u0259c\u0259yi\u201d m\u00f6vzusunda dinl\u0259m\u0259l\u0259r ke\u00e7irilib.<\/p>\n<p>Dey\u0259s\u0259n, AB\u015e unudur ki, art\u0131q Da\u011fl\u0131q Qaraba\u011f adl\u0131 \u0259razi yoxdur. Uza\u011f\u0131, Qaraba\u011f\u0131n da\u011fl\u0131q \u0259razisi dey\u0259 bil\u0259rl\u0259r. O da \u00f6zl\u0259rind\u0259 c\u0259sar\u0259t tapsalar. R\u0259smi olaraq is\u0259 h\u0259min \u0259razi Qaraba\u011f iqtisadi rayonu adlan\u0131r. AB\u015e el\u0259 t\u0259s\u0259vv\u00fcr etsin ki, \u00f6z\u00fcn\u00fcn \u015ftat\u0131n\u0131n ad\u0131 v\u0259 inzibati vahidini t\u0259hrif ed\u0259n ifad\u0259 i\u015fl\u0259nir. Xo\u015funa g\u0259l\u0259rmi? Yox. Amma ba\u015fqas\u0131na qar\u015f\u0131 \u0259dal\u0259tsiz davranmaq AB\u015e-nin siyas\u0259tinin ana x\u0259ttin\u0259 \u00e7evrilib.<\/p>\n<p>Bir AB\u015e-dir, bir d\u0259 Fransa, bunlar g\u00fccl\u00fc, suveren, m\u00fcst\u0259qil Az\u0259rbaycan d\u00f6vl\u0259tini q\u0259bul ed\u0259 bilmirl\u0259r. G\u00f6z\u00fcm\u00fcz ayd\u0131n, gedib su i\u00e7sinl\u0259r. Onsuz da, Az\u0259rbaycan ist\u0259dikl\u0259rini \u0259ld\u0259 edib v\u0259 bu proses davam ed\u0259c\u0259k. AB\u015e il\u0259 Fransa n\u0259 d\u00fc\u015f\u00fcn\u00fcrl\u0259rs\u0259-d\u00fc\u015f\u00fcns\u00fcnl\u0259r, bunun he\u00e7 bir \u0259h\u0259miyy\u0259ti yoxdur.<\/p>\n<p>El\u0259 dey\u0259s\u0259n, bud\u0259f\u0259ki \u00e7\u00fcr\u00fck dinl\u0259m\u0259l\u0259r d\u0259 AB\u015e il\u0259 Fransan\u0131n birg\u0259 i\u015fidir. Qeyd ed\u0259k ki, dinl\u0259m\u0259l\u0259rin ke\u00e7irilm\u0259sin\u0259 \u0259n \u00e7ox d\u0259st\u0259k ver\u0259n AB\u015e-d\u0259ki erm\u0259ni lobbisi olub. Fransa da erm\u0259ni lobbisinin t\u0259siri alt\u0131nda olan bir d\u00f6vl\u0259tdir. AB\u015e v\u0259 Fransa &#8211; bu da onlar\u0131 birl\u0259\u015fdir\u0259n ba\u015fqa bir erm\u0259ni d\u0259y\u0259ri.<\/p>\n<p>Onu da bildir\u0259k ki, t\u0259dbirin t\u0259\u015fkilat\u00e7\u0131s\u0131 Konqresin Avropa m\u0259s\u0259l\u0259l\u0259ri \u00fczr\u0259 altkomit\u0259sinin s\u0259dri Tomas Kindir. O, bundan \u0259vv\u0259l Erm\u0259nistan\u0131n AB\u015e-d\u0259ki s\u0259firi Lilit Makuns il\u0259 g\u00f6r\u00fc\u015f\u00fcb.<\/p>\n<p>G\u00f6r\u00fcn\u00fcr ki, AB\u015e bel\u0259 dinl\u0259m\u0259l\u0259rl\u0259 Az\u0259rbaycan\u0131n \u00fcz\u0259rin\u0259 \u00f6hd\u0259lik qoyma\u011fa \u00e7al\u0131\u015f\u0131r. \u018fb\u0259sdir.<\/p>\n<p>Birincisi, Az\u0259rbaycan\u0131n n\u0259 AB\u015e, n\u0259 d\u0259 onun Konqresi qar\u015f\u0131s\u0131nda \u00f6hd\u0259liyi var. \u0130kincisi, AB\u015e d\u0259 daxil olmaqla he\u00e7 bir \u00f6lk\u0259 Az\u0259rbaycanla t\u0259zyiq dili il\u0259 dan\u0131\u015fa bilm\u0259z.<\/p>\n<p>\u00dc\u00e7\u00fcnc\u00fcs\u00fc, AB\u015e anlamal\u0131d\u0131r ki, Az\u0259rbaycan olmadan n\u0259 C\u0259nubi Qafqazda, n\u0259 d\u0259 M\u0259rk\u0259zi Asiyada siyas\u0259ti olacaq.<\/p>\n<p>Bu da bir yana. G\u00f6r\u0259s\u0259n, AB\u015e \u00f6z daxilind\u0259ki qalaqlanm\u0131\u015f probleml\u0259ri yada sal\u0131rm\u0131? Yox. Amma bir t\u00f6vsiy\u0259: Yax\u015f\u0131 olar ki, Konqres AB\u015e-nin g\u00fcnb\u0259g\u00fcn artan d\u00f6vl\u0259t borcundan ba\u015flayaraq irqi ayr\u0131-se\u00e7kilik, polis zorak\u0131l\u0131\u011f\u0131, kriminal\u0131n ba\u015f al\u0131b getm\u0259si v\u0259 dig\u0259r \u00e7oxsayl\u0131 daxili probleml\u0259ri il\u0259 m\u0259\u015f\u011ful olsun. Olmursa, ba\u015fqalar\u0131n\u0131n i\u015fin\u0259 d\u0259 burun soxmas\u0131n.<\/p>\n<p>Yox, burnunu soxma\u011fa davam ets\u0259, \u00f6z\u00fcn\u00fcn riyakarl\u0131qlar\u0131 b\u00fct\u00fcn \u00e7\u0131lpaql\u0131qlar\u0131 il\u0259 \u00fcz\u0259 \u00e7\u0131xacaq. Ona g\u00f6r\u0259 bu fikri deyirik ki, AB\u015e d\u00fcnyan\u0131n m\u00fcxt\u0259lif b\u00f6lg\u0259l\u0259rind\u0259 ba\u015f ver\u0259n siyasi kataklizml\u0259r, m\u00fcharib\u0259l\u0259r, d\u00f6vl\u0259t \u00e7evrili\u015fl\u0259ri, v\u0259t\u0259nda\u015f m\u00fcharib\u0259l\u0259rinin m\u00fc\u0259llifi olub.<\/p>\n<p>Bildir\u0259k ki, 20 il \u018ffqan\u0131stan\u0131 i\u015f\u011fal alt\u0131nda saxlayan AB\u015e bu \u00f6lk\u0259d\u0259 bir d\u0259n\u0259 d\u0259 olsun obyekt tikm\u0259di, yol salmad\u0131, amma bu ill\u0259r \u0259rzind\u0259 b\u00fct\u00fcn \u00f6lk\u0259ni narkotik plantasiyas\u0131na \u00e7evirdi. Son m\u0259lumatlara g\u00f6r\u0259, AB\u015e \u018ffqan\u0131stan\u0131 t\u0259rk etdikd\u0259n sonra bu \u00f6lk\u0259d\u0259 narkotik plantasiyalar\u0131n\u0131n h\u0259cmi 20 d\u0259f\u0259d\u0259n \u00e7ox azal\u0131b.<\/p>\n<p>Bu g\u00fcn is\u0259 AB\u015e Q\u0259zzada ba\u015f ver\u0259nl\u0259rin ssenari m\u00fc\u0259llifi qismind\u0259dir. Onu da unutmaq laz\u0131m deyil ki, Rusiya-Ukrayna qar\u015f\u0131durmas\u0131n\u0131 alovland\u0131ran v\u0259 bu alovu s\u00f6nm\u0259y\u0259 qoymayan da m\u0259hz AB\u015e-dir. AB\u015e-nin say\u0259sind\u0259 Ukrayna d\u00f6vl\u0259t kimi m\u0259hv olmaq t\u0259hl\u00fck\u0259si il\u0259 \u00fcz-\u00fcz\u0259dir.<\/p>\n<p>Q\u0131sas\u0131, d\u00fcnyan\u0131 qana b\u00fcr\u00fcy\u0259n AB\u015e indi d\u0259 Az\u0259rbaycan\u0131 h\u0259d\u0259f\u0259 al\u0131r. Amma o, he\u00e7 zaman ist\u0259diyin\u0259 nail olmayacaq.<\/p>\n<p>Postsovet m\u0259kan\u0131, C\u0259nubi Qafqazda ba\u015f vermi\u015f v\u0259 h\u0259l\u0259 d\u0259 davam ed\u0259n siyasi kataklizml\u0259rin \u0259n b\u00f6y\u00fck s\u0259b\u0259bkar\u0131 el\u0259 AB\u015e-dir.<\/p>\n<p>AB\u015e bir d\u0259f\u0259 d\u0259 olsun Erm\u0259nistan\u0131 q\u0131namad\u0131, BMT T\u015e-nin m\u0259lum d\u00f6rd q\u0259tnam\u0259sinin icras\u0131 istiqam\u0259tind\u0259 add\u0131m atmad\u0131. Amma 1992-ci ild\u0259 Az\u0259rbaycana qar\u015f\u0131 \u201c907-ci d\u00fcz\u0259li\u015f\u201di q\u0259bul etdi. Az\u0259rbaycan xalq\u0131 bu riyakarl\u0131\u011f\u0131 unutmay\u0131b v\u0259 unutmayacaq. Utan, AB\u015e, utan! Bu r\u0259zillikl\u0259rl\u0259 nec\u0259 s\u0259n insan h\u00fcquqlar\u0131ndan dan\u0131\u015f\u0131rsan?<\/p>\n<p>Yeri g\u0259lmi\u015fk\u0259n, Konqresd\u0259 \u00e7\u0131x\u0131\u015f ed\u0259nl\u0259r bildirirl\u0259r ki, AB\u015e Az\u0259rbaycana yard\u0131m etm\u0259y\u0259c\u0259k. Az\u0259rbaycan\u0131n he\u00e7 bir \u00f6lk\u0259nin yard\u0131m\u0131na ehtiyac\u0131 yoxdur. AB\u015e-nin yard\u0131m dediyi s\u00f6z\u00fcn \u0259sl m\u0259nas\u0131nda yald\u0131r ki, onu da Erm\u0259nistana verm\u0259si m\u0259sl\u0259h\u0259t g\u00f6r\u00fcl\u00fcr.<\/p>\n","protected":false},"excerpt":{"rendered":"<p>Noyabr\u0131n 15-d\u0259 AB\u015e Konqresinin N\u00fcmay\u0259nd\u0259l\u0259r Palatas\u0131nda \u201cDa\u011fl\u0131q Qaraba\u011f\u0131n g\u0259l\u0259c\u0259yi\u201d m\u00f6vzusunda dinl\u0259m\u0259l\u0259r ke\u00e7irilib. Dey\u0259s\u0259n, AB\u015e unudur ki, art\u0131q Da\u011fl\u0131q Qaraba\u011f adl\u0131 \u0259razi yoxdur. Uza\u011f\u0131, Qaraba\u011f\u0131n da\u011fl\u0131q \u0259razisi dey\u0259 bil\u0259rl\u0259r. O da \u00f6zl\u0259rind\u0259 c\u0259sar\u0259t tapsalar. R\u0259smi olaraq is\u0259 h\u0259min \u0259razi Qaraba\u011f iqtisadi rayonu adlan\u0131r. AB\u015e el\u0259 t\u0259s\u0259vv\u00fcr etsin ki, \u00f6z\u00fcn\u00fcn \u015ftat\u0131n\u0131n ad\u0131 v\u0259 inzibati vahidini t\u0259hrif ed\u0259n ifad\u0259 i\u015fl\u0259nir. Xo\u015funa g\u0259l\u0259rmi? Yox. Amma ba\u015fqas\u0131na qar\u015f\u0131 \u0259dal\u0259tsiz davranmaq AB\u015e-nin siyas\u0259tinin ana x\u0259ttin\u0259 \u00e7evrilib. Bir AB\u015e-dir, bir d\u0259 Fransa, bunlar g\u00fccl\u00fc, suveren, m\u00fcst\u0259qil Az\u0259rbaycan d\u00f6vl\u0259tini q\u0259bul ed\u0259 bilmirl\u0259r. G\u00f6z\u00fcm\u00fcz ayd\u0131n, gedib su i\u00e7sinl\u0259r. Onsuz&hellip;<\/p>\n","protected":false},"author":2,"featured_media":657170,"comment_status":"closed","ping_status":"closed","sticky":false,"template":"","format":"standard","meta":{"om_disable_all_campaigns":false,"_monsterinsights_skip_tracking":false,"_monsterinsights_sitenote_active":false,"_monsterinsights_sitenote_note":"","_monsterinsights_sitenote_category":0},"categories":[4],"tags":[],"aioseo_notices":[],"gutentor_comment":0,"rttpg_featured_image_url":{"full":["https:\/\/arantv.az\/wp-content\/uploads\/2023\/11\/gettyimages-83951850.jpg",620,413,false],"landscape":["https:\/\/arantv.az\/wp-content\/uploads\/2023\/11\/gettyimages-83951850.jpg",620,413,false],"portraits":["https:\/\/arantv.az\/wp-content\/uploads\/2023\/11\/gettyimages-83951850.jpg",620,413,false],"thumbnail":["https:\/\/arantv.az\/wp-content\/uploads\/2023\/11\/gettyimages-83951850-500x280.jpg",500,280,true],"medium":["https:\/\/arantv.az\/wp-content\/uploads\/2023\/11\/gettyimages-83951850-548x365.jpg",548,365,true],"large":["https:\/\/arantv.az\/wp-content\/uploads\/2023\/11\/gettyimages-83951850.jpg",620,413,false],"1536x1536":["https:\/\/arantv.az\/wp-content\/uploads\/2023\/11\/gettyimages-83951850.jpg",620,413,false],"2048x2048":["https:\/\/arantv.az\/wp-content\/uploads\/2023\/11\/gettyimages-83951850.jpg",620,413,false],"post-thumbnail":["https:\/\/arantv.az\/wp-content\/uploads\/2023\/11\/gettyimages-83951850-240x172.jpg",240,172,true],"advps-thumb-one":["https:\/\/arantv.az\/wp-content\/uploads\/2023\/11\/gettyimages-83951850.jpg",620,413,false]},"rttpg_author":{"display_name":"V\u00fcsal Rafiqo\u011flu","author_link":"https:\/\/arantv.az\/?author=2"},"rttpg_comment":0,"rttpg_category":"<a href=\"https:\/\/arantv.az\/?cat=4\" rel=\"category\">Siyas\u0259t<\/a>","rttpg_excerpt":"Noyabr\u0131n 15-d\u0259 AB\u015e Konqresinin N\u00fcmay\u0259nd\u0259l\u0259r Palatas\u0131nda \u201cDa\u011fl\u0131q Qaraba\u011f\u0131n g\u0259l\u0259c\u0259yi\u201d m\u00f6vzusunda dinl\u0259m\u0259l\u0259r ke\u00e7irilib. Dey\u0259s\u0259n, AB\u015e unudur ki, art\u0131q Da\u011fl\u0131q Qaraba\u011f adl\u0131 \u0259razi yoxdur. Uza\u011f\u0131, Qaraba\u011f\u0131n da\u011fl\u0131q \u0259razisi dey\u0259 bil\u0259rl\u0259r. O da \u00f6zl\u0259rind\u0259 c\u0259sar\u0259t tapsalar. R\u0259smi olaraq is\u0259 h\u0259min \u0259razi Qaraba\u011f iqtisadi rayonu adlan\u0131r. AB\u015e el\u0259 t\u0259s\u0259vv\u00fcr etsin ki, \u00f6z\u00fcn\u00fcn \u015ftat\u0131n\u0131n ad\u0131 v\u0259 inzibati vahidini t\u0259hrif ed\u0259n&hellip;","_links":{"self":[{"href":"https:\/\/arantv.az\/index.php?rest_route=\/wp\/v2\/posts\/657169"}],"collection":[{"href":"https:\/\/arantv.az\/index.php?rest_route=\/wp\/v2\/posts"}],"about":[{"href":"https:\/\/arantv.az\/index.php?rest_route=\/wp\/v2\/types\/post"}],"author":[{"embeddable":true,"href":"https:\/\/arantv.az\/index.php?rest_route=\/wp\/v2\/users\/2"}],"replies":[{"embeddable":true,"href":"https:\/\/arantv.az\/index.php?rest_route=%2Fwp%2Fv2%2Fcomments&post=657169"}],"version-history":[{"count":0,"href":"https:\/\/arantv.az\/index.php?rest_route=\/wp\/v2\/posts\/657169\/revisions"}],"wp:featuredmedia":[{"embeddable":true,"href":"https:\/\/arantv.az\/index.php?rest_route=\/wp\/v2\/media\/657170"}],"wp:attachment":[{"href":"https:\/\/arantv.az\/index.php?rest_route=%2Fwp%2Fv2%2Fmedia&parent=657169"}],"wp:term":[{"taxonomy":"category","embeddable":true,"href":"https:\/\/arantv.az\/index.php?rest_route=%2Fwp%2Fv2%2Fcategories&post=657169"},{"taxonomy":"post_tag","embeddable":true,"href":"https:\/\/arantv.az\/index.php?rest_route=%2Fwp%2Fv2%2Ftags&post=657169"}],"curies":[{"name":"wp","href":"https:\/\/api.w.org\/{rel}","templated":true}]}}